{"id":684759,"date":"2025-04-11T07:09:32","date_gmt":"2025-04-11T07:09:32","guid":{"rendered":"https:\/\/www.fanpage.it\/napoli\/?p=413693"},"modified":"2025-04-11T07:09:32","modified_gmt":"2025-04-11T07:09:32","slug":"cosi-parlo-luciano-de-crescenzo-il-podcast-per-ricordare-il-maestro-a-6-anni-dalla-scomparsa","status":"publish","type":"post","link":"https:\/\/nugnes.com\/?p=684759","title":{"rendered":"&#8220;Cos\u00ec parl\u00f2 Luciano De Crescenzo&#8221;: il podcast per ricordare il maestro a 6 anni dalla scomparsa"},"content":{"rendered":"<img src=\"https:\/\/staticfanpage.akamaized.net\/wp-content\/uploads\/sites\/30\/2025\/04\/Luciano-De-Crescenzo-300x225.jpeg\" \/><br \/>Scritto e narrato da Luigi Di Dieco, il podcast vedr\u00e0 la partecipazione di alcuni familiari, amici e colleghi del maestro autore di \"Cos\u00ec parl\u00f2 Bellavista\"<br \/><a href=\"https:\/\/www.fanpage.it\/napoli\/cosi-parlo-luciano-de-crescenzo-il-podcast-per-ricordare-il-maestro-a-6-anni-dalla-scomparsa\/\">Continua a leggere<\/a>","protected":false},"excerpt":{"rendered":"<p>Scritto e narrato da Luigi Di Dieco, il podcast vedr\u00e0 la partecipazione di alcuni familiari, amici e colleghi del maestro autore di &#8220;Cos\u00ec parl\u00f2 Bellavista&#8221;Continua a leggere<\/p>\n","protected":false},"author":692,"featured_media":0,"comment_status":"closed","ping_status":"closed","sticky":false,"template":"","format":"standard","meta":{"om_disable_all_campaigns":false,"_monsterinsights_skip_tracking":false,"_monsterinsights_sitenote_active":false,"_monsterinsights_sitenote_note":"","_monsterinsights_sitenote_category":0,"footnotes":""},"categories":[745,1138],"tags":[],"class_list":["post-684759","post","type-post","status-publish","format-standard","hentry","category-attualita","category-cultura-e-tradizioni"],"aioseo_notices":[],"_links":{"self":[{"href":"https:\/\/nugnes.com\/index.php?rest_route=\/wp\/v2\/posts\/684759","targetHints":{"allow":["GET"]}}],"collection":[{"href":"https:\/\/nugnes.com\/index.php?rest_route=\/wp\/v2\/posts"}],"about":[{"href":"https:\/\/nugnes.com\/index.php?rest_route=\/wp\/v2\/types\/post"}],"author":[{"embeddable":true,"href":"https:\/\/nugnes.com\/index.php?rest_route=\/wp\/v2\/users\/692"}],"replies":[{"embeddable":true,"href":"https:\/\/nugnes.com\/index.php?rest_route=%2Fwp%2Fv2%2Fcomments&post=684759"}],"version-history":[{"count":1,"href":"https:\/\/nugnes.com\/index.php?rest_route=\/wp\/v2\/posts\/684759\/revisions"}],"predecessor-version":[{"id":684760,"href":"https:\/\/nugnes.com\/index.php?rest_route=\/wp\/v2\/posts\/684759\/revisions\/684760"}],"wp:attachment":[{"href":"https:\/\/nugnes.com\/index.php?rest_route=%2Fwp%2Fv2%2Fmedia&parent=684759"}],"wp:term":[{"taxonomy":"category","embeddable":true,"href":"https:\/\/nugnes.com\/index.php?rest_route=%2Fwp%2Fv2%2Fcategories&post=684759"},{"taxonomy":"post_tag","embeddable":true,"href":"https:\/\/nugnes.com\/index.php?rest_route=%2Fwp%2Fv2%2Ftags&post=684759"}],"curies":[{"name":"wp","href":"https:\/\/api.w.org\/{rel}","templated":true}]}}