{"id":684902,"date":"2025-04-11T10:13:06","date_gmt":"2025-04-11T10:13:06","guid":{"rendered":"https:\/\/www.fanpage.it\/sport\/?p=2213556"},"modified":"2025-04-11T10:13:06","modified_gmt":"2025-04-11T10:13:06","slug":"verstappen-reagisce-ai-sospetti-sullala-flessibile-della-mclaren-lo-vedo-io-lo-vedono-tutti","status":"publish","type":"post","link":"https:\/\/nugnes.com\/?p=684902","title":{"rendered":"Verstappen reagisce ai sospetti sull&#8217;ala flessibile della McLaren: &#8220;Lo vedo io, lo vedono tutti&#8221;"},"content":{"rendered":"<img src=\"https:\/\/staticfanpage.akamaized.net\/wp-content\/uploads\/sites\/27\/2025\/04\/verstappen-ala-mclaren-01-300x225.jpg\" \/><br \/>Il video condiviso sui social da Jos Verstappen, padre di Max, ha rinfocolato la polemica nella settimana del Gran Premio in Bahrain. Perch\u00e9 la FIA non \u00e8 intervenuta finora? La risposta \u00e8 duplice.<br \/><a href=\"https:\/\/www.fanpage.it\/sport\/motori\/verstappen-reagisce-ai-sospetti-sullala-flessibile-della-mclaren-lo-vedo-io-lo-vedono-tutti\/\">Continua a leggere<\/a>","protected":false},"excerpt":{"rendered":"<p>Il video condiviso sui social da Jos Verstappen, padre di Max, ha rinfocolato la polemica nella settimana del Gran Premio in Bahrain. Perch\u00e9 la FIA non \u00e8 intervenuta finora? La risposta \u00e8 duplice.Continua a leggere<\/p>\n","protected":false},"author":100,"featured_media":0,"comment_status":"closed","ping_status":"closed","sticky":false,"template":"","format":"standard","meta":{"om_disable_all_campaigns":false,"_monsterinsights_skip_tracking":false,"_monsterinsights_sitenote_active":false,"_monsterinsights_sitenote_note":"","_monsterinsights_sitenote_category":0,"footnotes":""},"categories":[530,318,743],"tags":[],"class_list":["post-684902","post","type-post","status-publish","format-standard","hentry","category-formula-1","category-motori","category-notizie"],"aioseo_notices":[],"_links":{"self":[{"href":"https:\/\/nugnes.com\/index.php?rest_route=\/wp\/v2\/posts\/684902","targetHints":{"allow":["GET"]}}],"collection":[{"href":"https:\/\/nugnes.com\/index.php?rest_route=\/wp\/v2\/posts"}],"about":[{"href":"https:\/\/nugnes.com\/index.php?rest_route=\/wp\/v2\/types\/post"}],"author":[{"embeddable":true,"href":"https:\/\/nugnes.com\/index.php?rest_route=\/wp\/v2\/users\/100"}],"replies":[{"embeddable":true,"href":"https:\/\/nugnes.com\/index.php?rest_route=%2Fwp%2Fv2%2Fcomments&post=684902"}],"version-history":[{"count":1,"href":"https:\/\/nugnes.com\/index.php?rest_route=\/wp\/v2\/posts\/684902\/revisions"}],"predecessor-version":[{"id":684903,"href":"https:\/\/nugnes.com\/index.php?rest_route=\/wp\/v2\/posts\/684902\/revisions\/684903"}],"wp:attachment":[{"href":"https:\/\/nugnes.com\/index.php?rest_route=%2Fwp%2Fv2%2Fmedia&parent=684902"}],"wp:term":[{"taxonomy":"category","embeddable":true,"href":"https:\/\/nugnes.com\/index.php?rest_route=%2Fwp%2Fv2%2Fcategories&post=684902"},{"taxonomy":"post_tag","embeddable":true,"href":"https:\/\/nugnes.com\/index.php?rest_route=%2Fwp%2Fv2%2Ftags&post=684902"}],"curies":[{"name":"wp","href":"https:\/\/api.w.org\/{rel}","templated":true}]}}