{"id":688354,"date":"2025-04-16T19:02:56","date_gmt":"2025-04-16T19:02:56","guid":{"rendered":"https:\/\/www.fanpage.it\/roma\/?p=756261"},"modified":"2025-04-16T19:02:56","modified_gmt":"2025-04-16T19:02:56","slug":"va-a-scuola-parcheggia-lauto-e-scompare-nel-nulla-a-roma-si-cerca-la-15enne-maria-sara-dicu","status":"publish","type":"post","link":"https:\/\/nugnes.com\/?p=688354","title":{"rendered":"Va a scuola, parcheggia l&#8217;auto e scompare nel nulla a Roma: si cerca la 15enne Maria Sara Dicu"},"content":{"rendered":"<img src=\"https:\/\/staticfanpage.akamaized.net\/wp-content\/uploads\/sites\/28\/2025\/04\/ragazzina-scomparsa-300x225.jpg\" \/><br \/>Maria Sara Dicu \u00e8 scomparsa questa mattina da Roma. Ha parcheggiato la sua minicar a scuola, poi \u00e8 scomparsa nel nulla: \"Aiutateci a ritrovarla\", \u00e8 l'appello della madre.<br \/><a href=\"https:\/\/www.fanpage.it\/roma\/va-a-scuola-parcheggia-lauto-e-scompare-nel-nulla-a-roma-si-cerca-la-15enne-maria-sara-dicu\/\">Continua a leggere<\/a>","protected":false},"excerpt":{"rendered":"<p>Maria Sara Dicu \u00e8 scomparsa questa mattina da Roma. Ha parcheggiato la sua minicar a scuola, poi \u00e8 scomparsa nel nulla: &#8220;Aiutateci a ritrovarla&#8221;, \u00e8 l&#8217;appello della madre.Continua a leggere<\/p>\n","protected":false},"author":287,"featured_media":0,"comment_status":"closed","ping_status":"closed","sticky":false,"template":"","format":"standard","meta":{"om_disable_all_campaigns":false,"_monsterinsights_skip_tracking":false,"_monsterinsights_sitenote_active":false,"_monsterinsights_sitenote_note":"","_monsterinsights_sitenote_category":0,"footnotes":""},"categories":[10,830],"tags":[],"class_list":["post-688354","post","type-post","status-publish","format-standard","hentry","category-cronaca","category-persone-scomparse"],"aioseo_notices":[],"_links":{"self":[{"href":"https:\/\/nugnes.com\/index.php?rest_route=\/wp\/v2\/posts\/688354","targetHints":{"allow":["GET"]}}],"collection":[{"href":"https:\/\/nugnes.com\/index.php?rest_route=\/wp\/v2\/posts"}],"about":[{"href":"https:\/\/nugnes.com\/index.php?rest_route=\/wp\/v2\/types\/post"}],"author":[{"embeddable":true,"href":"https:\/\/nugnes.com\/index.php?rest_route=\/wp\/v2\/users\/287"}],"replies":[{"embeddable":true,"href":"https:\/\/nugnes.com\/index.php?rest_route=%2Fwp%2Fv2%2Fcomments&post=688354"}],"version-history":[{"count":3,"href":"https:\/\/nugnes.com\/index.php?rest_route=\/wp\/v2\/posts\/688354\/revisions"}],"predecessor-version":[{"id":688442,"href":"https:\/\/nugnes.com\/index.php?rest_route=\/wp\/v2\/posts\/688354\/revisions\/688442"}],"wp:attachment":[{"href":"https:\/\/nugnes.com\/index.php?rest_route=%2Fwp%2Fv2%2Fmedia&parent=688354"}],"wp:term":[{"taxonomy":"category","embeddable":true,"href":"https:\/\/nugnes.com\/index.php?rest_route=%2Fwp%2Fv2%2Fcategories&post=688354"},{"taxonomy":"post_tag","embeddable":true,"href":"https:\/\/nugnes.com\/index.php?rest_route=%2Fwp%2Fv2%2Ftags&post=688354"}],"curies":[{"name":"wp","href":"https:\/\/api.w.org\/{rel}","templated":true}]}}