{"id":688476,"date":"2025-04-17T05:51:34","date_gmt":"2025-04-17T05:51:34","guid":{"rendered":"https:\/\/www.fanpage.it\/stile-e-trend\/?p=240700"},"modified":"2025-04-17T05:51:34","modified_gmt":"2025-04-17T05:51:34","slug":"ilary-blasi-ha-una-nuova-borsa-griffata-costa-quasi-6mila-euro-e-si-abbina-al-mollettone","status":"publish","type":"post","link":"https:\/\/nugnes.com\/?p=688476","title":{"rendered":"Ilary Blasi ha una nuova borsa griffata: costa quasi 6mila euro e si abbina al mollettone"},"content":{"rendered":"<img src=\"https:\/\/staticfanpage.akamaized.net\/wp-content\/uploads\/sites\/33\/2025\/04\/ilary-blasi-nuova-borsa-chanel-bordeaux-300x225.jpg\" \/><br \/>Ilary Blasi \u00e8 molto attiva sui social ed \u00e8 proprio l\u00ec che di recente ha mostrato la nuova borsa entrata a far parte della sua collezione: ecco chi l'ha firmata e quanto costa.<br \/><a href=\"https:\/\/www.fanpage.it\/stile-e-trend\/moda\/ilary-blasi-ha-una-nuova-borsa-griffata-costa-quasi-6mila-euro-e-si-abbina-al-mollettone\/\">Continua a leggere<\/a>","protected":false},"excerpt":{"rendered":"<p>Ilary Blasi \u00e8 molto attiva sui social ed \u00e8 proprio l\u00ec che di recente ha mostrato la nuova borsa entrata a far parte della sua collezione: ecco chi l&#8217;ha firmata e quanto costa.Continua a leggere<\/p>\n","protected":false},"author":127,"featured_media":0,"comment_status":"closed","ping_status":"closed","sticky":false,"template":"","format":"standard","meta":{"om_disable_all_campaigns":false,"_monsterinsights_skip_tracking":false,"_monsterinsights_sitenote_active":false,"_monsterinsights_sitenote_note":"","_monsterinsights_sitenote_category":0,"footnotes":""},"categories":[799,1388],"tags":[],"class_list":["post-688476","post","type-post","status-publish","format-standard","hentry","category-look-da-star","category-moda-e-lifestyle"],"aioseo_notices":[],"_links":{"self":[{"href":"https:\/\/nugnes.com\/index.php?rest_route=\/wp\/v2\/posts\/688476","targetHints":{"allow":["GET"]}}],"collection":[{"href":"https:\/\/nugnes.com\/index.php?rest_route=\/wp\/v2\/posts"}],"about":[{"href":"https:\/\/nugnes.com\/index.php?rest_route=\/wp\/v2\/types\/post"}],"author":[{"embeddable":true,"href":"https:\/\/nugnes.com\/index.php?rest_route=\/wp\/v2\/users\/127"}],"replies":[{"embeddable":true,"href":"https:\/\/nugnes.com\/index.php?rest_route=%2Fwp%2Fv2%2Fcomments&post=688476"}],"version-history":[{"count":1,"href":"https:\/\/nugnes.com\/index.php?rest_route=\/wp\/v2\/posts\/688476\/revisions"}],"predecessor-version":[{"id":688478,"href":"https:\/\/nugnes.com\/index.php?rest_route=\/wp\/v2\/posts\/688476\/revisions\/688478"}],"wp:attachment":[{"href":"https:\/\/nugnes.com\/index.php?rest_route=%2Fwp%2Fv2%2Fmedia&parent=688476"}],"wp:term":[{"taxonomy":"category","embeddable":true,"href":"https:\/\/nugnes.com\/index.php?rest_route=%2Fwp%2Fv2%2Fcategories&post=688476"},{"taxonomy":"post_tag","embeddable":true,"href":"https:\/\/nugnes.com\/index.php?rest_route=%2Fwp%2Fv2%2Ftags&post=688476"}],"curies":[{"name":"wp","href":"https:\/\/api.w.org\/{rel}","templated":true}]}}