{"id":691582,"date":"2025-04-22T11:15:44","date_gmt":"2025-04-22T11:15:44","guid":{"rendered":"https:\/\/www.fanpage.it\/?p=2321992"},"modified":"2025-04-22T11:15:44","modified_gmt":"2025-04-22T11:15:44","slug":"matteo-viola-e-scomparso-a-trento-il-giorno-di-pasqua-lappello-della-sorella-aiutateci-a-trovarlo","status":"publish","type":"post","link":"https:\/\/nugnes.com\/?p=691582","title":{"rendered":"Matteo Viola \u00e8 scomparso a Trento il giorno di Pasqua, l&#8217;appello della sorella: &#8220;Aiutateci a trovarlo&#8221;"},"content":{"rendered":"<img src=\"https:\/\/staticfanpage.akamaized.net\/wp-content\/uploads\/2025\/04\/matteo-scomparso-trento-300x225.jpeg\" \/><br \/>Matteo Viola, 16 anni, \u00e8 scomparso a Trento il 20 aprile, giorno di Pasqua. La sorella ha lanciato un appello sui social, sottolineando che il giovane non ha soldi con s\u00e9 e che ogni tentativo di contatto \u00e8 stato vano. Chiunque abbia notizie \u00e8 pregato di contattare le forze dell'ordine o la madre, Paola Nicolussi.<br \/><a href=\"https:\/\/www.fanpage.it\/attualita\/matteo-viola-e-scomparso-a-trento-il-giorno-di-pasqua-lappello-della-sorella-aiutateci-a-trovarlo\/\">Continua a leggere<\/a>","protected":false},"excerpt":{"rendered":"<p>Matteo Viola, 16 anni, \u00e8 scomparso a Trento il 20 aprile, giorno di Pasqua. La sorella ha lanciato un appello sui social, sottolineando che il giovane non ha soldi con s\u00e9 e che ogni tentativo di contatto \u00e8 stato vano. Chiunque abbia notizie \u00e8 pregato d&#8230;<\/p>\n","protected":false},"author":93,"featured_media":0,"comment_status":"closed","ping_status":"closed","sticky":false,"template":"","format":"standard","meta":{"om_disable_all_campaigns":false,"_monsterinsights_skip_tracking":false,"_monsterinsights_sitenote_active":false,"_monsterinsights_sitenote_note":"","_monsterinsights_sitenote_category":0,"footnotes":""},"categories":[745,830],"tags":[],"class_list":["post-691582","post","type-post","status-publish","format-standard","hentry","category-attualita","category-persone-scomparse"],"aioseo_notices":[],"_links":{"self":[{"href":"https:\/\/nugnes.com\/index.php?rest_route=\/wp\/v2\/posts\/691582","targetHints":{"allow":["GET"]}}],"collection":[{"href":"https:\/\/nugnes.com\/index.php?rest_route=\/wp\/v2\/posts"}],"about":[{"href":"https:\/\/nugnes.com\/index.php?rest_route=\/wp\/v2\/types\/post"}],"author":[{"embeddable":true,"href":"https:\/\/nugnes.com\/index.php?rest_route=\/wp\/v2\/users\/93"}],"replies":[{"embeddable":true,"href":"https:\/\/nugnes.com\/index.php?rest_route=%2Fwp%2Fv2%2Fcomments&post=691582"}],"version-history":[{"count":2,"href":"https:\/\/nugnes.com\/index.php?rest_route=\/wp\/v2\/posts\/691582\/revisions"}],"predecessor-version":[{"id":691689,"href":"https:\/\/nugnes.com\/index.php?rest_route=\/wp\/v2\/posts\/691582\/revisions\/691689"}],"wp:attachment":[{"href":"https:\/\/nugnes.com\/index.php?rest_route=%2Fwp%2Fv2%2Fmedia&parent=691582"}],"wp:term":[{"taxonomy":"category","embeddable":true,"href":"https:\/\/nugnes.com\/index.php?rest_route=%2Fwp%2Fv2%2Fcategories&post=691582"},{"taxonomy":"post_tag","embeddable":true,"href":"https:\/\/nugnes.com\/index.php?rest_route=%2Fwp%2Fv2%2Ftags&post=691582"}],"curies":[{"name":"wp","href":"https:\/\/api.w.org\/{rel}","templated":true}]}}