{"id":694516,"date":"2025-04-27T09:30:50","date_gmt":"2025-04-27T09:30:50","guid":{"rendered":"https:\/\/www.fanpage.it\/?p=2326121"},"modified":"2025-04-27T09:30:50","modified_gmt":"2025-04-27T09:30:50","slug":"a-che-serve-che-meloni-si-dichiari-antifascista-se-la-sua-azione-di-governo-non-lo-e","status":"publish","type":"post","link":"https:\/\/nugnes.com\/?p=694516","title":{"rendered":"A che serve che Meloni si dichiari antifascista se la sua azione di governo non lo \u00e8?"},"content":{"rendered":"<img src=\"https:\/\/staticfanpage.akamaized.net\/wp-content\/uploads\/2023\/12\/meloni-sfondo-nero-300x225.jpg\" \/><br \/>La leader di Fratelli d'Italia fatica a celebrare con spontanea sincerit\u00e0 la festa della Liberazione, ma la linea politica del suo esecutivo \u00e8 ormai piuttosto esplicita e in inquietante continuit\u00e0 con il passato.<br \/><a href=\"https:\/\/www.fanpage.it\/politica\/a-che-serve-che-meloni-si-dichiari-antifascista-se-la-sua-azione-di-governo-non-lo-e\/\">Continua a leggere<\/a>","protected":false},"excerpt":{"rendered":"<p>La leader di Fratelli d&#8217;Italia fatica a celebrare con spontanea sincerit\u00e0 la festa della Liberazione, ma la linea politica del suo esecutivo \u00e8 ormai piuttosto esplicita e in inquietante continuit\u00e0 con il passato.Continua a leggere<\/p>\n","protected":false},"author":194,"featured_media":0,"comment_status":"closed","ping_status":"closed","sticky":false,"template":"","format":"standard","meta":{"om_disable_all_campaigns":false,"_monsterinsights_skip_tracking":false,"_monsterinsights_sitenote_active":false,"_monsterinsights_sitenote_note":"","_monsterinsights_sitenote_category":0,"footnotes":""},"categories":[748],"tags":[],"class_list":["post-694516","post","type-post","status-publish","format-standard","hentry","category-politica-italiana"],"aioseo_notices":[],"_links":{"self":[{"href":"https:\/\/nugnes.com\/index.php?rest_route=\/wp\/v2\/posts\/694516","targetHints":{"allow":["GET"]}}],"collection":[{"href":"https:\/\/nugnes.com\/index.php?rest_route=\/wp\/v2\/posts"}],"about":[{"href":"https:\/\/nugnes.com\/index.php?rest_route=\/wp\/v2\/types\/post"}],"author":[{"embeddable":true,"href":"https:\/\/nugnes.com\/index.php?rest_route=\/wp\/v2\/users\/194"}],"replies":[{"embeddable":true,"href":"https:\/\/nugnes.com\/index.php?rest_route=%2Fwp%2Fv2%2Fcomments&post=694516"}],"version-history":[{"count":1,"href":"https:\/\/nugnes.com\/index.php?rest_route=\/wp\/v2\/posts\/694516\/revisions"}],"predecessor-version":[{"id":694517,"href":"https:\/\/nugnes.com\/index.php?rest_route=\/wp\/v2\/posts\/694516\/revisions\/694517"}],"wp:attachment":[{"href":"https:\/\/nugnes.com\/index.php?rest_route=%2Fwp%2Fv2%2Fmedia&parent=694516"}],"wp:term":[{"taxonomy":"category","embeddable":true,"href":"https:\/\/nugnes.com\/index.php?rest_route=%2Fwp%2Fv2%2Fcategories&post=694516"},{"taxonomy":"post_tag","embeddable":true,"href":"https:\/\/nugnes.com\/index.php?rest_route=%2Fwp%2Fv2%2Ftags&post=694516"}],"curies":[{"name":"wp","href":"https:\/\/api.w.org\/{rel}","templated":true}]}}