{"id":694550,"date":"2025-04-27T11:03:32","date_gmt":"2025-04-27T11:03:32","guid":{"rendered":"https:\/\/www.fanpage.it\/wamily\/?p=22435"},"modified":"2025-04-27T11:03:32","modified_gmt":"2025-04-27T11:03:32","slug":"insegnate-ai-vostri-figli-questa-abilita-prima-che-inizino-la-scuola-dellinfanzia-lappello-di-una-maestra-2","status":"publish","type":"post","link":"https:\/\/nugnes.com\/?p=694550","title":{"rendered":"&#8220;Insegnate ai vostri figli questa abilit\u00e0 prima che inizino la scuola dell&#8217;infanzia&#8221;: l&#8217;appello di una maestra"},"content":{"rendered":"<img src=\"https:\/\/staticfanpage.akamaized.net\/wp-content\/uploads\/sites\/37\/2025\/04\/Credits_-Profilo-TikTok-di-@emmymckenny-300x225.jpg\" \/><br \/>La docente di scuola dell'infanzia ha spiegato ai genitori che stanno per iscrivere i loro bambini a scuola che \u00e8 importante che i piccoli arrivino con un'abilit\u00e0 gi\u00e0 imparata tra le mura di casa, che mamme e pap\u00e0 Millennials faticano a tramandare.<br \/><a href=\"https:\/\/www.fanpage.it\/wamily\/insegnate-ai-vostri-figli-questa-abilita-prima-che-inizino-la-scuola-dellinfanzia-lappello-di-una-maestra\/\">Continua a leggere<\/a>","protected":false},"excerpt":{"rendered":"<p>La docente di scuola dell&#8217;infanzia ha spiegato ai genitori che stanno per iscrivere i loro bambini a scuola che \u00e8 importante che i piccoli arrivino con un&#8217;abilit\u00e0 gi\u00e0 imparata tra le mura di casa, che mamme e pap\u00e0 Millennials faticano a tramandare.Cont&#8230;<\/p>\n","protected":false},"author":639,"featured_media":0,"comment_status":"closed","ping_status":"closed","sticky":false,"template":"","format":"standard","meta":{"om_disable_all_campaigns":false,"_monsterinsights_skip_tracking":false,"_monsterinsights_sitenote_active":false,"_monsterinsights_sitenote_note":"","_monsterinsights_sitenote_category":0,"footnotes":""},"categories":[907,1541],"tags":[],"class_list":["post-694550","post","type-post","status-publish","format-standard","hentry","category-guide","category-psicologia-ed-educazione"],"aioseo_notices":[],"_links":{"self":[{"href":"https:\/\/nugnes.com\/index.php?rest_route=\/wp\/v2\/posts\/694550","targetHints":{"allow":["GET"]}}],"collection":[{"href":"https:\/\/nugnes.com\/index.php?rest_route=\/wp\/v2\/posts"}],"about":[{"href":"https:\/\/nugnes.com\/index.php?rest_route=\/wp\/v2\/types\/post"}],"author":[{"embeddable":true,"href":"https:\/\/nugnes.com\/index.php?rest_route=\/wp\/v2\/users\/639"}],"replies":[{"embeddable":true,"href":"https:\/\/nugnes.com\/index.php?rest_route=%2Fwp%2Fv2%2Fcomments&post=694550"}],"version-history":[{"count":1,"href":"https:\/\/nugnes.com\/index.php?rest_route=\/wp\/v2\/posts\/694550\/revisions"}],"predecessor-version":[{"id":694551,"href":"https:\/\/nugnes.com\/index.php?rest_route=\/wp\/v2\/posts\/694550\/revisions\/694551"}],"wp:attachment":[{"href":"https:\/\/nugnes.com\/index.php?rest_route=%2Fwp%2Fv2%2Fmedia&parent=694550"}],"wp:term":[{"taxonomy":"category","embeddable":true,"href":"https:\/\/nugnes.com\/index.php?rest_route=%2Fwp%2Fv2%2Fcategories&post=694550"},{"taxonomy":"post_tag","embeddable":true,"href":"https:\/\/nugnes.com\/index.php?rest_route=%2Fwp%2Fv2%2Ftags&post=694550"}],"curies":[{"name":"wp","href":"https:\/\/api.w.org\/{rel}","templated":true}]}}