{"id":696152,"date":"2025-04-30T04:01:33","date_gmt":"2025-04-30T04:01:33","guid":{"rendered":"https:\/\/www.fanpage.it\/?p=2327646"},"modified":"2025-04-30T04:01:33","modified_gmt":"2025-04-30T04:01:33","slug":"sciopero-generale-il-1-maggio-chi-aderisce-in-italia-orari-manifestazioni-e-settori-coinvolti","status":"publish","type":"post","link":"https:\/\/nugnes.com\/?p=696152","title":{"rendered":"Sciopero generale il 1 maggio, chi aderisce in Italia: orari, manifestazioni e settori coinvolti"},"content":{"rendered":"<img src=\"https:\/\/staticfanpage.akamaized.net\/wp-content\/uploads\/2025\/04\/sciopero-1-maggio-2025-300x225.jpg\" \/><br \/>Domani, 1\u00b0 maggio 2025, \u00e8 previsto uno sciopero generale indetto da USI-CIT che coinvolger\u00e0 pubblico e privato, mentre USB organizza manifestazioni in diverse citt\u00e0. Disagi attesi anche nel settore dei trasporti, oltre che nella sanit\u00e0, istruzione, ricerca, vigili del fuoco. Previste anche varie manifestazioni per la Festa dei lavoratori, a partire dal Concerto di Piazza San Giovanni a Roma.<br \/><a href=\"https:\/\/www.fanpage.it\/attualita\/sciopero-generale-il-1-maggio-chi-aderisce-in-italia-orari-manifestazioni-e-settori-coinvolti\/\">Continua a leggere<\/a>","protected":false},"excerpt":{"rendered":"<p>Domani, 1\u00b0 maggio 2025, \u00e8 previsto uno sciopero generale indetto da USI-CIT che coinvolger\u00e0 pubblico e privato, mentre USB organizza manifestazioni in diverse citt\u00e0. Disagi attesi anche nel settore dei trasporti, oltre che nella sanit\u00e0, istruzione, ric&#8230;<\/p>\n","protected":false},"author":93,"featured_media":0,"comment_status":"closed","ping_status":"closed","sticky":false,"template":"","format":"standard","meta":{"om_disable_all_campaigns":false,"_monsterinsights_skip_tracking":false,"_monsterinsights_sitenote_active":false,"_monsterinsights_sitenote_note":"","_monsterinsights_sitenote_category":0,"footnotes":""},"categories":[745],"tags":[],"class_list":["post-696152","post","type-post","status-publish","format-standard","hentry","category-attualita"],"aioseo_notices":[],"_links":{"self":[{"href":"https:\/\/nugnes.com\/index.php?rest_route=\/wp\/v2\/posts\/696152","targetHints":{"allow":["GET"]}}],"collection":[{"href":"https:\/\/nugnes.com\/index.php?rest_route=\/wp\/v2\/posts"}],"about":[{"href":"https:\/\/nugnes.com\/index.php?rest_route=\/wp\/v2\/types\/post"}],"author":[{"embeddable":true,"href":"https:\/\/nugnes.com\/index.php?rest_route=\/wp\/v2\/users\/93"}],"replies":[{"embeddable":true,"href":"https:\/\/nugnes.com\/index.php?rest_route=%2Fwp%2Fv2%2Fcomments&post=696152"}],"version-history":[{"count":1,"href":"https:\/\/nugnes.com\/index.php?rest_route=\/wp\/v2\/posts\/696152\/revisions"}],"predecessor-version":[{"id":696153,"href":"https:\/\/nugnes.com\/index.php?rest_route=\/wp\/v2\/posts\/696152\/revisions\/696153"}],"wp:attachment":[{"href":"https:\/\/nugnes.com\/index.php?rest_route=%2Fwp%2Fv2%2Fmedia&parent=696152"}],"wp:term":[{"taxonomy":"category","embeddable":true,"href":"https:\/\/nugnes.com\/index.php?rest_route=%2Fwp%2Fv2%2Fcategories&post=696152"},{"taxonomy":"post_tag","embeddable":true,"href":"https:\/\/nugnes.com\/index.php?rest_route=%2Fwp%2Fv2%2Ftags&post=696152"}],"curies":[{"name":"wp","href":"https:\/\/api.w.org\/{rel}","templated":true}]}}