{"id":696187,"date":"2025-04-30T05:00:49","date_gmt":"2025-04-30T05:00:49","guid":{"rendered":"https:\/\/www.fanpage.it\/?p=2327827"},"modified":"2025-04-30T05:00:49","modified_gmt":"2025-04-30T05:00:49","slug":"perche-leuropa-avra-sempre-meno-peso-nel-conclave-e-quanto-incidera-sullelezione-del-papa","status":"publish","type":"post","link":"https:\/\/nugnes.com\/?p=696187","title":{"rendered":"Perch\u00e9 l\u2019Europa avr\u00e0 sempre meno peso nel Conclave e quanto incider\u00e0 sull&#8217;elezione del Papa"},"content":{"rendered":"<img src=\"https:\/\/staticfanpage.akamaized.net\/socialmediafanpage\/wp-content\/uploads\/2014\/10\/large_ro180405int_0035-300x225.jpg\" \/><br \/>\"Questo Conclave ha la caratteristica della pluralit\u00e0 delle nazioni e della perdita di peso elettorale dell'Europa\": a Fanpage.it spiega quello che accadr\u00e0 dal 7 maggio Gian Luca Potest\u00e0, professore di Storia del cristianesimo e delle Chiese dell'Universit\u00e0 Cattolica del Sacro Cuore di Milano.<br \/><a href=\"https:\/\/www.fanpage.it\/attualita\/perche-leuropa-avra-sempre-meno-peso-nel-conclave-e-quanto-incidera-sullelezione-del-papa\/\">Continua a leggere<\/a>","protected":false},"excerpt":{"rendered":"<p>&#8220;Questo Conclave ha la caratteristica della pluralit\u00e0 delle nazioni e della perdita di peso elettorale dell&#8217;Europa&#8221;: a Fanpage.it spiega quello che accadr\u00e0 dal 7 maggio Gian Luca Potest\u00e0, professore di Storia del cristianesimo e delle Chiese dell&#8217;Unive&#8230;<\/p>\n","protected":false},"author":222,"featured_media":0,"comment_status":"closed","ping_status":"closed","sticky":false,"template":"","format":"standard","meta":{"om_disable_all_campaigns":false,"_monsterinsights_skip_tracking":false,"_monsterinsights_sitenote_active":false,"_monsterinsights_sitenote_note":"","_monsterinsights_sitenote_category":0,"footnotes":""},"categories":[745],"tags":[],"class_list":["post-696187","post","type-post","status-publish","format-standard","hentry","category-attualita"],"aioseo_notices":[],"_links":{"self":[{"href":"https:\/\/nugnes.com\/index.php?rest_route=\/wp\/v2\/posts\/696187","targetHints":{"allow":["GET"]}}],"collection":[{"href":"https:\/\/nugnes.com\/index.php?rest_route=\/wp\/v2\/posts"}],"about":[{"href":"https:\/\/nugnes.com\/index.php?rest_route=\/wp\/v2\/types\/post"}],"author":[{"embeddable":true,"href":"https:\/\/nugnes.com\/index.php?rest_route=\/wp\/v2\/users\/222"}],"replies":[{"embeddable":true,"href":"https:\/\/nugnes.com\/index.php?rest_route=%2Fwp%2Fv2%2Fcomments&post=696187"}],"version-history":[{"count":1,"href":"https:\/\/nugnes.com\/index.php?rest_route=\/wp\/v2\/posts\/696187\/revisions"}],"predecessor-version":[{"id":696191,"href":"https:\/\/nugnes.com\/index.php?rest_route=\/wp\/v2\/posts\/696187\/revisions\/696191"}],"wp:attachment":[{"href":"https:\/\/nugnes.com\/index.php?rest_route=%2Fwp%2Fv2%2Fmedia&parent=696187"}],"wp:term":[{"taxonomy":"category","embeddable":true,"href":"https:\/\/nugnes.com\/index.php?rest_route=%2Fwp%2Fv2%2Fcategories&post=696187"},{"taxonomy":"post_tag","embeddable":true,"href":"https:\/\/nugnes.com\/index.php?rest_route=%2Fwp%2Fv2%2Ftags&post=696187"}],"curies":[{"name":"wp","href":"https:\/\/api.w.org\/{rel}","templated":true}]}}