{"id":69712,"date":"2020-09-01T09:58:56","date_gmt":"2020-09-01T09:58:56","guid":{"rendered":"https:\/\/www.fanpage.it\/sport\/?p=1278627"},"modified":"2020-09-01T09:58:56","modified_gmt":"2020-09-01T09:58:56","slug":"inter-kante-obiettivo-numero-uno-per-il-centrocampo-di-conte-brozovic-e-la-pedina-sacrificabile","status":"publish","type":"post","link":"https:\/\/nugnes.com\/?p=69712","title":{"rendered":"Inter, Kant\u00e9 obiettivo numero uno per il centrocampo di Conte: Brozovic \u00e8 la pedina sacrificabile"},"content":{"rendered":"<img src=\"https:\/\/static.fanpage.it\/wp-content\/uploads\/sites\/27\/2020\/09\/kante-inter-calciomercato-638x425.jpg\" \/><br \/>Kant\u00e9 \u00e8 l'obiettivo numero uno del nuovo centrocampo dell'Inter insieme a Vidal: Il centrocampista francese del Chelsea \u00e8 l'uomo a cui Conte vuole affidarsi per dare nuova linfa alla sua mediana ma per arrivare al campione del mondo potrebbero essere sacrificati alcuni giocatori importanti come Brozovic e Skriniar.<br \/><a href=\"https:\/\/www.fanpage.it\/sport\/calcio\/inter-kante-obiettivo-numero-uno-per-il-centrocampo-di-conte-brozovic-e-la-pedina-sacrificabile\/\">Continua a leggere<\/a>","protected":false},"excerpt":{"rendered":"<p>Kant\u00e9 \u00e8 l&#8217;obiettivo numero uno del nuovo centrocampo dell&#8217;Inter insieme a Vidal: Il centrocampista francese del Chelsea \u00e8 l&#8217;uomo a cui Conte vuole affidarsi per dare nuova linfa alla sua mediana ma per arrivare al campione del mondo potrebbero essere s&#8230;<\/p>\n","protected":false},"author":155,"featured_media":0,"comment_status":"closed","ping_status":"closed","sticky":false,"template":"","format":"standard","meta":{"om_disable_all_campaigns":false,"_monsterinsights_skip_tracking":false,"_monsterinsights_sitenote_active":false,"_monsterinsights_sitenote_note":"","_monsterinsights_sitenote_category":0,"footnotes":""},"categories":[75,746,292,743],"tags":[],"class_list":["post-69712","post","type-post","status-publish","format-standard","hentry","category-calcio","category-calciomercato","category-inter","category-notizie"],"aioseo_notices":[],"_links":{"self":[{"href":"https:\/\/nugnes.com\/index.php?rest_route=\/wp\/v2\/posts\/69712","targetHints":{"allow":["GET"]}}],"collection":[{"href":"https:\/\/nugnes.com\/index.php?rest_route=\/wp\/v2\/posts"}],"about":[{"href":"https:\/\/nugnes.com\/index.php?rest_route=\/wp\/v2\/types\/post"}],"author":[{"embeddable":true,"href":"https:\/\/nugnes.com\/index.php?rest_route=\/wp\/v2\/users\/155"}],"replies":[{"embeddable":true,"href":"https:\/\/nugnes.com\/index.php?rest_route=%2Fwp%2Fv2%2Fcomments&post=69712"}],"version-history":[{"count":1,"href":"https:\/\/nugnes.com\/index.php?rest_route=\/wp\/v2\/posts\/69712\/revisions"}],"predecessor-version":[{"id":69713,"href":"https:\/\/nugnes.com\/index.php?rest_route=\/wp\/v2\/posts\/69712\/revisions\/69713"}],"wp:attachment":[{"href":"https:\/\/nugnes.com\/index.php?rest_route=%2Fwp%2Fv2%2Fmedia&parent=69712"}],"wp:term":[{"taxonomy":"category","embeddable":true,"href":"https:\/\/nugnes.com\/index.php?rest_route=%2Fwp%2Fv2%2Fcategories&post=69712"},{"taxonomy":"post_tag","embeddable":true,"href":"https:\/\/nugnes.com\/index.php?rest_route=%2Fwp%2Fv2%2Ftags&post=69712"}],"curies":[{"name":"wp","href":"https:\/\/api.w.org\/{rel}","templated":true}]}}