{"id":69788,"date":"2020-09-01T10:40:30","date_gmt":"2020-09-01T10:40:30","guid":{"rendered":"https:\/\/www.fanpage.it\/milano\/?p=29636"},"modified":"2020-09-01T10:40:30","modified_gmt":"2020-09-01T10:40:30","slug":"prima-la-fuga-da-pavia-poi-dal-centro-per-minori-di-roma-14enne-scomparsa-ritrovata-a-milano","status":"publish","type":"post","link":"https:\/\/nugnes.com\/?p=69788","title":{"rendered":"Prima la fuga da Pavia, poi dal centro per minori di Roma: 14enne scomparsa ritrovata a Milano"},"content":{"rendered":"<img src=\"https:\/\/static.fanpage.it\/wp-content\/uploads\/sites\/29\/2020\/09\/violeta-ritrovata-300x225.jpg\" \/><br \/>\u00c8 finalmente tornata a casa dai suoi genitori Violeta, 14enne scomparsa da Pavia alla fine di luglio. La ragazzina era stata ritrovata a Roma e portata in un centro per minori, da dove per\u00f2 \u00e8 scappata nuovamente, dirigendosi a Milano. Nell'hinterland del capoluogo lombardo l'adolescente \u00e8 stata rintracciata da polizia e carabinieri e riaffidata ai genitori.<br \/><a href=\"https:\/\/www.fanpage.it\/milano\/prima-la-fuga-da-pavia-poi-dal-centro-per-minori-di-roma-14enne-scomparsa-ritrovata-a-milano\/\">Continua a leggere<\/a>","protected":false},"excerpt":{"rendered":"<p>\u00c8 finalmente tornata a casa dai suoi genitori Violeta, 14enne scomparsa da Pavia alla fine di luglio. La ragazzina era stata ritrovata a Roma e portata in un centro per minori, da dove per\u00f2 \u00e8 scappata nuovamente, dirigendosi a Milano. Nell&#8217;hinterland d&#8230;<\/p>\n","protected":false},"author":88,"featured_media":0,"comment_status":"closed","ping_status":"closed","sticky":false,"template":"","format":"standard","meta":{"om_disable_all_campaigns":false,"_monsterinsights_skip_tracking":false,"_monsterinsights_sitenote_active":false,"_monsterinsights_sitenote_note":"","_monsterinsights_sitenote_category":0,"footnotes":""},"categories":[745,942,830],"tags":[],"class_list":["post-69788","post","type-post","status-publish","format-standard","hentry","category-attualita","category-pavia","category-persone-scomparse"],"aioseo_notices":[],"_links":{"self":[{"href":"https:\/\/nugnes.com\/index.php?rest_route=\/wp\/v2\/posts\/69788","targetHints":{"allow":["GET"]}}],"collection":[{"href":"https:\/\/nugnes.com\/index.php?rest_route=\/wp\/v2\/posts"}],"about":[{"href":"https:\/\/nugnes.com\/index.php?rest_route=\/wp\/v2\/types\/post"}],"author":[{"embeddable":true,"href":"https:\/\/nugnes.com\/index.php?rest_route=\/wp\/v2\/users\/88"}],"replies":[{"embeddable":true,"href":"https:\/\/nugnes.com\/index.php?rest_route=%2Fwp%2Fv2%2Fcomments&post=69788"}],"version-history":[{"count":1,"href":"https:\/\/nugnes.com\/index.php?rest_route=\/wp\/v2\/posts\/69788\/revisions"}],"predecessor-version":[{"id":69789,"href":"https:\/\/nugnes.com\/index.php?rest_route=\/wp\/v2\/posts\/69788\/revisions\/69789"}],"wp:attachment":[{"href":"https:\/\/nugnes.com\/index.php?rest_route=%2Fwp%2Fv2%2Fmedia&parent=69788"}],"wp:term":[{"taxonomy":"category","embeddable":true,"href":"https:\/\/nugnes.com\/index.php?rest_route=%2Fwp%2Fv2%2Fcategories&post=69788"},{"taxonomy":"post_tag","embeddable":true,"href":"https:\/\/nugnes.com\/index.php?rest_route=%2Fwp%2Fv2%2Ftags&post=69788"}],"curies":[{"name":"wp","href":"https:\/\/api.w.org\/{rel}","templated":true}]}}