{"id":698623,"date":"2025-05-04T17:09:14","date_gmt":"2025-05-04T17:09:14","guid":{"rendered":"https:\/\/www.fanpage.it\/sport\/?p=2225840"},"modified":"2025-05-04T17:09:14","modified_gmt":"2025-05-04T17:09:14","slug":"jannik-sinner-sbarca-a-roma-e-riceve-unaccoglienza-da-re-lunedi-allenamento-con-il-pubblico","status":"publish","type":"post","link":"https:\/\/nugnes.com\/?p=698623","title":{"rendered":"Jannik Sinner sbarca a Roma e riceve un&#8217;accoglienza da re: luned\u00ec allenamento con il pubblico"},"content":{"rendered":"<img src=\"https:\/\/staticfanpage.akamaized.net\/wp-content\/uploads\/sites\/27\/2025\/05\/sinner-sbarca-a-roma-300x225.jpg\" \/><br \/>Jannik Sinner \u00e8 sbarcato a Roma, dove ha ricevuto un'accoglienza regale. Il numero 1 della classifica ATP luned\u00ec 5 maggio si allener\u00e0 sul Centrale del Foro Italico con Jiri Lehecka.<br \/><a href=\"https:\/\/www.fanpage.it\/sport\/tennis\/jannik-sinner-sbarca-a-roma-e-riceve-unaccoglienza-da-re-lunedi-allenamento-con-il-pubblico\/\">Continua a leggere<\/a>","protected":false},"excerpt":{"rendered":"<p>Jannik Sinner \u00e8 sbarcato a Roma, dove ha ricevuto un&#8217;accoglienza regale. Il numero 1 della classifica ATP luned\u00ec 5 maggio si allener\u00e0 sul Centrale del Foro Italico con Jiri Lehecka.Continua a leggere<\/p>\n","protected":false},"author":116,"featured_media":0,"comment_status":"closed","ping_status":"closed","sticky":false,"template":"","format":"standard","meta":{"om_disable_all_campaigns":false,"_monsterinsights_skip_tracking":false,"_monsterinsights_sitenote_active":false,"_monsterinsights_sitenote_note":"","_monsterinsights_sitenote_category":0,"footnotes":""},"categories":[1477,743,37],"tags":[],"class_list":["post-698623","post","type-post","status-publish","format-standard","hentry","category-jannik-sinner","category-notizie","category-tennis"],"aioseo_notices":[],"_links":{"self":[{"href":"https:\/\/nugnes.com\/index.php?rest_route=\/wp\/v2\/posts\/698623","targetHints":{"allow":["GET"]}}],"collection":[{"href":"https:\/\/nugnes.com\/index.php?rest_route=\/wp\/v2\/posts"}],"about":[{"href":"https:\/\/nugnes.com\/index.php?rest_route=\/wp\/v2\/types\/post"}],"author":[{"embeddable":true,"href":"https:\/\/nugnes.com\/index.php?rest_route=\/wp\/v2\/users\/116"}],"replies":[{"embeddable":true,"href":"https:\/\/nugnes.com\/index.php?rest_route=%2Fwp%2Fv2%2Fcomments&post=698623"}],"version-history":[{"count":1,"href":"https:\/\/nugnes.com\/index.php?rest_route=\/wp\/v2\/posts\/698623\/revisions"}],"predecessor-version":[{"id":698624,"href":"https:\/\/nugnes.com\/index.php?rest_route=\/wp\/v2\/posts\/698623\/revisions\/698624"}],"wp:attachment":[{"href":"https:\/\/nugnes.com\/index.php?rest_route=%2Fwp%2Fv2%2Fmedia&parent=698623"}],"wp:term":[{"taxonomy":"category","embeddable":true,"href":"https:\/\/nugnes.com\/index.php?rest_route=%2Fwp%2Fv2%2Fcategories&post=698623"},{"taxonomy":"post_tag","embeddable":true,"href":"https:\/\/nugnes.com\/index.php?rest_route=%2Fwp%2Fv2%2Ftags&post=698623"}],"curies":[{"name":"wp","href":"https:\/\/api.w.org\/{rel}","templated":true}]}}