{"id":699522,"date":"2025-05-06T07:15:05","date_gmt":"2025-05-06T07:15:05","guid":{"rendered":"https:\/\/www.fanpage.it\/sport\/?p=2226817"},"modified":"2025-05-06T07:15:05","modified_gmt":"2025-05-06T07:15:05","slug":"caos-totale-alla-vuelta-femminile-la-visma-al-via-con-sole-5-atlete-alle-altre-mancavano-le-bici","status":"publish","type":"post","link":"https:\/\/nugnes.com\/?p=699522","title":{"rendered":"Caos totale alla Vuelta femminile: la Visma al via con sole 5 atlete, alle altre mancavano le bici"},"content":{"rendered":"<img src=\"https:\/\/staticfanpage.akamaized.net\/wp-content\/uploads\/sites\/27\/2025\/05\/visma-vuelta-crono-ritardo-bici-300x225.jpg\" \/><br \/>La Vuelta femminile \u00e8 iniziata nel peggiore dei modi, con una prova crono a squadre surreale e organizzazione in tilt. La Visma si \u00e8 presentata al via con sole 5 atlete su 7: \"Alcune cicliste hanno ricevuto le loro biciclette cos\u00ec tardi da non riuscire a partire in tempo\". Beffa nella beffa, la squadra ha iniziato la gara quando il cronometro era gi\u00e0 scattato da 10 secondi.<br \/><a href=\"https:\/\/www.fanpage.it\/sport\/ciclismo\/caos-totale-alla-vuelta-femminile-la-visma-al-via-con-sole-5-atlete-alle-altre-mancavano-le-bici\/\">Continua a leggere<\/a>","protected":false},"excerpt":{"rendered":"<p>La Vuelta femminile \u00e8 iniziata nel peggiore dei modi, con una prova crono a squadre surreale e organizzazione in tilt. La Visma si \u00e8 presentata al via con sole 5 atlete su 7: &#8220;Alcune cicliste hanno ricevuto le loro biciclette cos\u00ec tardi da non riuscire&#8230;<\/p>\n","protected":false},"author":81,"featured_media":0,"comment_status":"closed","ping_status":"closed","sticky":false,"template":"","format":"standard","meta":{"om_disable_all_campaigns":false,"_monsterinsights_skip_tracking":false,"_monsterinsights_sitenote_active":false,"_monsterinsights_sitenote_note":"","_monsterinsights_sitenote_category":0,"footnotes":""},"categories":[874,743],"tags":[],"class_list":["post-699522","post","type-post","status-publish","format-standard","hentry","category-ciclismo","category-notizie"],"aioseo_notices":[],"_links":{"self":[{"href":"https:\/\/nugnes.com\/index.php?rest_route=\/wp\/v2\/posts\/699522","targetHints":{"allow":["GET"]}}],"collection":[{"href":"https:\/\/nugnes.com\/index.php?rest_route=\/wp\/v2\/posts"}],"about":[{"href":"https:\/\/nugnes.com\/index.php?rest_route=\/wp\/v2\/types\/post"}],"author":[{"embeddable":true,"href":"https:\/\/nugnes.com\/index.php?rest_route=\/wp\/v2\/users\/81"}],"replies":[{"embeddable":true,"href":"https:\/\/nugnes.com\/index.php?rest_route=%2Fwp%2Fv2%2Fcomments&post=699522"}],"version-history":[{"count":1,"href":"https:\/\/nugnes.com\/index.php?rest_route=\/wp\/v2\/posts\/699522\/revisions"}],"predecessor-version":[{"id":699523,"href":"https:\/\/nugnes.com\/index.php?rest_route=\/wp\/v2\/posts\/699522\/revisions\/699523"}],"wp:attachment":[{"href":"https:\/\/nugnes.com\/index.php?rest_route=%2Fwp%2Fv2%2Fmedia&parent=699522"}],"wp:term":[{"taxonomy":"category","embeddable":true,"href":"https:\/\/nugnes.com\/index.php?rest_route=%2Fwp%2Fv2%2Fcategories&post=699522"},{"taxonomy":"post_tag","embeddable":true,"href":"https:\/\/nugnes.com\/index.php?rest_route=%2Fwp%2Fv2%2Ftags&post=699522"}],"curies":[{"name":"wp","href":"https:\/\/api.w.org\/{rel}","templated":true}]}}