{"id":699959,"date":"2025-05-06T18:01:14","date_gmt":"2025-05-06T18:01:14","guid":{"rendered":"https:\/\/www.fanpage.it\/?p=2332376"},"modified":"2025-05-06T18:01:14","modified_gmt":"2025-05-06T18:01:14","slug":"il-dibattito-sullastensione-e-servito-a-parlare-finalmente-dellesistenza-dei-referendum-dell8-e-9-giugno","status":"publish","type":"post","link":"https:\/\/nugnes.com\/?p=699959","title":{"rendered":"Il dibattito sull&#8217;astensione \u00e8 servito a parlare finalmente dell&#8217;esistenza dei referendum dell&#8217;8 e 9 giugno"},"content":{"rendered":"<img src=\"https:\/\/staticfanpage.akamaized.net\/wp-content\/uploads\/2025\/05\/Schermata-2025-05-06-alle-15.31.28-300x225.jpg\" \/><br \/>I partiti di governo scommetteranno sull'astensione, quelli dell'opposizione andranno in ordine sparso, in una partita oggettivamente complessa. \u00c8 gi\u00e0 scritto l'esito del referendum dell'8 e 9 giugno? Forse, molto dipender\u00e0 dalla capacit\u00e0 di mobilitazione dei cittadini e dalla copertura mediatica.<br \/><a href=\"https:\/\/www.fanpage.it\/politica\/il-dibattito-sullastensione-e-servito-a-parlare-finalmente-dellesistenza-dei-referendum-dell8-e-9-giugno\/\">Continua a leggere<\/a>","protected":false},"excerpt":{"rendered":"<p>I partiti di governo scommetteranno sull&#8217;astensione, quelli dell&#8217;opposizione andranno in ordine sparso, in una partita oggettivamente complessa. \u00c8 gi\u00e0 scritto l&#8217;esito del referendum dell&#8217;8 e 9 giugno? Forse, molto dipender\u00e0 dalla capacit\u00e0 di mobilitazi&#8230;<\/p>\n","protected":false},"author":84,"featured_media":0,"comment_status":"closed","ping_status":"closed","sticky":false,"template":"","format":"standard","meta":{"om_disable_all_campaigns":false,"_monsterinsights_skip_tracking":false,"_monsterinsights_sitenote_active":false,"_monsterinsights_sitenote_note":"","_monsterinsights_sitenote_category":0,"footnotes":""},"categories":[748],"tags":[],"class_list":["post-699959","post","type-post","status-publish","format-standard","hentry","category-politica-italiana"],"aioseo_notices":[],"_links":{"self":[{"href":"https:\/\/nugnes.com\/index.php?rest_route=\/wp\/v2\/posts\/699959","targetHints":{"allow":["GET"]}}],"collection":[{"href":"https:\/\/nugnes.com\/index.php?rest_route=\/wp\/v2\/posts"}],"about":[{"href":"https:\/\/nugnes.com\/index.php?rest_route=\/wp\/v2\/types\/post"}],"author":[{"embeddable":true,"href":"https:\/\/nugnes.com\/index.php?rest_route=\/wp\/v2\/users\/84"}],"replies":[{"embeddable":true,"href":"https:\/\/nugnes.com\/index.php?rest_route=%2Fwp%2Fv2%2Fcomments&post=699959"}],"version-history":[{"count":2,"href":"https:\/\/nugnes.com\/index.php?rest_route=\/wp\/v2\/posts\/699959\/revisions"}],"predecessor-version":[{"id":700062,"href":"https:\/\/nugnes.com\/index.php?rest_route=\/wp\/v2\/posts\/699959\/revisions\/700062"}],"wp:attachment":[{"href":"https:\/\/nugnes.com\/index.php?rest_route=%2Fwp%2Fv2%2Fmedia&parent=699959"}],"wp:term":[{"taxonomy":"category","embeddable":true,"href":"https:\/\/nugnes.com\/index.php?rest_route=%2Fwp%2Fv2%2Fcategories&post=699959"},{"taxonomy":"post_tag","embeddable":true,"href":"https:\/\/nugnes.com\/index.php?rest_route=%2Fwp%2Fv2%2Ftags&post=699959"}],"curies":[{"name":"wp","href":"https:\/\/api.w.org\/{rel}","templated":true}]}}