{"id":711760,"date":"2025-05-26T14:43:18","date_gmt":"2025-05-26T14:43:18","guid":{"rendered":"https:\/\/www.fanpage.it\/spettacolo\/?p=383787"},"modified":"2025-05-26T14:43:18","modified_gmt":"2025-05-26T14:43:18","slug":"nunzio-stancampiano-dopo-il-ritiro-dallisola-non-e-una-resa-la-mia-priorita-non-e-la-visibilita-in-tv","status":"publish","type":"post","link":"https:\/\/nugnes.com\/?p=711760","title":{"rendered":"Nunzio Stancampiano dopo il ritiro dall&#8217;Isola: &#8220;Non \u00e8 una resa. La mia priorit\u00e0 non \u00e8 la visibilit\u00e0 in tv&#8221;"},"content":{"rendered":"<img src=\"https:\/\/staticfanpage.akamaized.net\/wp-content\/uploads\/sites\/25\/2025\/05\/nunzio-300x225.jpg\" \/><br \/>Dopo il ritiro dall'Isola dei Famosi, Nunzio Stancampiano ha messo in chiaro via social che il suo abbandono \"non \u00e8 stata una resa\" e che la sua decisione \u00e8 stata ben ponderata.<br \/><a href=\"https:\/\/www.fanpage.it\/spettacolo\/programmi-tv\/nunzio-stancampiano-dopo-il-ritiro-dallisola-non-e-una-resa-la-mia-priorita-non-e-la-visibilita-in-tv\/\">Continua a leggere<\/a>","protected":false},"excerpt":{"rendered":"<p>Dopo il ritiro dall&#8217;Isola dei Famosi, Nunzio Stancampiano ha messo in chiaro via social che il suo abbandono &#8220;non \u00e8 stata una resa&#8221; e che la sua decisione \u00e8 stata ben ponderata.Continua a leggere<\/p>\n","protected":false},"author":566,"featured_media":0,"comment_status":"closed","ping_status":"closed","sticky":false,"template":"","format":"standard","meta":{"om_disable_all_campaigns":false,"_monsterinsights_skip_tracking":false,"_monsterinsights_sitenote_active":false,"_monsterinsights_sitenote_note":"","_monsterinsights_sitenote_category":0,"footnotes":""},"categories":[752],"tags":[],"class_list":["post-711760","post","type-post","status-publish","format-standard","hentry","category-programmi-tv"],"aioseo_notices":[],"_links":{"self":[{"href":"https:\/\/nugnes.com\/index.php?rest_route=\/wp\/v2\/posts\/711760","targetHints":{"allow":["GET"]}}],"collection":[{"href":"https:\/\/nugnes.com\/index.php?rest_route=\/wp\/v2\/posts"}],"about":[{"href":"https:\/\/nugnes.com\/index.php?rest_route=\/wp\/v2\/types\/post"}],"author":[{"embeddable":true,"href":"https:\/\/nugnes.com\/index.php?rest_route=\/wp\/v2\/users\/566"}],"replies":[{"embeddable":true,"href":"https:\/\/nugnes.com\/index.php?rest_route=%2Fwp%2Fv2%2Fcomments&post=711760"}],"version-history":[{"count":1,"href":"https:\/\/nugnes.com\/index.php?rest_route=\/wp\/v2\/posts\/711760\/revisions"}],"predecessor-version":[{"id":711761,"href":"https:\/\/nugnes.com\/index.php?rest_route=\/wp\/v2\/posts\/711760\/revisions\/711761"}],"wp:attachment":[{"href":"https:\/\/nugnes.com\/index.php?rest_route=%2Fwp%2Fv2%2Fmedia&parent=711760"}],"wp:term":[{"taxonomy":"category","embeddable":true,"href":"https:\/\/nugnes.com\/index.php?rest_route=%2Fwp%2Fv2%2Fcategories&post=711760"},{"taxonomy":"post_tag","embeddable":true,"href":"https:\/\/nugnes.com\/index.php?rest_route=%2Fwp%2Fv2%2Ftags&post=711760"}],"curies":[{"name":"wp","href":"https:\/\/api.w.org\/{rel}","templated":true}]}}