{"id":711778,"date":"2025-05-26T14:20:46","date_gmt":"2025-05-26T14:20:46","guid":{"rendered":"https:\/\/www.fanpage.it\/milano\/?p=341168"},"modified":"2025-05-26T14:20:46","modified_gmt":"2025-05-26T14:20:46","slug":"qualita-della-vita-dei-giovani-nelle-citta-milano-agli-ultimi-posti-pesano-affitti-alti-e-senso-di-insicurezza","status":"publish","type":"post","link":"https:\/\/nugnes.com\/?p=711778","title":{"rendered":"Qualit\u00e0 della vita dei giovani nelle citt\u00e0, Milano agli ultimi posti: pesano affitti alti e senso di insicurezza"},"content":{"rendered":"<img src=\"https:\/\/staticfanpage.akamaized.net\/wp-content\/uploads\/sites\/29\/2021\/04\/12842358_large-300x225.jpg\" \/><br \/>Per un ragazzo o una ragazza vivere a Milano pu\u00f2 essere molto pi\u00f9 difficile che in altre citt\u00e0 italiane: lo dimostrano i dati della classifica de Il Sole 24 ore sulla qualit\u00e0 della vita dei giovani. Incidono i costi alti degli affitti, la diffusa percezione di insicurezza e l'alta quantit\u00e0 di incidenti stradali di notte. Allo stesso tempo, per\u00f2, Milano \u00e8 la citt\u00e0 con la quantit\u00e0 pi\u00f9 alta di conversioni di contratti di lavoro da tempo determinato a indeterminato.<br \/><a href=\"https:\/\/www.fanpage.it\/milano\/qualita-della-vita-dei-giovani-nelle-citta-milano-agli-ultimi-posti-pesano-affitti-alti-e-senso-di-insicurezza\/\">Continua a leggere<\/a>","protected":false},"excerpt":{"rendered":"<p>Per un ragazzo o una ragazza vivere a Milano pu\u00f2 essere molto pi\u00f9 difficile che in altre citt\u00e0 italiane: lo dimostrano i dati della classifica de Il Sole 24 ore sulla qualit\u00e0 della vita dei giovani. Incidono i costi alti degli affitti, la diffusa perce&#8230;<\/p>\n","protected":false},"author":691,"featured_media":0,"comment_status":"closed","ping_status":"closed","sticky":false,"template":"","format":"standard","meta":{"om_disable_all_campaigns":false,"_monsterinsights_skip_tracking":false,"_monsterinsights_sitenote_active":false,"_monsterinsights_sitenote_note":"","_monsterinsights_sitenote_category":0,"footnotes":""},"categories":[745,1138,236],"tags":[],"class_list":["post-711778","post","type-post","status-publish","format-standard","hentry","category-attualita","category-cultura-e-tradizioni","category-lombardia"],"aioseo_notices":[],"_links":{"self":[{"href":"https:\/\/nugnes.com\/index.php?rest_route=\/wp\/v2\/posts\/711778","targetHints":{"allow":["GET"]}}],"collection":[{"href":"https:\/\/nugnes.com\/index.php?rest_route=\/wp\/v2\/posts"}],"about":[{"href":"https:\/\/nugnes.com\/index.php?rest_route=\/wp\/v2\/types\/post"}],"author":[{"embeddable":true,"href":"https:\/\/nugnes.com\/index.php?rest_route=\/wp\/v2\/users\/691"}],"replies":[{"embeddable":true,"href":"https:\/\/nugnes.com\/index.php?rest_route=%2Fwp%2Fv2%2Fcomments&post=711778"}],"version-history":[{"count":1,"href":"https:\/\/nugnes.com\/index.php?rest_route=\/wp\/v2\/posts\/711778\/revisions"}],"predecessor-version":[{"id":711779,"href":"https:\/\/nugnes.com\/index.php?rest_route=\/wp\/v2\/posts\/711778\/revisions\/711779"}],"wp:attachment":[{"href":"https:\/\/nugnes.com\/index.php?rest_route=%2Fwp%2Fv2%2Fmedia&parent=711778"}],"wp:term":[{"taxonomy":"category","embeddable":true,"href":"https:\/\/nugnes.com\/index.php?rest_route=%2Fwp%2Fv2%2Fcategories&post=711778"},{"taxonomy":"post_tag","embeddable":true,"href":"https:\/\/nugnes.com\/index.php?rest_route=%2Fwp%2Fv2%2Ftags&post=711778"}],"curies":[{"name":"wp","href":"https:\/\/api.w.org\/{rel}","templated":true}]}}