{"id":712492,"date":"2025-05-27T20:58:24","date_gmt":"2025-05-27T20:58:24","guid":{"rendered":"https:\/\/www.fanpage.it\/spettacolo\/?p=384275"},"modified":"2025-05-27T20:58:24","modified_gmt":"2025-05-27T20:58:24","slug":"balotelli-a-belve-chiesi-il-test-di-paternita-a-raffaella-fico-a-causa-dei-suoi-errori-nego-la-gravidanza","status":"publish","type":"post","link":"https:\/\/nugnes.com\/?p=712492","title":{"rendered":"Balotelli a Belve: \u201cChiesi il test di paternit\u00e0 a Raffaella Fico a causa dei suoi errori, neg\u00f2 la gravidanza\u201d"},"content":{"rendered":"<img src=\"https:\/\/staticfanpage.akamaized.net\/wp-content\/uploads\/sites\/25\/2025\/05\/balotellibelveitw-300x225.jpg\" \/><br \/>Intervistato da Francesca Fagnani a Belve, Mario Balotelli racconta una visione inedita della gravidanza dell\u20190ex compagna Raffaella Fico. \u201cLe chiesi il test di paternit\u00e0 perch\u00e9 con me si comport\u00f2 male\u201d, ha raccontato il calciatore, \u201cScoprii la gravidanza da una foto ma lei disse che era solo ingrassata\u201d.<br \/><a href=\"https:\/\/www.fanpage.it\/spettacolo\/programmi-tv\/balotelli-a-belve-chiesi-il-test-di-paternita-a-raffaella-fico-a-causa-dei-suoi-errori-nego-la-gravidanza\/\">Continua a leggere<\/a>","protected":false},"excerpt":{"rendered":"<p>Intervistato da Francesca Fagnani a Belve, Mario Balotelli racconta una visione inedita della gravidanza dell\u20190ex compagna Raffaella Fico. \u201cLe chiesi il test di paternit\u00e0 perch\u00e9 con me si comport\u00f2 male\u201d, ha raccontato il calciatore, \u201cScoprii la gravida&#8230;<\/p>\n","protected":false},"author":118,"featured_media":0,"comment_status":"closed","ping_status":"closed","sticky":false,"template":"","format":"standard","meta":{"om_disable_all_campaigns":false,"_monsterinsights_skip_tracking":false,"_monsterinsights_sitenote_active":false,"_monsterinsights_sitenote_note":"","_monsterinsights_sitenote_category":0,"footnotes":""},"categories":[752],"tags":[],"class_list":["post-712492","post","type-post","status-publish","format-standard","hentry","category-programmi-tv"],"aioseo_notices":[],"_links":{"self":[{"href":"https:\/\/nugnes.com\/index.php?rest_route=\/wp\/v2\/posts\/712492","targetHints":{"allow":["GET"]}}],"collection":[{"href":"https:\/\/nugnes.com\/index.php?rest_route=\/wp\/v2\/posts"}],"about":[{"href":"https:\/\/nugnes.com\/index.php?rest_route=\/wp\/v2\/types\/post"}],"author":[{"embeddable":true,"href":"https:\/\/nugnes.com\/index.php?rest_route=\/wp\/v2\/users\/118"}],"replies":[{"embeddable":true,"href":"https:\/\/nugnes.com\/index.php?rest_route=%2Fwp%2Fv2%2Fcomments&post=712492"}],"version-history":[{"count":1,"href":"https:\/\/nugnes.com\/index.php?rest_route=\/wp\/v2\/posts\/712492\/revisions"}],"predecessor-version":[{"id":712493,"href":"https:\/\/nugnes.com\/index.php?rest_route=\/wp\/v2\/posts\/712492\/revisions\/712493"}],"wp:attachment":[{"href":"https:\/\/nugnes.com\/index.php?rest_route=%2Fwp%2Fv2%2Fmedia&parent=712492"}],"wp:term":[{"taxonomy":"category","embeddable":true,"href":"https:\/\/nugnes.com\/index.php?rest_route=%2Fwp%2Fv2%2Fcategories&post=712492"},{"taxonomy":"post_tag","embeddable":true,"href":"https:\/\/nugnes.com\/index.php?rest_route=%2Fwp%2Fv2%2Ftags&post=712492"}],"curies":[{"name":"wp","href":"https:\/\/api.w.org\/{rel}","templated":true}]}}