{"id":716461,"date":"2025-06-04T09:24:53","date_gmt":"2025-06-04T09:24:53","guid":{"rendered":"https:\/\/www.fanpage.it\/milano\/?p=342089"},"modified":"2025-06-04T09:24:53","modified_gmt":"2025-06-04T09:24:53","slug":"nicolo-studente-fuorisede-votero-a-milano-per-il-referendum-ecco-perche-questa-modalita-dovrebbe-essere-definitiva-2","status":"publish","type":"post","link":"https:\/\/nugnes.com\/?p=716461","title":{"rendered":"Nicol\u00f2, studente fuorisede: &#8220;Voter\u00f2 a Milano per il Referendum, ecco perch\u00e9 questa modalit\u00e0 dovrebbe essere definitiva&#8221;"},"content":{"rendered":"<img src=\"https:\/\/staticfanpage.akamaized.net\/wp-content\/uploads\/sites\/29\/2020\/09\/Referendum-scheda-mano-seggio-300x225.jpg\" \/><br \/>Domenica 8 e luned\u00ec 9 giugno si voter\u00e0 per il Referendum sul lavoro e la cittadinanza. Quest'anno anche i fuorisede potranno votare nel Comune dove sono domiciliati senza dover tornare a casa. Tra i diecimila che hanno fatto richiesta a Milano c'\u00e8 anche Nicol\u00f2, originario di Catania, da cinque anni studente al Politecnico, che ha raccontato la sua esperienza a Fanpage.it.<br \/><a href=\"https:\/\/www.fanpage.it\/milano\/nicolo-studente-fuorisede-votero-a-milano-per-il-referendum-ecco-perche-questa-modalita-dovrebbe-essere-definitiva\/\">Continua a leggere<\/a>","protected":false},"excerpt":{"rendered":"<p>Domenica 8 e luned\u00ec 9 giugno si voter\u00e0 per il Referendum sul lavoro e la cittadinanza. Quest&#8217;anno anche i fuorisede potranno votare nel Comune dove sono domiciliati senza dover tornare a casa. Tra i diecimila che hanno fatto richiesta a Milano c&#8217;\u00e8 anch&#8230;<\/p>\n","protected":false},"author":690,"featured_media":0,"comment_status":"closed","ping_status":"closed","sticky":false,"template":"","format":"standard","meta":{"om_disable_all_campaigns":false,"_monsterinsights_skip_tracking":false,"_monsterinsights_sitenote_active":false,"_monsterinsights_sitenote_note":"","_monsterinsights_sitenote_category":0,"footnotes":""},"categories":[745,10,236],"tags":[],"class_list":["post-716461","post","type-post","status-publish","format-standard","hentry","category-attualita","category-cronaca","category-lombardia"],"aioseo_notices":[],"_links":{"self":[{"href":"https:\/\/nugnes.com\/index.php?rest_route=\/wp\/v2\/posts\/716461","targetHints":{"allow":["GET"]}}],"collection":[{"href":"https:\/\/nugnes.com\/index.php?rest_route=\/wp\/v2\/posts"}],"about":[{"href":"https:\/\/nugnes.com\/index.php?rest_route=\/wp\/v2\/types\/post"}],"author":[{"embeddable":true,"href":"https:\/\/nugnes.com\/index.php?rest_route=\/wp\/v2\/users\/690"}],"replies":[{"embeddable":true,"href":"https:\/\/nugnes.com\/index.php?rest_route=%2Fwp%2Fv2%2Fcomments&post=716461"}],"version-history":[{"count":2,"href":"https:\/\/nugnes.com\/index.php?rest_route=\/wp\/v2\/posts\/716461\/revisions"}],"predecessor-version":[{"id":716588,"href":"https:\/\/nugnes.com\/index.php?rest_route=\/wp\/v2\/posts\/716461\/revisions\/716588"}],"wp:attachment":[{"href":"https:\/\/nugnes.com\/index.php?rest_route=%2Fwp%2Fv2%2Fmedia&parent=716461"}],"wp:term":[{"taxonomy":"category","embeddable":true,"href":"https:\/\/nugnes.com\/index.php?rest_route=%2Fwp%2Fv2%2Fcategories&post=716461"},{"taxonomy":"post_tag","embeddable":true,"href":"https:\/\/nugnes.com\/index.php?rest_route=%2Fwp%2Fv2%2Ftags&post=716461"}],"curies":[{"name":"wp","href":"https:\/\/api.w.org\/{rel}","templated":true}]}}