{"id":727744,"date":"2025-06-25T05:28:45","date_gmt":"2025-06-25T05:28:45","guid":{"rendered":"https:\/\/www.fanpage.it\/sport\/?p=2252445"},"modified":"2025-06-25T05:28:45","modified_gmt":"2025-06-25T05:28:45","slug":"tare-svela-il-milan-di-allegri-nessuna-rivoluzione-e-solo-mancata-la-leadership-ma-ora-ce-modric","status":"publish","type":"post","link":"https:\/\/nugnes.com\/?p=727744","title":{"rendered":"Tare svela il Milan di Allegri, nessuna rivoluzione: &#8220;\u00c8 solo mancata la leadership, ma ora c&#8217;\u00e8 Modric&#8221;"},"content":{"rendered":"<img src=\"https:\/\/staticfanpage.akamaized.net\/wp-content\/uploads\/sites\/27\/2025\/06\/tare-milan-primo-piano-300x225.jpg\" \/><br \/>Igli Tare ha delineato la rotta che il Milan ha gi\u00e0 intrapreso all'indomani dell'insediamento in panchina di Max Allegri: \"Non sar\u00e0 rivoluzione, abbiamo solamente una priorit\u00e0. E serve un punto di riferimento negli spogliatoi\". Che sar\u00e0 Modrid ma non solo: anche Maignan e Leao verranno responsabilizzati.<br \/><a href=\"https:\/\/www.fanpage.it\/sport\/calcio\/tare-svela-il-milan-di-allegri-nessuna-rivoluzione-e-solo-mancata-la-leadership-ma-ora-ce-modric\/\">Continua a leggere<\/a>","protected":false},"excerpt":{"rendered":"<p>Igli Tare ha delineato la rotta che il Milan ha gi\u00e0 intrapreso all&#8217;indomani dell&#8217;insediamento in panchina di Max Allegri: &#8220;Non sar\u00e0 rivoluzione, abbiamo solamente una priorit\u00e0. E serve un punto di riferimento negli spogliatoi&#8221;. Che sar\u00e0 Modrid ma non s&#8230;<\/p>\n","protected":false},"author":81,"featured_media":0,"comment_status":"closed","ping_status":"closed","sticky":false,"template":"","format":"standard","meta":{"om_disable_all_campaigns":false,"_monsterinsights_skip_tracking":false,"_monsterinsights_sitenote_active":false,"_monsterinsights_sitenote_note":"","_monsterinsights_sitenote_category":0,"footnotes":""},"categories":[75,746,152,743,344],"tags":[],"class_list":["post-727744","post","type-post","status-publish","format-standard","hentry","category-calcio","category-calciomercato","category-milan","category-notizie","category-serie-a"],"aioseo_notices":[],"_links":{"self":[{"href":"https:\/\/nugnes.com\/index.php?rest_route=\/wp\/v2\/posts\/727744","targetHints":{"allow":["GET"]}}],"collection":[{"href":"https:\/\/nugnes.com\/index.php?rest_route=\/wp\/v2\/posts"}],"about":[{"href":"https:\/\/nugnes.com\/index.php?rest_route=\/wp\/v2\/types\/post"}],"author":[{"embeddable":true,"href":"https:\/\/nugnes.com\/index.php?rest_route=\/wp\/v2\/users\/81"}],"replies":[{"embeddable":true,"href":"https:\/\/nugnes.com\/index.php?rest_route=%2Fwp%2Fv2%2Fcomments&post=727744"}],"version-history":[{"count":1,"href":"https:\/\/nugnes.com\/index.php?rest_route=\/wp\/v2\/posts\/727744\/revisions"}],"predecessor-version":[{"id":727745,"href":"https:\/\/nugnes.com\/index.php?rest_route=\/wp\/v2\/posts\/727744\/revisions\/727745"}],"wp:attachment":[{"href":"https:\/\/nugnes.com\/index.php?rest_route=%2Fwp%2Fv2%2Fmedia&parent=727744"}],"wp:term":[{"taxonomy":"category","embeddable":true,"href":"https:\/\/nugnes.com\/index.php?rest_route=%2Fwp%2Fv2%2Fcategories&post=727744"},{"taxonomy":"post_tag","embeddable":true,"href":"https:\/\/nugnes.com\/index.php?rest_route=%2Fwp%2Fv2%2Ftags&post=727744"}],"curies":[{"name":"wp","href":"https:\/\/api.w.org\/{rel}","templated":true}]}}