{"id":729361,"date":"2025-06-27T16:00:44","date_gmt":"2025-06-27T16:00:44","guid":{"rendered":"https:\/\/www.fanpage.it\/milano\/?p=346245"},"modified":"2025-06-27T16:00:44","modified_gmt":"2025-06-27T16:00:44","slug":"milano-pride-2025-il-percorso-della-parata-sabato-28-giugno-strade-chiuse-e-bus-deviati","status":"publish","type":"post","link":"https:\/\/nugnes.com\/?p=729361","title":{"rendered":"Milano Pride 2025, il percorso della parata sabato 28 giugno: strade chiuse e bus deviati"},"content":{"rendered":"<img src=\"https:\/\/staticfanpage.akamaized.net\/wp-content\/uploads\/sites\/29\/2025\/06\/milano-pride-2024-parata-300x225.jpg\" \/><br \/>Sabato 28 giugno si terr\u00e0 il Milano Pride 2025. Il corteo partir\u00e0 alle 15:30 da via Pasini, davanti alla Stazione Centrale, e si concluder\u00e0 alle 18 all'Arco della Pace. Qua avranno luogo i festeggiamenti che dureranno fino all'1 di notte.<br \/><a href=\"https:\/\/www.fanpage.it\/milano\/milano-pride-2025-il-percorso-della-parata-sabato-28-giugno-strade-chiuse-e-bus-deviati\/\">Continua a leggere<\/a>","protected":false},"excerpt":{"rendered":"<p>Sabato 28 giugno si terr\u00e0 il Milano Pride 2025. Il corteo partir\u00e0 alle 15:30 da via Pasini, davanti alla Stazione Centrale, e si concluder\u00e0 alle 18 all&#8217;Arco della Pace. Qua avranno luogo i festeggiamenti che dureranno fino all&#8217;1 di notte.Continua a leg&#8230;<\/p>\n","protected":false},"author":295,"featured_media":0,"comment_status":"closed","ping_status":"closed","sticky":false,"template":"","format":"standard","meta":{"om_disable_all_campaigns":false,"_monsterinsights_skip_tracking":false,"_monsterinsights_sitenote_active":false,"_monsterinsights_sitenote_note":"","_monsterinsights_sitenote_category":0,"footnotes":""},"categories":[745,10],"tags":[],"class_list":["post-729361","post","type-post","status-publish","format-standard","hentry","category-attualita","category-cronaca"],"aioseo_notices":[],"_links":{"self":[{"href":"https:\/\/nugnes.com\/index.php?rest_route=\/wp\/v2\/posts\/729361","targetHints":{"allow":["GET"]}}],"collection":[{"href":"https:\/\/nugnes.com\/index.php?rest_route=\/wp\/v2\/posts"}],"about":[{"href":"https:\/\/nugnes.com\/index.php?rest_route=\/wp\/v2\/types\/post"}],"author":[{"embeddable":true,"href":"https:\/\/nugnes.com\/index.php?rest_route=\/wp\/v2\/users\/295"}],"replies":[{"embeddable":true,"href":"https:\/\/nugnes.com\/index.php?rest_route=%2Fwp%2Fv2%2Fcomments&post=729361"}],"version-history":[{"count":1,"href":"https:\/\/nugnes.com\/index.php?rest_route=\/wp\/v2\/posts\/729361\/revisions"}],"predecessor-version":[{"id":729362,"href":"https:\/\/nugnes.com\/index.php?rest_route=\/wp\/v2\/posts\/729361\/revisions\/729362"}],"wp:attachment":[{"href":"https:\/\/nugnes.com\/index.php?rest_route=%2Fwp%2Fv2%2Fmedia&parent=729361"}],"wp:term":[{"taxonomy":"category","embeddable":true,"href":"https:\/\/nugnes.com\/index.php?rest_route=%2Fwp%2Fv2%2Fcategories&post=729361"},{"taxonomy":"post_tag","embeddable":true,"href":"https:\/\/nugnes.com\/index.php?rest_route=%2Fwp%2Fv2%2Ftags&post=729361"}],"curies":[{"name":"wp","href":"https:\/\/api.w.org\/{rel}","templated":true}]}}