{"id":75624,"date":"2020-09-11T15:56:40","date_gmt":"2020-09-11T15:56:40","guid":{"rendered":"https:\/\/www.fanpage.it\/?p=1288450"},"modified":"2020-09-21T08:28:40","modified_gmt":"2020-09-21T08:28:40","slug":"elezioni-amministrative-2020-data-candidati-e-come-si-vota","status":"publish","type":"post","link":"https:\/\/nugnes.com\/?p=75624","title":{"rendered":"Amministrative 2020, come si vota alle elezioni comunali del 20 e 21 settembre"},"content":{"rendered":"<img src=\"https:\/\/static.fanpage.it\/wp-content\/uploads\/2017\/06\/elezioni-comunali-2-300x225.jpg\" \/><br \/>Oggi fino alle 15 si vota per le elezioni comunali 2020 in 1.179 citt\u00e0 italiane, compresi anche 18 capoluoghi di provincia e 3 capoluoghi di regione. Urne aperte fino alle 15 di luned\u00ec 21 settembre, mentre lo spoglio delle schede per le comunali \u00e8 in programma nella mattinata di domani, marted\u00ec 22 settembre. Il 49,55% degli aventi diritto ha gi\u00e0 votato, secondo l'ultimo dato sull'affluenza alle urne diffuso alle 23 di domenica 20 settembre dal Ministero dell'Interno. Vediamo come si vota, quali sono le leggi elettorali in vigore, quando inizier\u00e0 lo spoglio e quando si conosceranno i risultati.<br \/><a href=\"https:\/\/www.fanpage.it\/politica\/elezioni-amministrative-2020-data-candidati-e-come-si-vota\/\">Continua a leggere<\/a>","protected":false},"excerpt":{"rendered":"<p>Oggi fino alle 15 si vota per le elezioni comunali 2020 in 1.179 citt\u00e0 italiane, compresi anche 18 capoluoghi di provincia e 3 capoluoghi di regione. Urne aperte fino alle 15 di luned\u00ec 21 settembre, mentre lo spoglio delle schede per le comunali \u00e8 in p&#8230;<\/p>\n","protected":false},"author":108,"featured_media":0,"comment_status":"closed","ping_status":"closed","sticky":false,"template":"","format":"standard","meta":{"om_disable_all_campaigns":false,"_monsterinsights_skip_tracking":false,"_monsterinsights_sitenote_active":false,"_monsterinsights_sitenote_note":"","_monsterinsights_sitenote_category":0,"footnotes":""},"categories":[58,748],"tags":[],"class_list":["post-75624","post","type-post","status-publish","format-standard","hentry","category-elezioni","category-politica-italiana"],"aioseo_notices":[],"_links":{"self":[{"href":"https:\/\/nugnes.com\/index.php?rest_route=\/wp\/v2\/posts\/75624","targetHints":{"allow":["GET"]}}],"collection":[{"href":"https:\/\/nugnes.com\/index.php?rest_route=\/wp\/v2\/posts"}],"about":[{"href":"https:\/\/nugnes.com\/index.php?rest_route=\/wp\/v2\/types\/post"}],"author":[{"embeddable":true,"href":"https:\/\/nugnes.com\/index.php?rest_route=\/wp\/v2\/users\/108"}],"replies":[{"embeddable":true,"href":"https:\/\/nugnes.com\/index.php?rest_route=%2Fwp%2Fv2%2Fcomments&post=75624"}],"version-history":[{"count":4,"href":"https:\/\/nugnes.com\/index.php?rest_route=\/wp\/v2\/posts\/75624\/revisions"}],"predecessor-version":[{"id":80442,"href":"https:\/\/nugnes.com\/index.php?rest_route=\/wp\/v2\/posts\/75624\/revisions\/80442"}],"wp:attachment":[{"href":"https:\/\/nugnes.com\/index.php?rest_route=%2Fwp%2Fv2%2Fmedia&parent=75624"}],"wp:term":[{"taxonomy":"category","embeddable":true,"href":"https:\/\/nugnes.com\/index.php?rest_route=%2Fwp%2Fv2%2Fcategories&post=75624"},{"taxonomy":"post_tag","embeddable":true,"href":"https:\/\/nugnes.com\/index.php?rest_route=%2Fwp%2Fv2%2Ftags&post=75624"}],"curies":[{"name":"wp","href":"https:\/\/api.w.org\/{rel}","templated":true}]}}