{"id":774179,"date":"2025-09-30T05:53:29","date_gmt":"2025-09-30T05:53:29","guid":{"rendered":"https:\/\/www.fanpage.it\/spettacolo\/?p=418748"},"modified":"2025-09-30T05:53:29","modified_gmt":"2025-09-30T05:53:29","slug":"due-concorrenti-del-gf-si-conoscevano-gia-il-retroscena-chi-sono-giulia-e-simone-e-quando-si-sono-incontrati-2","status":"publish","type":"post","link":"https:\/\/nugnes.com\/?p=774179","title":{"rendered":"Due concorrenti del GF si conoscevano gi\u00e0, il retroscena: chi sono Giulia e Simone e quando si sono incontrati"},"content":{"rendered":"<img src=\"https:\/\/staticfanpage.akamaized.net\/wp-content\/uploads\/sites\/25\/2025\/09\/Cristina_Plevani_Oggi-11-300x225.jpg\" \/><br>Emergono i primi retroscena sulla nuova edizione del Grande Fratello, iniziata luned\u00ec 29 settembre su Canale 5. Due concorrenti si conoscevano gi\u00e0 e quello nella Casa non \u00e8 stato il loro primo incontro. Si tratta di Simone De Bianchi e Giulia Soponariu: ecco chi sono e perch\u00e9 si erano gi\u00e0 visti.<br><a href=\"https:\/\/www.fanpage.it\/spettacolo\/programmi-tv\/due-concorrenti-del-gf-si-conoscevano-gia-il-retroscena-chi-sono-giulia-e-simone-e-quando-si-sono-incontrati\/\">Continua a leggere<\/a>","protected":false},"excerpt":{"rendered":"<p>Emergono i primi retroscena sulla nuova edizione del Grande Fratello, iniziata luned\u00ec 29 settembre su Canale 5. Due concorrenti si conoscevano gi\u00e0 e quello nella Casa non \u00e8 stato il loro primo incontro. Si tratta di Simone De Bianchi e Giulia Soponariu&#8230;<\/p>\n","protected":false},"author":275,"featured_media":0,"comment_status":"closed","ping_status":"closed","sticky":false,"template":"","format":"standard","meta":{"om_disable_all_campaigns":false,"_monsterinsights_skip_tracking":false,"_monsterinsights_sitenote_active":false,"_monsterinsights_sitenote_note":"","_monsterinsights_sitenote_category":0,"footnotes":""},"categories":[752],"tags":[],"class_list":["post-774179","post","type-post","status-publish","format-standard","hentry","category-programmi-tv"],"aioseo_notices":[],"_links":{"self":[{"href":"https:\/\/nugnes.com\/index.php?rest_route=\/wp\/v2\/posts\/774179","targetHints":{"allow":["GET"]}}],"collection":[{"href":"https:\/\/nugnes.com\/index.php?rest_route=\/wp\/v2\/posts"}],"about":[{"href":"https:\/\/nugnes.com\/index.php?rest_route=\/wp\/v2\/types\/post"}],"author":[{"embeddable":true,"href":"https:\/\/nugnes.com\/index.php?rest_route=\/wp\/v2\/users\/275"}],"replies":[{"embeddable":true,"href":"https:\/\/nugnes.com\/index.php?rest_route=%2Fwp%2Fv2%2Fcomments&post=774179"}],"version-history":[{"count":1,"href":"https:\/\/nugnes.com\/index.php?rest_route=\/wp\/v2\/posts\/774179\/revisions"}],"predecessor-version":[{"id":774180,"href":"https:\/\/nugnes.com\/index.php?rest_route=\/wp\/v2\/posts\/774179\/revisions\/774180"}],"wp:attachment":[{"href":"https:\/\/nugnes.com\/index.php?rest_route=%2Fwp%2Fv2%2Fmedia&parent=774179"}],"wp:term":[{"taxonomy":"category","embeddable":true,"href":"https:\/\/nugnes.com\/index.php?rest_route=%2Fwp%2Fv2%2Fcategories&post=774179"},{"taxonomy":"post_tag","embeddable":true,"href":"https:\/\/nugnes.com\/index.php?rest_route=%2Fwp%2Fv2%2Ftags&post=774179"}],"curies":[{"name":"wp","href":"https:\/\/api.w.org\/{rel}","templated":true}]}}