{"id":778673,"date":"2025-10-06T13:55:42","date_gmt":"2025-10-06T13:55:42","guid":{"rendered":"https:\/\/www.lettera43.it\/?p=1252190"},"modified":"2025-10-06T13:55:42","modified_gmt":"2025-10-06T13:55:42","slug":"francia-la-classifica-dei-governi-piu-brevi-dopo-quello-di-lecornu","status":"publish","type":"post","link":"https:\/\/nugnes.com\/?p=778673","title":{"rendered":"Francia, la classifica dei governi pi\u00f9 brevi dopo quello di Lecornu"},"content":{"rendered":"\n<p>Luned\u00ec 6 ottobre <a href=\"https:\/\/www.lettera43.it\/dimesso-premier-francese-sabastien-lecornu\/\"><strong>S\u00e9bastien Lecornu <\/strong>ha rassegnato le dimissioni<\/a> da primo ministro dopo appena 27 giorni a Matignon, e meno di 24 ore dopo aver presentato la squadra di governo. Con lui si chiude il mandato pi\u00f9 breve nella storia della Quinta Repubblica: secondo un calcolo di\u00a0<em>Le Monde<\/em>, l\u2019esecutivo Lecornu \u00e8 rimasto in carica soltanto <strong>836 minuti<\/strong>, dall\u2019annuncio ufficiale dell\u2019Eliseo domenica alle 19.45 fino alle dimissioni formalizzate luned\u00ec mattina alle 9.41. Il <a href=\"https:\/\/www.lettera43.it\/lecornu-perche-dimesso-premier-francese\/\">motivo alla base della rinuncia<\/a> \u00e8 stato il timore legato al voto di fiducia all\u2019<strong>Assemblea nazionale<\/strong>, che si preannunciava fallimentare dopo le critiche arrivate sia dalla maggioranza sia dall\u2019opposizione al nuovo gabinetto, rimasto per lo pi\u00f9 invariato rispetto a quello di Bayrou.<\/p>\n\n\n<figure class=\"wp-block-image size-full\"><a href=\"https:\/\/www.lettera43.it\/galleria\/1252190\/1252094\"><img data-has-syndication-rights=\"1\" data-portal-copyright=\"Lettera43\" data-licensor-name=\"Lettera43\" decoding=\"async\" width=\"1200\" height=\"800\" src=\"https:\/\/www.lettera43.it\/wp-content\/uploads\/2025\/10\/tagfin_20251006145123659_a28e499ac52a08aaf002e3405db67303.jpg\" alt=\"Francia, la classifica dei governi pi\u00f9 brevi dopo quello di Lecornu\" class=\"wp-image-1252094 lazyload\" title=\"Francia, la classifica dei governi pi\u00f9 brevi dopo quello di Lecornu\" data-src=\"https:\/\/www.lettera43.it\/wp-content\/uploads\/2025\/10\/tagfin_20251006145123659_a28e499ac52a08aaf002e3405db67303.jpg\" loading=\"lazy\" data-has-syndication-rights=\"1\" data-licensor-name=\"Lettera43\" srcset=\"https:\/\/www.lettera43.it\/wp-content\/uploads\/2025\/10\/tagfin_20251006145123659_a28e499ac52a08aaf002e3405db67303.jpg 1200w, https:\/\/www.lettera43.it\/wp-content\/uploads\/2025\/10\/tagfin_20251006145123659_a28e499ac52a08aaf002e3405db67303-800x533.jpg 800w, https:\/\/www.lettera43.it\/wp-content\/uploads\/2025\/10\/tagfin_20251006145123659_a28e499ac52a08aaf002e3405db67303-390x260.jpg 390w\" sizes=\"auto, (max-width: 1200px) 100vw, 1200px\" \/><\/a><figcaption class=\"wp-element-caption\">S\u00e9bastien Lecornu (Ansa).<\/figcaption><\/figure>\n\n\n<h2 class=\"wp-block-heading\"><strong>I governi francesi pi\u00f9 brevi dopo quello di Lecornu<\/strong><\/h2>\n\n\n\n<p>Con meno di un mese al potere, Lecornu supera il record negativo di <strong>Michel Barnier<\/strong>, rimasto in carica poco meno di tre mesi tra settembre e dicembre 2024. Barnier, ex negoziatore Ue per la Brexit, fu sfiduciato per una manovra di bilancio giudicata troppo dura, sostenuta da una maggioranza trasversale che un\u00ec il <strong>Rassemblement National <\/strong>di Marine Le Pen e <strong>La France Insoumise<\/strong> di Jean-Luc M\u00e9lenchon. Anche il successore di Barnier, <strong>Fran\u00e7ois Bayrou<\/strong>, non ha resistito a lungo: il suo governo, in carica dal 23 dicembre 2024 al 9 settembre scorso, \u00e8 stato travolto da un\u2019altra mozione di sfiducia. Per trovare mandati tanto brevi bisogna tornare alla Quarta Repubblica. Nel luglio 1950 <strong>Henri Queuille<\/strong> rimase in carica due giorni, mentre <strong>Andr\u00e9 Marie<\/strong>, nel 1948, dur\u00f2 solo otto. Pi\u00f9 di recente, Bernard Cazeneuve, ultimo premier di <strong>Fran\u00e7ois Hollande<\/strong>, rest\u00f2 al potere 161 giorni. <\/p>\n","protected":false},"excerpt":{"rendered":"<p>Il premier si \u00e8 dimesso dopo soli 27 giorni al potere e meno di 24 ore dopo aver annunciato la composizione del suo nuovo esecutivo. Per trovare mandati tanto rapidi bisogna tornare al 1950.<\/p>\n","protected":false},"author":4,"featured_media":0,"comment_status":"closed","ping_status":"closed","sticky":false,"template":"","format":"standard","meta":{"om_disable_all_campaigns":false,"_monsterinsights_skip_tracking":false,"_monsterinsights_sitenote_active":false,"_monsterinsights_sitenote_note":"","_monsterinsights_sitenote_category":0,"footnotes":""},"categories":[745],"tags":[],"class_list":["post-778673","post","type-post","status-publish","format-standard","hentry","category-attualita"],"aioseo_notices":[],"_links":{"self":[{"href":"https:\/\/nugnes.com\/index.php?rest_route=\/wp\/v2\/posts\/778673","targetHints":{"allow":["GET"]}}],"collection":[{"href":"https:\/\/nugnes.com\/index.php?rest_route=\/wp\/v2\/posts"}],"about":[{"href":"https:\/\/nugnes.com\/index.php?rest_route=\/wp\/v2\/types\/post"}],"author":[{"embeddable":true,"href":"https:\/\/nugnes.com\/index.php?rest_route=\/wp\/v2\/users\/4"}],"replies":[{"embeddable":true,"href":"https:\/\/nugnes.com\/index.php?rest_route=%2Fwp%2Fv2%2Fcomments&post=778673"}],"version-history":[{"count":1,"href":"https:\/\/nugnes.com\/index.php?rest_route=\/wp\/v2\/posts\/778673\/revisions"}],"predecessor-version":[{"id":778674,"href":"https:\/\/nugnes.com\/index.php?rest_route=\/wp\/v2\/posts\/778673\/revisions\/778674"}],"wp:attachment":[{"href":"https:\/\/nugnes.com\/index.php?rest_route=%2Fwp%2Fv2%2Fmedia&parent=778673"}],"wp:term":[{"taxonomy":"category","embeddable":true,"href":"https:\/\/nugnes.com\/index.php?rest_route=%2Fwp%2Fv2%2Fcategories&post=778673"},{"taxonomy":"post_tag","embeddable":true,"href":"https:\/\/nugnes.com\/index.php?rest_route=%2Fwp%2Fv2%2Ftags&post=778673"}],"curies":[{"name":"wp","href":"https:\/\/api.w.org\/{rel}","templated":true}]}}