{"id":78112,"date":"2020-09-16T15:27:19","date_gmt":"2020-09-16T15:27:19","guid":{"rendered":"https:\/\/www.fanpage.it\/milano\/?p=32494"},"modified":"2020-09-16T15:27:19","modified_gmt":"2020-09-16T15:27:19","slug":"salvini-contestato-a-legnano-durante-il-comizio-un-49-sul-balcone-con-i-palloncini-e-urla-ladro-2","status":"publish","type":"post","link":"https:\/\/nugnes.com\/?p=78112","title":{"rendered":"Salvini contestato a Legnano: durante il comizio un 49 sul balcone con i palloncini e urla \u201cladro\u201d"},"content":{"rendered":"<img src=\"https:\/\/static.fanpage.it\/wp-content\/uploads\/sites\/29\/2020\/09\/Salvini-Legnano-638x425.jpg\" \/><br \/>Matteo Salvini \u00e8 stato accolto con una contestazione a Legnano, la citt\u00e0 del Carroccio, dove \u00e8 intervenuto a sostegno della candidata sindaca della Lega. Mentre parlava dal palco su un balcone \u00e8 comparso il numero '49' mentre un gruppo di ragazzi ha urlato \"ladro\" e \"restituisci i 49 milioni\".<br \/><a href=\"https:\/\/www.fanpage.it\/milano\/salvini-contestato-a-legnano-durante-il-comizio-un-49-sul-balcone-con-i-palloncini-e-urla-ladro\/\">Continua a leggere<\/a>","protected":false},"excerpt":{"rendered":"<p>Matteo Salvini \u00e8 stato accolto con una contestazione a Legnano, la citt\u00e0 del Carroccio, dove \u00e8 intervenuto a sostegno della candidata sindaca della Lega. Mentre parlava dal palco su un balcone \u00e8 comparso il numero &#8217;49&#8217; mentre un gruppo di ragazzi ha ur&#8230;<\/p>\n","protected":false},"author":115,"featured_media":0,"comment_status":"closed","ping_status":"closed","sticky":false,"template":"","format":"standard","meta":{"om_disable_all_campaigns":false,"_monsterinsights_skip_tracking":false,"_monsterinsights_sitenote_active":false,"_monsterinsights_sitenote_note":"","_monsterinsights_sitenote_category":0,"footnotes":""},"categories":[745,236,15],"tags":[],"class_list":["post-78112","post","type-post","status-publish","format-standard","hentry","category-attualita","category-lombardia","category-politica"],"aioseo_notices":[],"_links":{"self":[{"href":"https:\/\/nugnes.com\/index.php?rest_route=\/wp\/v2\/posts\/78112","targetHints":{"allow":["GET"]}}],"collection":[{"href":"https:\/\/nugnes.com\/index.php?rest_route=\/wp\/v2\/posts"}],"about":[{"href":"https:\/\/nugnes.com\/index.php?rest_route=\/wp\/v2\/types\/post"}],"author":[{"embeddable":true,"href":"https:\/\/nugnes.com\/index.php?rest_route=\/wp\/v2\/users\/115"}],"replies":[{"embeddable":true,"href":"https:\/\/nugnes.com\/index.php?rest_route=%2Fwp%2Fv2%2Fcomments&post=78112"}],"version-history":[{"count":1,"href":"https:\/\/nugnes.com\/index.php?rest_route=\/wp\/v2\/posts\/78112\/revisions"}],"predecessor-version":[{"id":78115,"href":"https:\/\/nugnes.com\/index.php?rest_route=\/wp\/v2\/posts\/78112\/revisions\/78115"}],"wp:attachment":[{"href":"https:\/\/nugnes.com\/index.php?rest_route=%2Fwp%2Fv2%2Fmedia&parent=78112"}],"wp:term":[{"taxonomy":"category","embeddable":true,"href":"https:\/\/nugnes.com\/index.php?rest_route=%2Fwp%2Fv2%2Fcategories&post=78112"},{"taxonomy":"post_tag","embeddable":true,"href":"https:\/\/nugnes.com\/index.php?rest_route=%2Fwp%2Fv2%2Ftags&post=78112"}],"curies":[{"name":"wp","href":"https:\/\/api.w.org\/{rel}","templated":true}]}}