{"id":78178,"date":"2020-09-16T14:45:26","date_gmt":"2020-09-16T14:45:26","guid":{"rendered":"https:\/\/www.fanpage.it\/sport\/?p=1288670"},"modified":"2020-09-16T14:45:26","modified_gmt":"2020-09-16T14:45:26","slug":"kean-e-sul-mercato-la-decisione-di-ancelotti-juventus-interessata-al-prestito-2","status":"publish","type":"post","link":"https:\/\/nugnes.com\/?p=78178","title":{"rendered":"Kean \u00e8 sul mercato, la decisione di Ancelotti: Juventus interessata al prestito"},"content":{"rendered":"<img src=\"https:\/\/static.fanpage.it\/wp-content\/uploads\/sites\/27\/2020\/09\/kean-ancelotti-everton-mercato.jpg\" \/><br \/>L'Everton ha deciso che Moise Kean pu\u00f2 essere ceduto. Carlo Ancelotti non lo vede centrale nel suo disegno e cos\u00ec il club britannico sarebbe disposto ad ascoltare le offerte per l'attaccante della Nazionale, per il quale gi\u00e0 si \u00e8 parlato di un ritorno alla Juventus. Il club bianconero lo vorrebbe in prestito con obbligo di riscatto\u00a0e diventerebbe la prima alternativa per l\u2019attacco di Pirlo.<br \/><a href=\"https:\/\/www.fanpage.it\/sport\/calcio\/kean-e-sul-mercato-la-decisione-di-ancelotti-juventus-interessata-al-prestito\/\">Continua a leggere<\/a>","protected":false},"excerpt":{"rendered":"<p>L&#8217;Everton ha deciso che Moise Kean pu\u00f2 essere ceduto. Carlo Ancelotti non lo vede centrale nel suo disegno e cos\u00ec il club britannico sarebbe disposto ad ascoltare le offerte per l&#8217;attaccante della Nazionale, per il quale gi\u00e0 si \u00e8 parlato di un ritorno &#8230;<\/p>\n","protected":false},"author":155,"featured_media":0,"comment_status":"closed","ping_status":"closed","sticky":false,"template":"","format":"standard","meta":{"om_disable_all_campaigns":false,"_monsterinsights_skip_tracking":false,"_monsterinsights_sitenote_active":false,"_monsterinsights_sitenote_note":"","_monsterinsights_sitenote_category":0,"footnotes":""},"categories":[75,746,743,756],"tags":[],"class_list":["post-78178","post","type-post","status-publish","format-standard","hentry","category-calcio","category-calciomercato","category-notizie","category-premier-league"],"aioseo_notices":[],"_links":{"self":[{"href":"https:\/\/nugnes.com\/index.php?rest_route=\/wp\/v2\/posts\/78178","targetHints":{"allow":["GET"]}}],"collection":[{"href":"https:\/\/nugnes.com\/index.php?rest_route=\/wp\/v2\/posts"}],"about":[{"href":"https:\/\/nugnes.com\/index.php?rest_route=\/wp\/v2\/types\/post"}],"author":[{"embeddable":true,"href":"https:\/\/nugnes.com\/index.php?rest_route=\/wp\/v2\/users\/155"}],"replies":[{"embeddable":true,"href":"https:\/\/nugnes.com\/index.php?rest_route=%2Fwp%2Fv2%2Fcomments&post=78178"}],"version-history":[{"count":1,"href":"https:\/\/nugnes.com\/index.php?rest_route=\/wp\/v2\/posts\/78178\/revisions"}],"predecessor-version":[{"id":78180,"href":"https:\/\/nugnes.com\/index.php?rest_route=\/wp\/v2\/posts\/78178\/revisions\/78180"}],"wp:attachment":[{"href":"https:\/\/nugnes.com\/index.php?rest_route=%2Fwp%2Fv2%2Fmedia&parent=78178"}],"wp:term":[{"taxonomy":"category","embeddable":true,"href":"https:\/\/nugnes.com\/index.php?rest_route=%2Fwp%2Fv2%2Fcategories&post=78178"},{"taxonomy":"post_tag","embeddable":true,"href":"https:\/\/nugnes.com\/index.php?rest_route=%2Fwp%2Fv2%2Ftags&post=78178"}],"curies":[{"name":"wp","href":"https:\/\/api.w.org\/{rel}","templated":true}]}}