{"id":79732,"date":"2020-09-19T10:21:47","date_gmt":"2020-09-19T10:21:47","guid":{"rendered":"https:\/\/www.fanpage.it\/milano\/?p=33196"},"modified":"2020-09-19T10:21:47","modified_gmt":"2020-09-19T10:21:47","slug":"valtellina-ragazzo-di-18-anni-vittima-di-razzismo-la-scritta-lasciata-sulla-cassetta-della-posta","status":"publish","type":"post","link":"https:\/\/nugnes.com\/?p=79732","title":{"rendered":"Valtellina, ragazzo di 18 anni vittima di razzismo: la scritta lasciata sulla cassetta della posta"},"content":{"rendered":"<img src=\"https:\/\/static.fanpage.it\/wp-content\/uploads\/sites\/29\/2020\/09\/negro-souflan-razzismo-1600508642179-300x225.jpg\" \/><br \/>Un grave episodio di razzismo \u00e8 avvenuto in Valtellina nel piccolo comune di Delebio in provincia di Sondrio dove sulla cassetta della posta di una famiglia di origine marocchina \u00e8 stata lasciata la scritta: \"Qui abita un negro. DVX\", accompagnata da una croce celtica. A denunciare sui social l'accaduto \u00e8 il 18enne Souflan vittima dell'episodio che ha commentato: \"La scritta e la parola 'Dux' mi fanno capire che non si pu\u00f2 negare che il razzismo non \u00e8 una realt\u00e0 lontana ma \u00e8 presente anche da noi\"<br \/><a href=\"https:\/\/www.fanpage.it\/milano\/valtellina-ragazzo-di-18-anni-vittima-di-razzismo-la-scritta-lasciata-sulla-cassetta-della-posta\/\">Continua a leggere<\/a>","protected":false},"excerpt":{"rendered":"<p>Un grave episodio di razzismo \u00e8 avvenuto in Valtellina nel piccolo comune di Delebio in provincia di Sondrio dove sulla cassetta della posta di una famiglia di origine marocchina \u00e8 stata lasciata la scritta: &#8220;Qui abita un negro. DVX&#8221;, accompagnata da u&#8230;<\/p>\n","protected":false},"author":119,"featured_media":0,"comment_status":"closed","ping_status":"closed","sticky":false,"template":"","format":"standard","meta":{"om_disable_all_campaigns":false,"_monsterinsights_skip_tracking":false,"_monsterinsights_sitenote_active":false,"_monsterinsights_sitenote_note":"","_monsterinsights_sitenote_category":0,"footnotes":""},"categories":[745,766,10,236],"tags":[],"class_list":["post-79732","post","type-post","status-publish","format-standard","hentry","category-attualita","category-bergamo","category-cronaca","category-lombardia"],"aioseo_notices":[],"_links":{"self":[{"href":"https:\/\/nugnes.com\/index.php?rest_route=\/wp\/v2\/posts\/79732","targetHints":{"allow":["GET"]}}],"collection":[{"href":"https:\/\/nugnes.com\/index.php?rest_route=\/wp\/v2\/posts"}],"about":[{"href":"https:\/\/nugnes.com\/index.php?rest_route=\/wp\/v2\/types\/post"}],"author":[{"embeddable":true,"href":"https:\/\/nugnes.com\/index.php?rest_route=\/wp\/v2\/users\/119"}],"replies":[{"embeddable":true,"href":"https:\/\/nugnes.com\/index.php?rest_route=%2Fwp%2Fv2%2Fcomments&post=79732"}],"version-history":[{"count":1,"href":"https:\/\/nugnes.com\/index.php?rest_route=\/wp\/v2\/posts\/79732\/revisions"}],"predecessor-version":[{"id":79733,"href":"https:\/\/nugnes.com\/index.php?rest_route=\/wp\/v2\/posts\/79732\/revisions\/79733"}],"wp:attachment":[{"href":"https:\/\/nugnes.com\/index.php?rest_route=%2Fwp%2Fv2%2Fmedia&parent=79732"}],"wp:term":[{"taxonomy":"category","embeddable":true,"href":"https:\/\/nugnes.com\/index.php?rest_route=%2Fwp%2Fv2%2Fcategories&post=79732"},{"taxonomy":"post_tag","embeddable":true,"href":"https:\/\/nugnes.com\/index.php?rest_route=%2Fwp%2Fv2%2Ftags&post=79732"}],"curies":[{"name":"wp","href":"https:\/\/api.w.org\/{rel}","templated":true}]}}