{"id":79789,"date":"2020-09-19T10:30:13","date_gmt":"2020-09-19T10:30:13","guid":{"rendered":"https:\/\/www.fanpage.it\/?p=1292206"},"modified":"2020-09-19T10:30:13","modified_gmt":"2020-09-19T10:30:13","slug":"perche-al-referendum-sul-taglio-dei-parlamentari-non-ce-il-quorum","status":"publish","type":"post","link":"https:\/\/nugnes.com\/?p=79789","title":{"rendered":"Perch\u00e9 al referendum sul taglio dei parlamentari non c\u2019\u00e8 il quorum"},"content":{"rendered":"<img src=\"https:\/\/static.fanpage.it\/wp-content\/uploads\/2020\/08\/REFERENDUM-2020-STORIA-300x225.jpg\" \/><br \/>Il referendum costituzionale sul taglio del numero dei parlamentari del 20 e 21 settembre non prevede un quorum. Il che vuol dire che il voto sar\u00e0 valido indipendentemente dall'affluenza alle urne. Vediamo che cos'\u00e8 il quorum, quando viene previsto e perch\u00e9 non ci sar\u00e0 per questo voto referendario.<br \/><a href=\"https:\/\/www.fanpage.it\/politica\/perche-al-referendum-sul-taglio-dei-parlamentari-non-ce-il-quorum\/\">Continua a leggere<\/a>","protected":false},"excerpt":{"rendered":"<p>Il referendum costituzionale sul taglio del numero dei parlamentari del 20 e 21 settembre non prevede un quorum. Il che vuol dire che il voto sar\u00e0 valido indipendentemente dall&#8217;affluenza alle urne. Vediamo che cos&#8217;\u00e8 il quorum, quando viene previsto e p&#8230;<\/p>\n","protected":false},"author":108,"featured_media":0,"comment_status":"closed","ping_status":"closed","sticky":false,"template":"","format":"standard","meta":{"om_disable_all_campaigns":false,"_monsterinsights_skip_tracking":false,"_monsterinsights_sitenote_active":false,"_monsterinsights_sitenote_note":"","_monsterinsights_sitenote_category":0,"footnotes":""},"categories":[58,748],"tags":[],"class_list":["post-79789","post","type-post","status-publish","format-standard","hentry","category-elezioni","category-politica-italiana"],"aioseo_notices":[],"_links":{"self":[{"href":"https:\/\/nugnes.com\/index.php?rest_route=\/wp\/v2\/posts\/79789","targetHints":{"allow":["GET"]}}],"collection":[{"href":"https:\/\/nugnes.com\/index.php?rest_route=\/wp\/v2\/posts"}],"about":[{"href":"https:\/\/nugnes.com\/index.php?rest_route=\/wp\/v2\/types\/post"}],"author":[{"embeddable":true,"href":"https:\/\/nugnes.com\/index.php?rest_route=\/wp\/v2\/users\/108"}],"replies":[{"embeddable":true,"href":"https:\/\/nugnes.com\/index.php?rest_route=%2Fwp%2Fv2%2Fcomments&post=79789"}],"version-history":[{"count":1,"href":"https:\/\/nugnes.com\/index.php?rest_route=\/wp\/v2\/posts\/79789\/revisions"}],"predecessor-version":[{"id":79790,"href":"https:\/\/nugnes.com\/index.php?rest_route=\/wp\/v2\/posts\/79789\/revisions\/79790"}],"wp:attachment":[{"href":"https:\/\/nugnes.com\/index.php?rest_route=%2Fwp%2Fv2%2Fmedia&parent=79789"}],"wp:term":[{"taxonomy":"category","embeddable":true,"href":"https:\/\/nugnes.com\/index.php?rest_route=%2Fwp%2Fv2%2Fcategories&post=79789"},{"taxonomy":"post_tag","embeddable":true,"href":"https:\/\/nugnes.com\/index.php?rest_route=%2Fwp%2Fv2%2Ftags&post=79789"}],"curies":[{"name":"wp","href":"https:\/\/api.w.org\/{rel}","templated":true}]}}