{"id":798666,"date":"2025-11-03T18:14:43","date_gmt":"2025-11-03T18:14:43","guid":{"rendered":"http:\/\/nugnes.com\/?guid=b47ffb6335b9ad97cd8dfe4c9528d9db"},"modified":"2025-11-03T18:14:43","modified_gmt":"2025-11-03T18:14:43","slug":"omicidio-di-aurora-tila-lex-fidanzato-condannato-a-17-anni","status":"publish","type":"post","link":"https:\/\/nugnes.com\/?p=798666","title":{"rendered":"Omicidio di Aurora Tila, l&#8217;ex fidanzato condannato a 17 anni"},"content":{"rendered":"<p>AGI - Il&nbsp;<strong>Tribunale per i minorenni di Bologna<\/strong>&nbsp;ha&nbsp;<strong>condannato<\/strong>, con il rito abbreviato, alla pena di&nbsp;<strong>17 anni<\/strong>, il&nbsp;<strong>16enne<\/strong>&nbsp;accusato dell'<strong>omicidio pluriaggravato<\/strong>&nbsp;della sua&nbsp;<strong>ex ragazza<\/strong>,&nbsp;<strong>Aurora Tila<\/strong>, la&nbsp;<strong>13enne<\/strong>&nbsp;morta a&nbsp;<strong>Piacenza<\/strong>&nbsp;il&nbsp;<strong>25 ottobre del 2024<\/strong>, dopo essere&nbsp;<strong>precipitata da un balcone<\/strong>&nbsp;al settimo piano dell'edificio in cui viveva con la sua famiglia.<\/p>\n<p>Il pm aveva chiesto una condanna a 20 anni e 8 mesi. Secondo l'<strong>accusa<\/strong>, il&nbsp;<strong>16enne<\/strong>, che si \u00e8 sempre dichiarato innocente, l'avrebbe&nbsp;<strong>spinta gi\u00f9 dal balcone<\/strong>,&nbsp;<strong>colpendola poi alle mani<\/strong>&nbsp;per farla cadere, dopo che si era aggrappata alla&nbsp;<strong>ringhiera<\/strong>, come raccontato anche da alcuni&nbsp;<strong>testimoni<\/strong>&nbsp;di un palazzo vicino.<\/p>\n<h2>La madre, mia figlia uccisa per aver detto no<\/h2>\n<p>\"L'ha uccisa perch\u00e9, al di l\u00e0 dello squilibrio mentale, \u00e8 un assassino di suo: \u00e8 gente che nasce cos\u00ec. L'ha uccisa per gelosia? Pu\u00f2 essere. Per possesso? Sicuramente, perch\u00e9 lei aveva detto di no, non lo voleva pi\u00f9\". Cos\u00ec Morena Corbellini, madre della&nbsp;<strong>13enne Aurora Tila<\/strong>, morta il&nbsp;<strong>25 ottobre dell'anno scorso<\/strong>&nbsp;a&nbsp;<strong>Piacenza<\/strong>.<\/p>\n<p>Per la sua morte \u00e8 a processo l'<strong>ex ragazzo 16enne<\/strong>, accusato di&nbsp;<strong>omicidio aggravato da stalking<\/strong>.<\/p>\n<h2>La dinamica del femminicidio&nbsp;<\/h2>\n<p>La ragazzina mor\u00ec dopo essere precipitata dal&nbsp;<strong>balcone del settimo piano<\/strong>&nbsp;del palazzo in cui viveva. Secondo l'accusa il&nbsp;<strong>16enne<\/strong>, che si \u00e8 sempre dichiarato innocente, l'avrebbe&nbsp;<strong>spinta gi\u00f9 dal balcone<\/strong>.<\/p>\n<p>&nbsp;<\/p>","protected":false},"excerpt":{"rendered":"<p>AGI &#8211; Il&nbsp;Tribunale per i minorenni di Bologna&nbsp;ha&nbsp;condannato, con il rito abbreviato, alla pena di&nbsp;17 anni, il&nbsp;16enne&nbsp;accusato dell&#8217;omicidio pluriaggravato&nbsp;della sua&nbsp;ex ragazza,&nbsp;Aurora Tila, la&nbsp;13enne&amp;nb&#8230;<\/p>\n","protected":false},"author":298,"featured_media":0,"comment_status":"closed","ping_status":"closed","sticky":false,"template":"","format":"standard","meta":{"om_disable_all_campaigns":false,"_monsterinsights_skip_tracking":false,"_monsterinsights_sitenote_active":false,"_monsterinsights_sitenote_note":"","_monsterinsights_sitenote_category":0,"footnotes":""},"categories":[10],"tags":[],"class_list":["post-798666","post","type-post","status-publish","format-standard","hentry","category-cronaca"],"aioseo_notices":[],"_links":{"self":[{"href":"https:\/\/nugnes.com\/index.php?rest_route=\/wp\/v2\/posts\/798666","targetHints":{"allow":["GET"]}}],"collection":[{"href":"https:\/\/nugnes.com\/index.php?rest_route=\/wp\/v2\/posts"}],"about":[{"href":"https:\/\/nugnes.com\/index.php?rest_route=\/wp\/v2\/types\/post"}],"author":[{"embeddable":true,"href":"https:\/\/nugnes.com\/index.php?rest_route=\/wp\/v2\/users\/298"}],"replies":[{"embeddable":true,"href":"https:\/\/nugnes.com\/index.php?rest_route=%2Fwp%2Fv2%2Fcomments&post=798666"}],"version-history":[{"count":1,"href":"https:\/\/nugnes.com\/index.php?rest_route=\/wp\/v2\/posts\/798666\/revisions"}],"predecessor-version":[{"id":798667,"href":"https:\/\/nugnes.com\/index.php?rest_route=\/wp\/v2\/posts\/798666\/revisions\/798667"}],"wp:attachment":[{"href":"https:\/\/nugnes.com\/index.php?rest_route=%2Fwp%2Fv2%2Fmedia&parent=798666"}],"wp:term":[{"taxonomy":"category","embeddable":true,"href":"https:\/\/nugnes.com\/index.php?rest_route=%2Fwp%2Fv2%2Fcategories&post=798666"},{"taxonomy":"post_tag","embeddable":true,"href":"https:\/\/nugnes.com\/index.php?rest_route=%2Fwp%2Fv2%2Ftags&post=798666"}],"curies":[{"name":"wp","href":"https:\/\/api.w.org\/{rel}","templated":true}]}}