{"id":798703,"date":"2025-11-03T18:18:00","date_gmt":"2025-11-03T18:18:00","guid":{"rendered":"https:\/\/www.lettera43.it\/?p=1260077"},"modified":"2025-11-03T18:18:00","modified_gmt":"2025-11-03T18:18:00","slug":"crollo-della-torre-dei-conti-aperta-unindagine-per-disastro-colposo","status":"publish","type":"post","link":"https:\/\/nugnes.com\/?p=798703","title":{"rendered":"Crollo della Torre dei Conti: aperta un\u2019indagine per disastro colposo"},"content":{"rendered":"\n<p>I pm di Roma stanno gi\u00e0 indagando per <strong>disastro colposo <\/strong>e lesioni colpose in relazione al <strong>crollo parziale della Torre dei Conti<\/strong>, nella zona dei Fori Imperiali. Per <strong>ricostruire la dinamica<\/strong> e <strong>accertare le cause<\/strong> di quanto accaduto, gli inquirenti disporranno una <strong>consulenza tecnica<\/strong>. Proseguono intanto le <strong>operazioni di soccorso<\/strong> dell\u2019<strong>operaio rimasto sotto le macerie<\/strong>: l\u2019uomo, un 66enne rumeno, \u00e8 cosciente ma si tratta di una corsa contro il tempo. \u00abQuello che possiamo dire \u00e8 che sar\u00e0 un&#8217;operazione complessa, perch\u00e9 il rischio di crollo \u00e8 altissimo. Ci proveremo in tutte le maniere perch\u00e9 la priorit\u00e0 assoluta \u00e8 salvare questa vita umana\u00bb, ha detto il <strong>prefetto di Roma<\/strong> Lamberto Giannini. Dopo il primo crollo, in mattinata ce n\u2019\u00e8 stato un secondo che ha investito anche la squadra dei <strong>vigili del fuoco <\/strong>che stava operando proprio per estrarre l&#8217;operaio bloccato tra le macerie: tutti salvi.<\/p>\n","protected":false},"excerpt":{"rendered":"<p>Gli inquirenti disporranno una consulenza tecnica per ricostruire la dinamica e accertare le cause di quanto accaduto in zona Fori Imperiali.<\/p>\n","protected":false},"author":4,"featured_media":0,"comment_status":"closed","ping_status":"closed","sticky":false,"template":"","format":"standard","meta":{"om_disable_all_campaigns":false,"_monsterinsights_skip_tracking":false,"_monsterinsights_sitenote_active":false,"_monsterinsights_sitenote_note":"","_monsterinsights_sitenote_category":0,"footnotes":""},"categories":[10,1612],"tags":[],"class_list":["post-798703","post","type-post","status-publish","format-standard","hentry","category-cronaca","category-ultima-ora"],"aioseo_notices":[],"_links":{"self":[{"href":"https:\/\/nugnes.com\/index.php?rest_route=\/wp\/v2\/posts\/798703","targetHints":{"allow":["GET"]}}],"collection":[{"href":"https:\/\/nugnes.com\/index.php?rest_route=\/wp\/v2\/posts"}],"about":[{"href":"https:\/\/nugnes.com\/index.php?rest_route=\/wp\/v2\/types\/post"}],"author":[{"embeddable":true,"href":"https:\/\/nugnes.com\/index.php?rest_route=\/wp\/v2\/users\/4"}],"replies":[{"embeddable":true,"href":"https:\/\/nugnes.com\/index.php?rest_route=%2Fwp%2Fv2%2Fcomments&post=798703"}],"version-history":[{"count":1,"href":"https:\/\/nugnes.com\/index.php?rest_route=\/wp\/v2\/posts\/798703\/revisions"}],"predecessor-version":[{"id":798704,"href":"https:\/\/nugnes.com\/index.php?rest_route=\/wp\/v2\/posts\/798703\/revisions\/798704"}],"wp:attachment":[{"href":"https:\/\/nugnes.com\/index.php?rest_route=%2Fwp%2Fv2%2Fmedia&parent=798703"}],"wp:term":[{"taxonomy":"category","embeddable":true,"href":"https:\/\/nugnes.com\/index.php?rest_route=%2Fwp%2Fv2%2Fcategories&post=798703"},{"taxonomy":"post_tag","embeddable":true,"href":"https:\/\/nugnes.com\/index.php?rest_route=%2Fwp%2Fv2%2Ftags&post=798703"}],"curies":[{"name":"wp","href":"https:\/\/api.w.org\/{rel}","templated":true}]}}