{"id":798988,"date":"2025-11-04T08:15:14","date_gmt":"2025-11-04T08:15:14","guid":{"rendered":"https:\/\/www.lettera43.it\/?p=1260092"},"modified":"2025-11-04T08:15:14","modified_gmt":"2025-11-04T08:15:14","slug":"nuovo-contratto-funzioni-locali-140-euro-di-aumenti-stipendi-e-settimana-corta-di-quattro-giorni","status":"publish","type":"post","link":"https:\/\/nugnes.com\/?p=798988","title":{"rendered":"Nuovo contratto Funzioni locali: 140 euro di aumenti stipendi e settimana corta di quattro giorni"},"content":{"rendered":"\n<p>Nella giornata del 3 novembre 2025 \u00e8 arrivata la <strong>firma definitiva<\/strong> del nuovo contratto del comparto delle <strong>Funzioni locali<\/strong>, con aumenti degli stipendi di circa 140 euro medi al mese e possibilit\u00e0 di scegliere la settimana corta di quattro giorni tra le novit\u00e0 non economiche. L\u2019accordo \u00e8 stato siglato da Cisl, Uil, Csa e riguarda il periodo dal 1\u00b0 gennaio 2022 al 31 dicembre 2024. Nell&#8217;intesa si riconosce anche il <strong>buono pasto<\/strong> per i lavoratori occupati in lavoro agile (smart working) e ulteriori tutele sociali e sanitarie. Ecco, dunque, quali sono i passaggi principali dell\u2019accordo che \u00e8 stato raggiunto oggi all\u2019Aran del comparto che comprende il personale dipendente non dirigente degli enti locali come i Comuni, le Province, le Citt\u00e0 Metropolitane e le Unioni dei Comuni; il personale delle Regioni, delle Camere di commercio, delle Comunit\u00e0 montane e delle altre aziende pubbliche.\u00a0<\/p>\n\n\n\n<h2 class=\"wp-block-heading\">Nuovo contratto Funzioni locali 2022-2024: di quanto aumentano gli stipendi? <\/h2>\n\n\n<figure class=\"wp-block-image size-full\"><a href=\"https:\/\/www.lettera43.it\/galleria\/1260092\/1260100\"><img data-has-syndication-rights=\"1\" data-portal-copyright=\"Lettera43\" data-licensor-name=\"Lettera43\" decoding=\"async\" width=\"1200\" height=\"800\" src=\"https:\/\/www.lettera43.it\/wp-content\/uploads\/2025\/11\/soldi_freepik_21.jpg\" alt=\"Nuovo contratto Funzioni locali: 140 euro di aumenti stipendi e settimana corta di quattro giorni\" class=\"wp-image-1260100 lazyload\" title=\"Nuovo contratto Funzioni locali: 140 euro di aumenti stipendi e settimana corta di quattro giorni\" data-src=\"https:\/\/www.lettera43.it\/wp-content\/uploads\/2025\/11\/soldi_freepik_21.jpg\" loading=\"lazy\" data-has-syndication-rights=\"1\" data-licensor-name=\"Lettera43\" srcset=\"https:\/\/www.lettera43.it\/wp-content\/uploads\/2025\/11\/soldi_freepik_21.jpg 1200w, https:\/\/www.lettera43.it\/wp-content\/uploads\/2025\/11\/soldi_freepik_21-800x533.jpg 800w, https:\/\/www.lettera43.it\/wp-content\/uploads\/2025\/11\/soldi_freepik_21-390x260.jpg 390w\" sizes=\"auto, (max-width: 1200px) 100vw, 1200px\" \/><\/a><figcaption class=\"wp-element-caption\">Banconote da 100 euro (Freepik). <\/figcaption><\/figure>\n\n\n<p>Con il nuovo contratto delle Funzioni locali ci saranno <a href=\"https:\/\/www.lettera43.it\/aumenti-stipendi-dipendenti-comunali-232-euro-in-piu-al-mese-arretrati-per-2-195-euro\/\"  rel=\"noreferrer noopener\">aumenti degli stipendi di circa 140 euro al mese<\/a>. Nel dettaglio, si prevede un incremento retributivo medio di <strong>136,76 euro<\/strong> per tredici mensilit\u00e0, pari al 5,78 per cento di aumento rispetto al monte dei salari del 2021, pi\u00f9 lo 0,22 per cento di trattamento accessorio. Per i titolari di incarichi delle elevate qualificazioni il tetto massimo salariale sale dai 18 mila euro del precedente contratto ai 22 mila euro del nuovo accordo.\u00a0<\/p>\n\n\n\n<h2 class=\"wp-block-heading\">Settimana corta di quattro giorni nel nuovo contratto Funzioni locali<\/h2>\n\n\n\n<p>Tra le novit\u00e0 assolute del nuovo accordo figura la possibilit\u00e0 di scegliere di articolare l\u2019orario ordinario settimanale di 36 ore in <strong>quattro giorni<\/strong>. L\u2019opzione della settimana corta \u00e8 sperimentale e volontaria. Inoltre, il personale impiegato nel lavoro agile (o smart working) matura il diritto al buono pasto al pari del personale in servizio in sede. <\/p>\n\n\n\n<h2 class=\"wp-block-heading\">Quali sono le altre novit\u00e0 del contratto dei dipendenti comunali?<\/h2>\n\n\n\n<p>Qualche miglioramento si verifica anche per quanto concerne le tutele sociali e sanitarie. Infatti:\u00a0<\/p>\n\n\n\n<ul class=\"wp-block-list\">\n<li>si introduce il patrocinio legale per le aggressioni;&nbsp;<\/li>\n\n\n\n<li>si rafforzano le terapie salvavita con ampliamento delle casistiche di accesso ed esclusione del computo dal periodo di comporto per malattia, oltre a garantire il diritto all\u2019intera retribuzione;&nbsp;<\/li>\n\n\n\n<li>si amplifica il welfare integrativo con nuove fattispecie tra le quali l\u2019incentivo alla <strong>mobilit\u00e0 sostenibile<\/strong>;\u00a0<\/li>\n\n\n\n<li>si estendono i giorni di lavoro agile o da remoto per motivi relativi alla salute o all\u2019assistenza di un familiare.&nbsp;<\/li>\n<\/ul>\n\n\n\n<h2 class=\"wp-block-heading\">Antonio Naddeo, Aran: \u00abSblocco trattativa di 15 mesi\u00bb<\/h2>\n\n\n<figure class=\"wp-block-image size-full\"><a href=\"https:\/\/www.lettera43.it\/galleria\/1260092\/1260103\"><img data-has-syndication-rights=\"1\" data-portal-copyright=\"Lettera43\" data-licensor-name=\"Lettera43\" decoding=\"async\" width=\"1200\" height=\"798\" src=\"https:\/\/www.lettera43.it\/wp-content\/uploads\/2025\/11\/naddeo_aran_imago.jpg\" alt=\"Nuovo contratto Funzioni locali: 140 euro di aumenti stipendi e settimana corta di quattro giorni\" class=\"wp-image-1260103 lazyload\" title=\"Nuovo contratto Funzioni locali: 140 euro di aumenti stipendi e settimana corta di quattro giorni\" data-src=\"https:\/\/www.lettera43.it\/wp-content\/uploads\/2025\/11\/naddeo_aran_imago.jpg\" loading=\"lazy\" data-has-syndication-rights=\"1\" data-licensor-name=\"Lettera43\" srcset=\"https:\/\/www.lettera43.it\/wp-content\/uploads\/2025\/11\/naddeo_aran_imago.jpg 1200w, https:\/\/www.lettera43.it\/wp-content\/uploads\/2025\/11\/naddeo_aran_imago-800x532.jpg 800w, https:\/\/www.lettera43.it\/wp-content\/uploads\/2025\/11\/naddeo_aran_imago-390x259.jpg 390w\" sizes=\"auto, (max-width: 1200px) 100vw, 1200px\" \/><\/a><figcaption class=\"wp-element-caption\">Antonio Naddeo, presidente dell&#8217;Aran (Imagoeconomica). <\/figcaption><\/figure>\n\n\n<p>Tra le prime dichiarazioni a margine dell&#8217;accordo contrattuale, si riportano le parole del presidente dell&#8217;<strong>Aran Antonio Naddeo<\/strong>: \u00abL&#8217;accordo raggiunto rappresenta un equilibrio tra le legittime aspettative del personale degli enti locali e la sostenibilit\u00e0 del sistema. Le innovazioni introdotte, dalla flessibilit\u00e0 organizzativa alle nuove tutele sociali, dimostrano la capacit\u00e0 della contrattazione pubblica di adeguarsi alle trasformazioni del lavoro contemporaneo, mantenendo l&#8217;efficienza dei servizi pubblici locali. Gli interventi del Ministro Zangrillo nella legge di bilancio 2026 e l&#8217;avvio imminente della nuova tornata contrattuale 2025-2027 hanno favorito lo sblocco di questa trattativa che durava ormai da pi\u00f9 di 15 mesi\u00bb.<\/p>\n","protected":false},"excerpt":{"rendered":"<p>\u00c8 arrivata il 3 novembre 2025 la firma definitiva. Tutti i dettagli.<\/p>\n","protected":false},"author":4,"featured_media":0,"comment_status":"closed","ping_status":"closed","sticky":false,"template":"","format":"standard","meta":{"om_disable_all_campaigns":false,"_monsterinsights_skip_tracking":false,"_monsterinsights_sitenote_active":false,"_monsterinsights_sitenote_note":"","_monsterinsights_sitenote_category":0,"footnotes":""},"categories":[15],"tags":[],"class_list":["post-798988","post","type-post","status-publish","format-standard","hentry","category-politica"],"aioseo_notices":[],"_links":{"self":[{"href":"https:\/\/nugnes.com\/index.php?rest_route=\/wp\/v2\/posts\/798988","targetHints":{"allow":["GET"]}}],"collection":[{"href":"https:\/\/nugnes.com\/index.php?rest_route=\/wp\/v2\/posts"}],"about":[{"href":"https:\/\/nugnes.com\/index.php?rest_route=\/wp\/v2\/types\/post"}],"author":[{"embeddable":true,"href":"https:\/\/nugnes.com\/index.php?rest_route=\/wp\/v2\/users\/4"}],"replies":[{"embeddable":true,"href":"https:\/\/nugnes.com\/index.php?rest_route=%2Fwp%2Fv2%2Fcomments&post=798988"}],"version-history":[{"count":1,"href":"https:\/\/nugnes.com\/index.php?rest_route=\/wp\/v2\/posts\/798988\/revisions"}],"predecessor-version":[{"id":798989,"href":"https:\/\/nugnes.com\/index.php?rest_route=\/wp\/v2\/posts\/798988\/revisions\/798989"}],"wp:attachment":[{"href":"https:\/\/nugnes.com\/index.php?rest_route=%2Fwp%2Fv2%2Fmedia&parent=798988"}],"wp:term":[{"taxonomy":"category","embeddable":true,"href":"https:\/\/nugnes.com\/index.php?rest_route=%2Fwp%2Fv2%2Fcategories&post=798988"},{"taxonomy":"post_tag","embeddable":true,"href":"https:\/\/nugnes.com\/index.php?rest_route=%2Fwp%2Fv2%2Ftags&post=798988"}],"curies":[{"name":"wp","href":"https:\/\/api.w.org\/{rel}","templated":true}]}}