{"id":804699,"date":"2025-11-12T09:02:49","date_gmt":"2025-11-12T09:02:49","guid":{"rendered":"https:\/\/www.lettera43.it\/?p=1262571"},"modified":"2025-11-12T09:02:49","modified_gmt":"2025-11-12T09:02:49","slug":"successione-nella-lega-sara-alberto-stefani-lerede-di-matteo-salvini","status":"publish","type":"post","link":"https:\/\/nugnes.com\/?p=804699","title":{"rendered":"Successione nella Lega: sar\u00e0 Alberto Stefani l\u2019erede di Matteo Salvini?"},"content":{"rendered":"\n<p>In pochissimi hanno l\u2019ardire di dirlo. Ma nella <strong>Lega<\/strong> in molti lo pensano. <strong>Matteo Salvini <\/strong>vede <strong>Alberto Stefani <\/strong>come suo possibile successore alla guida del partito. Gli indizi risalgono al congresso di aprile, quando l\u2019ex capitano ha visto riconfermata la sua leadership fino al 2029 (due anni dopo le Politiche). La mossa per neutralizzare le <strong>critiche dei lombardi<\/strong> guidati da <strong>Massimiliano Romeo<\/strong> e dai governatori <strong>Fedriga<\/strong>, <strong>Zaia<\/strong>, <strong>Fontana<\/strong> e <strong>Fugatti<\/strong> \u00e8 stata far presentare e sottoscrivere una mozione congressuale in cui si faceva riferimento alle <strong>radici \u2018nordiste\u2019<\/strong> e <strong>identitarie<\/strong> della Lega. La mozione, fatta presentare proprio da Stefani, \u00e8 stata intitolata <strong>Futuro e identit\u00e0<\/strong> e ad alcuni \u00e8 suonata come un&#8217;i<strong>nvestitura<\/strong> quando Salvini, dal palco di Firenze, si \u00e8 detto certo che in sala ci fosse il suo <strong>successore<\/strong>.<\/p>\n\n\n<figure class=\"wp-block-image size-large\"><a href=\"https:\/\/www.lettera43.it\/galleria\/1262571\/1221946\"><img data-has-syndication-rights=\"1\" data-portal-copyright=\"Lettera43\" data-licensor-name=\"Lettera43\" decoding=\"async\" width=\"1024\" height=\"886\" src=\"https:\/\/www.lettera43.it\/wp-content\/uploads\/2025\/06\/Screenshot-2025-06-20-alle-11.45.18-1024x886.jpg\" alt=\"Successione nella Lega: sar\u00e0 Alberto Stefani l\u2019erede di Matteo Salvini?\" class=\"wp-image-1221946 lazyload\" title=\"Successione nella Lega: sar\u00e0 Alberto Stefani l\u2019erede di Matteo Salvini?\" data-src=\"https:\/\/www.lettera43.it\/wp-content\/uploads\/2025\/06\/Screenshot-2025-06-20-alle-11.45.18-1024x886.jpg\" loading=\"lazy\" data-has-syndication-rights=\"1\" data-licensor-name=\"Lettera43\" srcset=\"https:\/\/www.lettera43.it\/wp-content\/uploads\/2025\/06\/Screenshot-2025-06-20-alle-11.45.18-1024x886.jpg 1024w, https:\/\/www.lettera43.it\/wp-content\/uploads\/2025\/06\/Screenshot-2025-06-20-alle-11.45.18-800x692.jpg 800w, https:\/\/www.lettera43.it\/wp-content\/uploads\/2025\/06\/Screenshot-2025-06-20-alle-11.45.18-768x664.jpg 768w, https:\/\/www.lettera43.it\/wp-content\/uploads\/2025\/06\/Screenshot-2025-06-20-alle-11.45.18.jpg 1200w\" sizes=\"auto, (max-width: 1024px) 100vw, 1024px\" \/><\/a><figcaption class=\"wp-element-caption\">Luca Zaia, Alberto Stefani e Matteo Salvini (Ansa).<\/figcaption><\/figure>\n\n\n<h2 class=\"wp-block-heading\">Il futuro di Stefani potrebbe non essere confinato a Palazzo Balbi<\/h2>\n\n\n\n<p>\u2018Azzoppato\u2019 <strong>Roberto Vannacci <\/strong>dopo il <a href=\"https:\/\/www.lettera43.it\/lega-toscana-vannacci-salvini-lombardia-romeo-fdi-veneto-zaia-stefani\/\"  rel=\"noreferrer noopener\">deludente risultato delle Regionali in Toscana<\/a>, silente per una volta <strong>Silvia Sardone<\/strong>, chi pu\u00f2 prendere il posto di Matteo se non il giovane deputato al secondo mandato? Trentadue anni, esperienza da sindaco di un comune di 9 mila anime (Borgoricco, nel Padovano), ex pupillo di Andrea Ostellari, Massimo Bitonci e Lorenzo Fontana, Stefani ha saldato il legame con Salvini dopo l\u2019elezione a segretario regionale, nell\u2019estate del 2023. Nel partito si sostiene che sia molto stimato dalla fidanzata del capo, <strong>Francesca Verdini<\/strong>, sua coetanea. Un legame che sarebbe cresciuto negli ultimi mesi, durante i quali, in attesa del via libera degli alleati alla candidatura a governatore, il leghista ha lavorato molto alla sua<strong> immagine<\/strong>, inserendo sui social anche qualche foto della fidanzata. Chi ci lavora a stretto contatto lo descrive ossessionato dalla sua immagine e ansioso di controllare e bollinare ogni foto pubblicata. Non sempre gli riesce e spesso il <strong>risultato \u00e8 troppo artefatto<\/strong>: gli occhi verdi appaiono schiariti, il volto piallato. Anche l\u2019investimento che il partito ha fatto sulla candidatura di Stefani alle Regionali venete fa pensare che il futuro che Salvini vede per lui non sia confinato a Palazzo Balbi. La campagna &#8211; seppur breve, 42 giorni &#8211; \u00e8 quella delle grandi occasioni e tutto il partito \u00e8 mobilitato, come non si vedeva da anni.<\/p>\n\n\n<figure class=\"wp-block-image size-large\"><a href=\"https:\/\/www.lettera43.it\/galleria\/1262571\/1205394\"><img data-has-syndication-rights=\"1\" data-portal-copyright=\"Lettera43\" data-licensor-name=\"Lettera43\" decoding=\"async\" width=\"1024\" height=\"684\" src=\"https:\/\/www.lettera43.it\/wp-content\/uploads\/2025\/04\/Dalla-Campania-al-Veneto-il-punto-sulle-prossime-Regionali-1024x684.jpg\" alt=\"Successione nella Lega: sar\u00e0 Alberto Stefani l\u2019erede di Matteo Salvini?\" class=\"wp-image-1205394 lazyload\" title=\"Successione nella Lega: sar\u00e0 Alberto Stefani l\u2019erede di Matteo Salvini?\" data-src=\"https:\/\/www.lettera43.it\/wp-content\/uploads\/2025\/04\/Dalla-Campania-al-Veneto-il-punto-sulle-prossime-Regionali-1024x684.jpg\" loading=\"lazy\" data-has-syndication-rights=\"1\" data-licensor-name=\"Lettera43\" srcset=\"https:\/\/www.lettera43.it\/wp-content\/uploads\/2025\/04\/Dalla-Campania-al-Veneto-il-punto-sulle-prossime-Regionali-1024x684.jpg 1024w, https:\/\/www.lettera43.it\/wp-content\/uploads\/2025\/04\/Dalla-Campania-al-Veneto-il-punto-sulle-prossime-Regionali-800x534.jpg 800w, https:\/\/www.lettera43.it\/wp-content\/uploads\/2025\/04\/Dalla-Campania-al-Veneto-il-punto-sulle-prossime-Regionali-768x513.jpg 768w, https:\/\/www.lettera43.it\/wp-content\/uploads\/2025\/04\/Dalla-Campania-al-Veneto-il-punto-sulle-prossime-Regionali.jpg 1200w\" sizes=\"auto, (max-width: 1024px) 100vw, 1024px\" \/><\/a><figcaption class=\"wp-element-caption\">Alberto Stefani (Imagoeconomica).<\/figcaption><\/figure>\n\n\n<h2 class=\"wp-block-heading\">Dal celodurismo al bon ton da chierichetto<\/h2>\n\n\n\n<p>Ma il profilo che Stefani si \u00e8 costruito non corrisponde esattamente alla <strong>classica figura del leghista veneto<\/strong>, per antonomasia l\u2019ex sindaco di Treviso <strong>Giancarlo Gentilini<\/strong>, <a href=\"https:\/\/www.lettera43.it\/morto-giancarlo-gentilini-sindaco-sceriffo-treviso-lega\/\"  rel=\"noreferrer noopener\">scomparso lo scorso aprile<\/a>. Laureato in Diritto canonico, Stefani \u00e8 nei modi (un po\u2019 affettati) e nella sostanza pi\u00f9 vicino al presidente della Camera Fontana che ai leghisti storici. Insomma, osservano i critici, si \u00e8 passati dal <strong>celodurismo <\/strong>del sindaco sceriffo, con gesti dell\u2019ombrello e insulti, al <strong>bon ton<\/strong> del chierichetto (come \u00e8 ritratto in alcuni video satirici che girano tra le chat leghiste), che ha fatto del fair play nei confronti dell\u2019avversario la cifra della campagna elettorale. Per non parlare dell\u2019abbandono di <strong>temi storici leghisti<\/strong> come <strong>sicurezza<\/strong> e <strong>immigrazione<\/strong> a vantaggio di <strong>ecologia<\/strong>, <strong>welfare<\/strong> e <strong>salute mentale<\/strong>.<\/p>\n\n\n<figure class=\"wp-block-image size-full\"><a href=\"https:\/\/www.lettera43.it\/galleria\/1262571\/1262592\"><img data-has-syndication-rights=\"1\" data-portal-copyright=\"Lettera43\" data-licensor-name=\"Lettera43\" decoding=\"async\" width=\"988\" height=\"1200\" src=\"https:\/\/www.lettera43.it\/wp-content\/uploads\/2025\/11\/Screenshot-2025-11-12-alle-08.52.30.jpg\" alt=\"Successione nella Lega: sar\u00e0 Alberto Stefani l\u2019erede di Matteo Salvini?\" class=\"wp-image-1262592 lazyload\" title=\"Successione nella Lega: sar\u00e0 Alberto Stefani l\u2019erede di Matteo Salvini?\" data-src=\"https:\/\/www.lettera43.it\/wp-content\/uploads\/2025\/11\/Screenshot-2025-11-12-alle-08.52.30.jpg\" loading=\"lazy\" data-has-syndication-rights=\"1\" data-licensor-name=\"Lettera43\" srcset=\"https:\/\/www.lettera43.it\/wp-content\/uploads\/2025\/11\/Screenshot-2025-11-12-alle-08.52.30.jpg 988w, https:\/\/www.lettera43.it\/wp-content\/uploads\/2025\/11\/Screenshot-2025-11-12-alle-08.52.30-800x972.jpg 800w, https:\/\/www.lettera43.it\/wp-content\/uploads\/2025\/11\/Screenshot-2025-11-12-alle-08.52.30-390x474.jpg 390w\" sizes=\"auto, (max-width: 988px) 100vw, 988px\" \/><\/a><figcaption class=\"wp-element-caption\">Alberto Stefani alla fiera del folpo a Noventa Padovana (da FB).<\/figcaption><\/figure>\n\n\n<h2 class=\"wp-block-heading\">Anche Zaia finisce nel mirino<\/h2>\n\n\n\n<p>Ma tra i leghisti non c\u2019\u00e8 troppo ottimismo neanche attorno alla figura di Luca Zaia. In diversi gli rimproverano di non aver portato a casa l\u2019approvazione della riforma sull\u2019<strong>autonomia differenziata<\/strong>. E, anche nel gruppo regionale, il Doge \u00e8 visto da alcuni come un taglianastri che in questi ultimi cinque anni poco si \u00e8 fatto vedere a Palazzo Ferro-Fini. Poi a diversi \u00e8 risultata incomprensibile l\u2019insistenza di Zaia nella battaglia per eliminare il <strong>blocco del terzo mandato<\/strong>. Troppo attento alla <strong>cadrega<\/strong>, \u00e8 stato il commento.<\/p>\n\n\n<figure class=\"wp-block-image size-large\"><a href=\"https:\/\/www.lettera43.it\/galleria\/1262571\/1221950\"><img data-has-syndication-rights=\"1\" data-portal-copyright=\"Lettera43\" data-licensor-name=\"Lettera43\" decoding=\"async\" width=\"1024\" height=\"682\" src=\"https:\/\/www.lettera43.it\/wp-content\/uploads\/2025\/06\/Rinunciando-al-terzo-mandato-Salvini-si-libera-dellingombrante-Zaia-rr-1024x682.jpg\" alt=\"Successione nella Lega: sar\u00e0 Alberto Stefani l\u2019erede di Matteo Salvini?\" class=\"wp-image-1221950 lazyload\" title=\"Successione nella Lega: sar\u00e0 Alberto Stefani l\u2019erede di Matteo Salvini?\" data-src=\"https:\/\/www.lettera43.it\/wp-content\/uploads\/2025\/06\/Rinunciando-al-terzo-mandato-Salvini-si-libera-dellingombrante-Zaia-rr-1024x682.jpg\" loading=\"lazy\" data-has-syndication-rights=\"1\" data-licensor-name=\"Lettera43\" srcset=\"https:\/\/www.lettera43.it\/wp-content\/uploads\/2025\/06\/Rinunciando-al-terzo-mandato-Salvini-si-libera-dellingombrante-Zaia-rr-1024x682.jpg 1024w, https:\/\/www.lettera43.it\/wp-content\/uploads\/2025\/06\/Rinunciando-al-terzo-mandato-Salvini-si-libera-dellingombrante-Zaia-rr-800x533.jpg 800w, https:\/\/www.lettera43.it\/wp-content\/uploads\/2025\/06\/Rinunciando-al-terzo-mandato-Salvini-si-libera-dellingombrante-Zaia-rr-768x512.jpg 768w, https:\/\/www.lettera43.it\/wp-content\/uploads\/2025\/06\/Rinunciando-al-terzo-mandato-Salvini-si-libera-dellingombrante-Zaia-rr.jpg 1200w\" sizes=\"auto, (max-width: 1024px) 100vw, 1024px\" \/><\/a><figcaption class=\"wp-element-caption\">Luca Zaia (Imagoeconomica).<\/figcaption><\/figure>","protected":false},"excerpt":{"rendered":"<p>Il 32enne da Borgoricco \u00e8 pure stimato da Francesca Verdini, sua coetanea. Per lui il Capitano vedrebbe un futuro ben oltre Palazzo Balbi. Anche se il bon ton da chierichetto non si addice al classico celodurismo.<\/p>\n","protected":false},"author":748,"featured_media":0,"comment_status":"closed","ping_status":"closed","sticky":false,"template":"","format":"standard","meta":{"om_disable_all_campaigns":false,"_monsterinsights_skip_tracking":false,"_monsterinsights_sitenote_active":false,"_monsterinsights_sitenote_note":"","_monsterinsights_sitenote_category":0,"footnotes":""},"categories":[15],"tags":[],"class_list":["post-804699","post","type-post","status-publish","format-standard","hentry","category-politica"],"aioseo_notices":[],"_links":{"self":[{"href":"https:\/\/nugnes.com\/index.php?rest_route=\/wp\/v2\/posts\/804699","targetHints":{"allow":["GET"]}}],"collection":[{"href":"https:\/\/nugnes.com\/index.php?rest_route=\/wp\/v2\/posts"}],"about":[{"href":"https:\/\/nugnes.com\/index.php?rest_route=\/wp\/v2\/types\/post"}],"author":[{"embeddable":true,"href":"https:\/\/nugnes.com\/index.php?rest_route=\/wp\/v2\/users\/748"}],"replies":[{"embeddable":true,"href":"https:\/\/nugnes.com\/index.php?rest_route=%2Fwp%2Fv2%2Fcomments&post=804699"}],"version-history":[{"count":1,"href":"https:\/\/nugnes.com\/index.php?rest_route=\/wp\/v2\/posts\/804699\/revisions"}],"predecessor-version":[{"id":804700,"href":"https:\/\/nugnes.com\/index.php?rest_route=\/wp\/v2\/posts\/804699\/revisions\/804700"}],"wp:attachment":[{"href":"https:\/\/nugnes.com\/index.php?rest_route=%2Fwp%2Fv2%2Fmedia&parent=804699"}],"wp:term":[{"taxonomy":"category","embeddable":true,"href":"https:\/\/nugnes.com\/index.php?rest_route=%2Fwp%2Fv2%2Fcategories&post=804699"},{"taxonomy":"post_tag","embeddable":true,"href":"https:\/\/nugnes.com\/index.php?rest_route=%2Fwp%2Fv2%2Ftags&post=804699"}],"curies":[{"name":"wp","href":"https:\/\/api.w.org\/{rel}","templated":true}]}}