{"id":810353,"date":"2025-11-20T11:37:22","date_gmt":"2025-11-20T11:37:22","guid":{"rendered":"https:\/\/www.lettera43.it\/?p=1265071"},"modified":"2025-11-20T11:37:22","modified_gmt":"2025-11-20T11:37:22","slug":"federica-brignone-le-parole-della-madre-sullinfortunio-e-il-recupero","status":"publish","type":"post","link":"https:\/\/nugnes.com\/?p=810353","title":{"rendered":"Federica Brignone, le parole della madre sull\u2019infortunio e il recupero"},"content":{"rendered":"\n<p>Sette mesi dopo il terribile <a href=\"https:\/\/www.lettera43.it\/brignone-caduta-campionati-italiani-gigante-infortunio-come-sta\/\">incidente ai campionati italiani<\/a> di slalom gigante in Val di Fassa, <strong>Federica Brignone<\/strong> sta tornando a vedere la luce. La campionessa azzurra ha infatti da poco ottenuto il <a href=\"https:\/\/www.lettera43.it\/brignone-ritorno-sci-dopo-infortunio-come-sta-milano-cortina-olimpiadi\/\">via libera dei medici<\/a> per tornare sugli sci, che le consente di guardare con maggiore ottimismo a <a href=\"https:\/\/www.lettera43.it\/olimpiadi-milano-cortina-2026-guida-date-sedi\/\">Milano-Cortina 2026<\/a>, prossima edizione delle Olimpiadi. La <strong>mamma Maria Rosa Quario<\/strong>, per tutti Ninna, ha raccontato al <em>Corriere della Sera <\/em>di sperare, in cuor suo, che non torni in pista. \u00abDa madre, <strong>mi auguro che smetta<\/strong>\u00bb, ha spiegato l\u2019ex campionessa, che ha da poco pubblicato il libro <em>Due vite, lo slalom parallelo con mia figlia Federica Brignone<\/em>. \u00abHa vinto tutto, va bene anche se chiude qui. <strong>Si \u00e8 distrutta una gamba<\/strong>, il ginocchio le \u00e8 esploso, sarebbe gi\u00e0 fantastico vederla tornare in gara e basta\u00bb.<\/p>\n\n\n<figure class=\"wp-block-image size-full\"><a href=\"https:\/\/www.lettera43.it\/galleria\/1265071\/1265074\"><img data-has-syndication-rights=\"1\" data-portal-copyright=\"Lettera43\" data-licensor-name=\"Lettera43\" decoding=\"async\" width=\"1200\" height=\"800\" src=\"https:\/\/www.lettera43.it\/wp-content\/uploads\/2025\/11\/tagfin_20251120123130489_a4257015f303ee5b669944441e0a190c.jpg\" alt=\"Federica Brignone, le parole della madre sull\u2019infortunio e il recupero\" class=\"wp-image-1265074 lazyload\" title=\"Federica Brignone, le parole della madre sull\u2019infortunio e il recupero\" data-src=\"https:\/\/www.lettera43.it\/wp-content\/uploads\/2025\/11\/tagfin_20251120123130489_a4257015f303ee5b669944441e0a190c.jpg\" loading=\"lazy\" data-has-syndication-rights=\"1\" data-licensor-name=\"Lettera43\" srcset=\"https:\/\/www.lettera43.it\/wp-content\/uploads\/2025\/11\/tagfin_20251120123130489_a4257015f303ee5b669944441e0a190c.jpg 1200w, https:\/\/www.lettera43.it\/wp-content\/uploads\/2025\/11\/tagfin_20251120123130489_a4257015f303ee5b669944441e0a190c-800x533.jpg 800w, https:\/\/www.lettera43.it\/wp-content\/uploads\/2025\/11\/tagfin_20251120123130489_a4257015f303ee5b669944441e0a190c-390x260.jpg 390w\" sizes=\"auto, (max-width: 1200px) 100vw, 1200px\" \/><\/a><figcaption class=\"wp-element-caption\">Maria Rosa Quario, mamma di Brignone (Ansa).<\/figcaption><\/figure>\n\n\n<h2 class=\"wp-block-heading\"><strong>La mamma di Federica Brignone: \u00abHa rischiato di perdere la gamba\u00bb<\/strong><\/h2>\n\n\n\n<p>Parlando con il <em>Corriere<\/em>, Ninna Quario ha ripercorso i momenti successivi all\u2019infortunio di Federica Brignone. \u00abEro sulla seggiovia di Plan della Gabba, stavo andando a sciare per godermi le ultime discese della stagione\u00bb, ha raccontato. \u00abSeguo la gara di Fede su un&#8217;app della federazione internazionale, dice che non \u00e8 arrivata al traguardo: pazienza, penso, sar\u00e0 uscita, capita. La gara per\u00f2 non riprende e la cosa non mi piace. Chiamo <strong>mio figlio Davide<\/strong> e non risponde. Quando mi richiama, mi gela: \u201cMamma, <strong>Fede si \u00e8 fatta male<\/strong>, molto male\u201d\u00bb. Gli esami avrebbero confermato la frattura scomposta del piatto tibiale, della testa del perone e la rottura del legamento crociato anteriore del ginocchio sinistro. \u00abI medici mi dissero che Federica aveva la <strong>gamba staccata dal corpo<\/strong> e <strong>rischiava<\/strong> seriamente <strong>di perderla<\/strong>\u00bb, ha spiegato. \u00abHo visto solo una volta le immagini della sua caduta. Orribili, non le guardo pi\u00f9\u00bb.<\/p>\n\n\n<figure class=\"wp-block-image size-full\"><a href=\"https:\/\/www.lettera43.it\/galleria\/1265071\/1265075\"><img data-has-syndication-rights=\"1\" data-portal-copyright=\"Lettera43\" data-licensor-name=\"Lettera43\" decoding=\"async\" width=\"1200\" height=\"833\" src=\"https:\/\/www.lettera43.it\/wp-content\/uploads\/2025\/11\/tagfin_2025112012311956_ac02de9498587589ed4254fd28195519.jpg\" alt=\"Federica Brignone, le parole della madre sull\u2019infortunio e il recupero\" class=\"wp-image-1265075 lazyload\" title=\"Federica Brignone, le parole della madre sull\u2019infortunio e il recupero\" data-src=\"https:\/\/www.lettera43.it\/wp-content\/uploads\/2025\/11\/tagfin_2025112012311956_ac02de9498587589ed4254fd28195519.jpg\" loading=\"lazy\" data-has-syndication-rights=\"1\" data-licensor-name=\"Lettera43\" srcset=\"https:\/\/www.lettera43.it\/wp-content\/uploads\/2025\/11\/tagfin_2025112012311956_ac02de9498587589ed4254fd28195519.jpg 1200w, https:\/\/www.lettera43.it\/wp-content\/uploads\/2025\/11\/tagfin_2025112012311956_ac02de9498587589ed4254fd28195519-800x555.jpg 800w, https:\/\/www.lettera43.it\/wp-content\/uploads\/2025\/11\/tagfin_2025112012311956_ac02de9498587589ed4254fd28195519-390x271.jpg 390w\" sizes=\"auto, (max-width: 1200px) 100vw, 1200px\" \/><\/a><figcaption class=\"wp-element-caption\">Federica Brignone dopo l&#8217;infortunio (Ansa).<\/figcaption><\/figure>\n\n\n<p>Come va adesso con Federica? \u00abDopo sette mesi ha di nuovo la gamba, con i suoi muscoli, il ginocchio\u00bb, ha sottolineato mamma Quario. \u00abCammina e per me \u00e8 gi\u00e0 tantissimo. Ora bisogna capire se \u00e8 tornata anche come sciatrice\u00bb. L\u2019obiettivo di Brignone, vincitrice dell\u2019ultima Coppa del Mondo di sci alpino femminile, restano ancora le <strong>Olimpiadi<\/strong> casalinghe di febbraio. Il cammino tuttavia \u00e8 lungo e ancora incerto. \u00abHa<strong> ripreso ad allenarsi<\/strong> da qualche giorno, fin qui ha fatto solo<strong> riabilitazione<\/strong> ed entro la fine del mese <strong>torner\u00e0 sulla neve<\/strong>\u00bb, ha chiuso Quario. \u00abIl punto \u00e8 tutto l\u00ec: se si sentir\u00e0 bene come prima, sugli sci ci sar\u00e0\u00bb.\u00a0\u00a0<\/p>\n","protected":false},"excerpt":{"rendered":"<p>Maria Rosa Quario \u00e8 tornata sul grave incidente della figlia ai campionati italiani di slalom gigante a inizio aprile: \u00abMilano-Cortina? Si allena solo da qualche giorno, ma io vorrei smettesse\u00bb.<\/p>\n","protected":false},"author":4,"featured_media":0,"comment_status":"closed","ping_status":"closed","sticky":false,"template":"","format":"standard","meta":{"om_disable_all_campaigns":false,"_monsterinsights_skip_tracking":false,"_monsterinsights_sitenote_active":false,"_monsterinsights_sitenote_note":"","_monsterinsights_sitenote_category":0,"footnotes":""},"categories":[36],"tags":[],"class_list":["post-810353","post","type-post","status-publish","format-standard","hentry","category-sport"],"aioseo_notices":[],"_links":{"self":[{"href":"https:\/\/nugnes.com\/index.php?rest_route=\/wp\/v2\/posts\/810353","targetHints":{"allow":["GET"]}}],"collection":[{"href":"https:\/\/nugnes.com\/index.php?rest_route=\/wp\/v2\/posts"}],"about":[{"href":"https:\/\/nugnes.com\/index.php?rest_route=\/wp\/v2\/types\/post"}],"author":[{"embeddable":true,"href":"https:\/\/nugnes.com\/index.php?rest_route=\/wp\/v2\/users\/4"}],"replies":[{"embeddable":true,"href":"https:\/\/nugnes.com\/index.php?rest_route=%2Fwp%2Fv2%2Fcomments&post=810353"}],"version-history":[{"count":1,"href":"https:\/\/nugnes.com\/index.php?rest_route=\/wp\/v2\/posts\/810353\/revisions"}],"predecessor-version":[{"id":810354,"href":"https:\/\/nugnes.com\/index.php?rest_route=\/wp\/v2\/posts\/810353\/revisions\/810354"}],"wp:attachment":[{"href":"https:\/\/nugnes.com\/index.php?rest_route=%2Fwp%2Fv2%2Fmedia&parent=810353"}],"wp:term":[{"taxonomy":"category","embeddable":true,"href":"https:\/\/nugnes.com\/index.php?rest_route=%2Fwp%2Fv2%2Fcategories&post=810353"},{"taxonomy":"post_tag","embeddable":true,"href":"https:\/\/nugnes.com\/index.php?rest_route=%2Fwp%2Fv2%2Ftags&post=810353"}],"curies":[{"name":"wp","href":"https:\/\/api.w.org\/{rel}","templated":true}]}}