{"id":81094,"date":"2020-09-22T07:21:03","date_gmt":"2020-09-22T07:21:03","guid":{"rendered":"https:\/\/www.fanpage.it\/sport\/?p=1292326"},"modified":"2020-09-22T07:21:03","modified_gmt":"2020-09-22T07:21:03","slug":"milik-napoli-ora-che-succede-il-polacco-rischia-la-tribuna-e-il-club-di-perderlo-a-zero","status":"publish","type":"post","link":"https:\/\/nugnes.com\/?p=81094","title":{"rendered":"Milik-Napoli, ora che succede: il polacco rischia la tribuna e il club di perderlo a zero"},"content":{"rendered":"<img src=\"https:\/\/static.fanpage.it\/wp-content\/uploads\/sites\/27\/2020\/09\/milik-mercato-roma-napoli1-638x425.jpg\" \/><br \/>Arek Milik e il Napoli rischiano seriamente di farsi del male. Dopo l'ormai imminente passaggio di Morata alla Juventus, il polacco non dovrebbe pi\u00f9 andare alla Roma, vista la permanenza di Dzeko per la rinuncia dei bianconeri e gli azzurri rischiano cos\u00ec di perderlo a parametro zero con il giocatore in tribuna fino al suo addio. Si aprono per\u00f2 le piste estere in Premier e Liga.<br \/><a href=\"https:\/\/www.fanpage.it\/sport\/calcio\/milik-napoli-ora-che-succede-il-polacco-rischia-la-tribuna-e-il-club-di-perderlo-a-zero\/\">Continua a leggere<\/a>","protected":false},"excerpt":{"rendered":"<p>Arek Milik e il Napoli rischiano seriamente di farsi del male. Dopo l&#8217;ormai imminente passaggio di Morata alla Juventus, il polacco non dovrebbe pi\u00f9 andare alla Roma, vista la permanenza di Dzeko per la rinuncia dei bianconeri e gli azzurri rischiano c&#8230;<\/p>\n","protected":false},"author":191,"featured_media":0,"comment_status":"closed","ping_status":"closed","sticky":false,"template":"","format":"standard","meta":{"om_disable_all_campaigns":false,"_monsterinsights_skip_tracking":false,"_monsterinsights_sitenote_active":false,"_monsterinsights_sitenote_note":"","_monsterinsights_sitenote_category":0,"footnotes":""},"categories":[75,746,276,743,344],"tags":[],"class_list":["post-81094","post","type-post","status-publish","format-standard","hentry","category-calcio","category-calciomercato","category-napoli","category-notizie","category-serie-a"],"aioseo_notices":[],"_links":{"self":[{"href":"https:\/\/nugnes.com\/index.php?rest_route=\/wp\/v2\/posts\/81094","targetHints":{"allow":["GET"]}}],"collection":[{"href":"https:\/\/nugnes.com\/index.php?rest_route=\/wp\/v2\/posts"}],"about":[{"href":"https:\/\/nugnes.com\/index.php?rest_route=\/wp\/v2\/types\/post"}],"author":[{"embeddable":true,"href":"https:\/\/nugnes.com\/index.php?rest_route=\/wp\/v2\/users\/191"}],"replies":[{"embeddable":true,"href":"https:\/\/nugnes.com\/index.php?rest_route=%2Fwp%2Fv2%2Fcomments&post=81094"}],"version-history":[{"count":1,"href":"https:\/\/nugnes.com\/index.php?rest_route=\/wp\/v2\/posts\/81094\/revisions"}],"predecessor-version":[{"id":81095,"href":"https:\/\/nugnes.com\/index.php?rest_route=\/wp\/v2\/posts\/81094\/revisions\/81095"}],"wp:attachment":[{"href":"https:\/\/nugnes.com\/index.php?rest_route=%2Fwp%2Fv2%2Fmedia&parent=81094"}],"wp:term":[{"taxonomy":"category","embeddable":true,"href":"https:\/\/nugnes.com\/index.php?rest_route=%2Fwp%2Fv2%2Fcategories&post=81094"},{"taxonomy":"post_tag","embeddable":true,"href":"https:\/\/nugnes.com\/index.php?rest_route=%2Fwp%2Fv2%2Ftags&post=81094"}],"curies":[{"name":"wp","href":"https:\/\/api.w.org\/{rel}","templated":true}]}}