{"id":814802,"date":"2025-11-27T08:41:51","date_gmt":"2025-11-27T08:41:51","guid":{"rendered":"https:\/\/www.lettera43.it\/?p=1267003"},"modified":"2025-11-27T08:41:51","modified_gmt":"2025-11-27T08:41:51","slug":"lega-perche-la-leadership-di-salvini-ormai-e-solo-sulla-carta","status":"publish","type":"post","link":"https:\/\/nugnes.com\/?p=814802","title":{"rendered":"Lega, perch\u00e9 la leadership di Salvini ormai \u00e8 solo sulla carta"},"content":{"rendered":"\n<p>Non c\u2019\u00e8 Papeete 2 senza il 3. Un eterno ritorno. In questi giorni di <strong>\u2018mattana\u2019 leghista<\/strong> c\u2019\u00e8 chi \u00e8 tornato a evocare il lido pi\u00f9 famoso della politica italiana, dove <strong>Matteo Salvini<\/strong> matur\u00f2 la decisione di far cadere il governo coi 5 stelle nell\u2019estate 2019. Al colpo di testa del segretario leghista fece seguito, tre anni dopo, la decisione &#8211; presa in accordo con Silvio Berlusconi &#8211; di far saltare l\u2019esecutivo guidato da Mario Draghi. Dopo tre anni pieni di <strong>governo Meloni<\/strong>, tutti sono pronti a cogliere le nuove intemperanze del capo di via Bellerio. Si segnalano le <strong>dichiarazioni contro l\u2019Ucraina<\/strong> per i casi di corruzione che hanno colpito Kyiv. Ma anche i distinguo sulle misure da adottare per far cassa con le banche, la rottamazione delle cartelle o, ancora pi\u00f9 recente, lo <a href=\"https:\/\/www.lettera43.it\/ddl-consenso-bocciatura-salvini\/\"  rel=\"noreferrer noopener\"><strong>stop<\/strong> al disegno di legge sul <strong>consenso libero<\/strong><\/a><strong> <\/strong>e attuale per la valutazione dei casi di violenza sessuale. <\/p>\n\n\n<figure class=\"wp-block-image size-full\"><a href=\"https:\/\/www.lettera43.it\/galleria\/1267003\/1264580\"><img data-has-syndication-rights=\"1\" data-portal-copyright=\"Lettera43\" data-licensor-name=\"Lettera43\" decoding=\"async\" width=\"1200\" height=\"925\" src=\"https:\/\/www.lettera43.it\/wp-content\/uploads\/2025\/11\/Screenshot-2025-11-19-alle-09.25.52.jpg\" alt=\"Lega, perch\u00e9 la leadership di Salvini ormai \u00e8 solo sulla carta\" class=\"wp-image-1264580 lazyload\" title=\"Lega, perch\u00e9 la leadership di Salvini ormai \u00e8 solo sulla carta\" data-src=\"https:\/\/www.lettera43.it\/wp-content\/uploads\/2025\/11\/Screenshot-2025-11-19-alle-09.25.52.jpg\" loading=\"lazy\" data-has-syndication-rights=\"1\" data-licensor-name=\"Lettera43\" srcset=\"https:\/\/www.lettera43.it\/wp-content\/uploads\/2025\/11\/Screenshot-2025-11-19-alle-09.25.52.jpg 1200w, https:\/\/www.lettera43.it\/wp-content\/uploads\/2025\/11\/Screenshot-2025-11-19-alle-09.25.52-800x617.jpg 800w, https:\/\/www.lettera43.it\/wp-content\/uploads\/2025\/11\/Screenshot-2025-11-19-alle-09.25.52-390x301.jpg 390w\" sizes=\"auto, (max-width: 1200px) 100vw, 1200px\" \/><\/a><figcaption class=\"wp-element-caption\">Matteo Savini e Alberto Stefani (da Fb).<\/figcaption><\/figure>\n\n\n<h2 class=\"wp-block-heading\">Nessuno crede realmente che Salvini voglia strappare <\/h2>\n\n\n\n<p>Salvini \u00e8 sul banco degli imputati, sospettato di voler creare<strong> fibrillazioni nel governo<\/strong>, forte del <strong>boom registrato in Veneto<\/strong> (dove alle Regionali di domenica e luned\u00ec la Lega \u00e8 volata al 36 per cento). Ma nessuno, n\u00e9 nel governo n\u00e9 nella Lega, crede realmente che l\u2019ex Capitano possa dare seri problemi alla maggioranza che ha contribuito a creare. N\u00e9 ritiene che Salvini e gli uomini a lui pi\u00f9 vicini abbiano intenzione di abbandonare posizioni sicure di governo per prospettive molto pi\u00f9 incerte, senza Meloni a Palazzo Chigi. La verit\u00e0 \u00e8 che, rieletto alla leadership del Carroccio al <strong>congresso federale<\/strong> dello scorso aprile, Salvini sta avendo sempre maggiori difficolt\u00e0 nella gestione di un partito di cui resta segretario ormai solo sulla carta. La Lega ha doppiato <strong>Fratelli d\u2019Italia<\/strong> in Veneto? Lui ha fatto un&#8217;apparizione a sorpresa a una conferenza stampa organizzata dai dirigenti del Sud, attribuendo la vittoria alla generosit\u00e0 di Meloni. <\/p>\n\n\n<figure class=\"wp-block-image size-full\"><a href=\"https:\/\/www.lettera43.it\/galleria\/1267003\/1267047\"><img data-has-syndication-rights=\"1\" data-portal-copyright=\"Lettera43\" data-licensor-name=\"Lettera43\" decoding=\"async\" width=\"1200\" height=\"800\" src=\"https:\/\/www.lettera43.it\/wp-content\/uploads\/2025\/11\/Lega-perche-la-leadership-di-Salvini-ormai-e-solo-sulla-carta-r.jpg\" alt=\"Lega, perch\u00e9 la leadership di Salvini ormai \u00e8 solo sulla carta\" class=\"wp-image-1267047 lazyload\" title=\"Lega, perch\u00e9 la leadership di Salvini ormai \u00e8 solo sulla carta\" data-src=\"https:\/\/www.lettera43.it\/wp-content\/uploads\/2025\/11\/Lega-perche-la-leadership-di-Salvini-ormai-e-solo-sulla-carta-r.jpg\" loading=\"lazy\" data-has-syndication-rights=\"1\" data-licensor-name=\"Lettera43\" srcset=\"https:\/\/www.lettera43.it\/wp-content\/uploads\/2025\/11\/Lega-perche-la-leadership-di-Salvini-ormai-e-solo-sulla-carta-r.jpg 1200w, https:\/\/www.lettera43.it\/wp-content\/uploads\/2025\/11\/Lega-perche-la-leadership-di-Salvini-ormai-e-solo-sulla-carta-r-800x533.jpg 800w, https:\/\/www.lettera43.it\/wp-content\/uploads\/2025\/11\/Lega-perche-la-leadership-di-Salvini-ormai-e-solo-sulla-carta-r-390x260.jpg 390w\" sizes=\"auto, (max-width: 1200px) 100vw, 1200px\" \/><\/a><figcaption class=\"wp-element-caption\">Matteo Salvini con Claudio Durigon (Imagoeconomica).<\/figcaption><\/figure>\n\n\n<h2 class=\"wp-block-heading\">C&#8217;\u00e8 una parte di Lega che non risponde pi\u00f9 al segretario<\/h2>\n\n\n\n<p>Certo non \u00e8 facile avere a che fare con un recordman di preferenze come <strong>Luca Zaia<\/strong>. Ma bisogner\u00e0 comunque attenersi a un qualche principio di realt\u00e0. Salvini si \u00e8 invece allontanato dalle normali logiche della politica e pare muoversi in modo sclerotizzato, animato da un <strong>risentimento profondo<\/strong> nei confronti di quella parte della Lega che non gli risponde pi\u00f9. I soggetti da cui appare pi\u00f9 ossessionato (esclusi i giornali) sono, appunto, i <strong>governatori del Nord<\/strong>, <strong>Attilio Fontana<\/strong>, <strong>Massimiliano Fedriga<\/strong> e <strong>Maurizio Fugatti<\/strong>. Secondi, nella classifica, solo al segretario della Lega lombarda <strong>Massimiliano Romeo<\/strong>. Spinto da questa acrimonia, all\u2019indomani del boom della Lega pi\u00f9 Zaia in Veneto, Salvini \u00e8 addirittura riuscito a dichiarare che si trattava di una vittoria della premier e che vorrebbe un partito in cui militano \u00ab10 Claudio Durigon\u00bb. O, ancora pi\u00f9 grave, che la Lega ha vinto ovunque perch\u00e9 ha conquistato l\u20198 per cento in Puglia e il 5,5 per cento in Campania. Il climax lo ha toccato nel finale quando \u00e8 arrivato a dire che nella <strong>sua Lombardia<\/strong> sarebbe ben \u00abfelice\u00bb di accogliere la proposta di un <strong>candidato di Fratelli d\u2019Italia<\/strong>, qualora la premier dimostrasse di averne uno all\u2019altezza. Anzi, ha aggiunto, \u00e8 pronto a rispondere con un nome leghista per le prossime <strong>Regionali in Sicilia<\/strong>. \u00abS\u00ec, proprio dove quest\u2019estate abbiamo stretto l\u2019<a href=\"https:\/\/www.lettera43.it\/toto-cuffaro-lega-durigon-salvini-francesco-saverio-romano-noi-moderati-lupi-sicilia\/\"  rel=\"noreferrer noopener\">accordo con Tot\u00f2 Cuffaro<\/a> a pochi mesi dal nuovo arresto\u00bb, si \u00e8 commentato a bassa voce tra i presenti. <\/p>\n\n\n<figure class=\"wp-block-image size-large\"><a href=\"https:\/\/www.lettera43.it\/galleria\/1267003\/1224508\"><img data-has-syndication-rights=\"1\" data-portal-copyright=\"Lettera43\" data-licensor-name=\"Lettera43\" decoding=\"async\" width=\"1024\" height=\"693\" src=\"https:\/\/www.lettera43.it\/wp-content\/uploads\/2025\/06\/Le-purghe-di-Salvini-per-vannaccizzare-la-Lega-ffff-1024x693.jpg\" alt=\"Lega, perch\u00e9 la leadership di Salvini ormai \u00e8 solo sulla carta\" class=\"wp-image-1224508 lazyload\" title=\"Lega, perch\u00e9 la leadership di Salvini ormai \u00e8 solo sulla carta\" data-src=\"https:\/\/www.lettera43.it\/wp-content\/uploads\/2025\/06\/Le-purghe-di-Salvini-per-vannaccizzare-la-Lega-ffff-1024x693.jpg\" loading=\"lazy\" data-has-syndication-rights=\"1\" data-licensor-name=\"Lettera43\" srcset=\"https:\/\/www.lettera43.it\/wp-content\/uploads\/2025\/06\/Le-purghe-di-Salvini-per-vannaccizzare-la-Lega-ffff-1024x693.jpg 1024w, https:\/\/www.lettera43.it\/wp-content\/uploads\/2025\/06\/Le-purghe-di-Salvini-per-vannaccizzare-la-Lega-ffff-800x541.jpg 800w, https:\/\/www.lettera43.it\/wp-content\/uploads\/2025\/06\/Le-purghe-di-Salvini-per-vannaccizzare-la-Lega-ffff-768x520.jpg 768w, https:\/\/www.lettera43.it\/wp-content\/uploads\/2025\/06\/Le-purghe-di-Salvini-per-vannaccizzare-la-Lega-ffff.jpg 1200w\" sizes=\"auto, (max-width: 1024px) 100vw, 1024px\" \/><\/a><figcaption class=\"wp-element-caption\">Attilio Fontana, Luca Zaia, Maurizio Fugatti e \nMassimiliano Fedriga (Imagoeconomica).<\/figcaption><\/figure>\n\n\n<h2 class=\"wp-block-heading\">Il Veneto ha rianimato la militanza: il caso del blitz dei giovani lombardi<\/h2>\n\n\n\n<p>Insomma, pur di punire Romeo e i governatori riottosi, Salvini sarebbe disposto a dire qualsiasi cosa. Ma la situazione sembra essergli sfuggita completamente di mano. E non solo perch\u00e9 Fontana &amp; co si stanno organizzando (a dire il vero sono anni che si organizzano e poi non fanno mai nulla) ma anche perch\u00e9 il successo in Veneto ha <strong>rianimato la militanza <\/strong>che vuole tornare ad avere spazio e vorrebbe avere un leader credibile per vincere. Ed \u00e8 cos\u00ec che, pi\u00f9 che per Zaia e Fontana, Salvini si \u00e8 infuriato per il <strong>blitz <\/strong>del coordinatore dei giovani lombardi, Matteo Mauri, che davanti al Pirellone ha appeso uno striscione con la scritta &#8220;Il Veneto indica la via, alla Lega la Lombardia&#8221;, accompagnato da un comunicato a nome del coordinamento regionale. Poco dopo ha ricevuto la telefonata di fuoco del coordinatore nazionale dei giovani <strong>Luca Toccalini<\/strong>. \u00abUn\u2019iniziativa personale\u00bb, tenderanno a ridimensionarla dalla segreteria leghista. Ma se non si riescono pi\u00f9 a controllare neanche i giovani del fido Toccalini, poco rimane. <\/p>\n\n\n<figure class=\"wp-block-image size-full\"><a href=\"https:\/\/www.lettera43.it\/galleria\/1267003\/1267048\"><img data-has-syndication-rights=\"1\" data-portal-copyright=\"Lettera43\" data-licensor-name=\"Lettera43\" decoding=\"async\" width=\"1200\" height=\"800\" src=\"https:\/\/www.lettera43.it\/wp-content\/uploads\/2025\/11\/TOCCA.jpg\" alt=\"Lega, perch\u00e9 la leadership di Salvini ormai \u00e8 solo sulla carta\" class=\"wp-image-1267048 lazyload\" title=\"Lega, perch\u00e9 la leadership di Salvini ormai \u00e8 solo sulla carta\" data-src=\"https:\/\/www.lettera43.it\/wp-content\/uploads\/2025\/11\/TOCCA.jpg\" loading=\"lazy\" data-has-syndication-rights=\"1\" data-licensor-name=\"Lettera43\" srcset=\"https:\/\/www.lettera43.it\/wp-content\/uploads\/2025\/11\/TOCCA.jpg 1200w, https:\/\/www.lettera43.it\/wp-content\/uploads\/2025\/11\/TOCCA-800x533.jpg 800w, https:\/\/www.lettera43.it\/wp-content\/uploads\/2025\/11\/TOCCA-390x260.jpg 390w\" sizes=\"auto, (max-width: 1200px) 100vw, 1200px\" \/><\/a><figcaption class=\"wp-element-caption\">Luca Toccalini con Matteo Salvini (Imagoeconomica).<\/figcaption><\/figure>\n\n\n<h2 class=\"wp-block-heading\">Intanto Zaia vede Mattarella<\/h2>\n\n\n\n<p>Ancora pi\u00f9 inquieto \u00e8 l\u2019ambiente vicino ai governatori. In Lombardia hanno avviato una<strong> raccolta firme<\/strong> a sostegno della candidatura di Zaia alla presidenza della Regione. Lui, il Doge, \u00e8 stato in<strong> trasferta a Roma<\/strong> per incontri importanti. In primo luogo ha voluto far visita al presidente della Repubblica <strong>Sergio Mattarella<\/strong>. Nel breve incontro di commiato, chiesto da Zaia sabato a margine dell\u2019incontro sull\u2019Africa a Padova, il capo dello Stato ha mostrato molta cordialit\u00e0 nei confronti del presidente veneto uscente, segno del rapporto instaurato gi\u00e0 dai tempi del Covid. Mattarella ha poi fatto diffondere una nota e delle foto del vis-\u00e0-vis durante il quale avrebbe detto a Zaia che il record di preferenze (203.509) ottenute \u00e8 un segnale del fatto che ha ben amministrato. Zaia ha poi anche incontrato Salvini, con il quale ha discusso del suo futuro. Il segretario leghista avrebbe ribadito che il compagno di partito \u00abpu\u00f2 fare tutto\u00bb: presidente dell&#8217;Eni, candidato alle suppletive alla Camera, <strong>presidente del Consiglio regionale veneto<\/strong> o <strong>sindaco di Venezia<\/strong>. E il Doge avrebbe optato per le ultime due ipotesi, esattamente in quest&#8217;ordine. Ovvero entrata in Consiglio regionale come presidente e poi utilizzo della carica per negoziare con gli alleati la possibilit\u00e0 di una sua candidatura in Laguna. \u00abCi vediamo a Venezia\u00bb, avrebbe detto a Zaia il capo dello Stato che forse gi\u00e0 vede l&#8217;esito di questa vicenda.<\/p>\n\n\n<figure class=\"wp-block-image size-full\"><a href=\"https:\/\/www.lettera43.it\/galleria\/1267003\/1267049\"><img data-has-syndication-rights=\"1\" data-portal-copyright=\"Lettera43\" data-licensor-name=\"Lettera43\" decoding=\"async\" width=\"1200\" height=\"807\" src=\"https:\/\/www.lettera43.it\/wp-content\/uploads\/2025\/11\/ZAIA-4.jpg\" alt=\"Lega, perch\u00e9 la leadership di Salvini ormai \u00e8 solo sulla carta\" class=\"wp-image-1267049 lazyload\" title=\"Lega, perch\u00e9 la leadership di Salvini ormai \u00e8 solo sulla carta\" data-src=\"https:\/\/www.lettera43.it\/wp-content\/uploads\/2025\/11\/ZAIA-4.jpg\" loading=\"lazy\" data-has-syndication-rights=\"1\" data-licensor-name=\"Lettera43\" srcset=\"https:\/\/www.lettera43.it\/wp-content\/uploads\/2025\/11\/ZAIA-4.jpg 1200w, https:\/\/www.lettera43.it\/wp-content\/uploads\/2025\/11\/ZAIA-4-800x538.jpg 800w, https:\/\/www.lettera43.it\/wp-content\/uploads\/2025\/11\/ZAIA-4-390x262.jpg 390w\" sizes=\"auto, (max-width: 1200px) 100vw, 1200px\" \/><\/a><figcaption class=\"wp-element-caption\">Il Presidente della Repubblica, Sergio Mattarella, con Luca Zaia al Quirinale (Ansa).<\/figcaption><\/figure>","protected":false},"excerpt":{"rendered":"<p>Il segretario cova un risentimento profondo nei confronti di quella parte del partito che non gli risponde pi\u00f9. Ossessionato dai governatori del Nord, i problemi pi\u00f9 grossi li ha nella sua Lombardia. Dove persino i giovani del Carroccio invocano una via veneta.<\/p>\n","protected":false},"author":4,"featured_media":0,"comment_status":"closed","ping_status":"closed","sticky":false,"template":"","format":"standard","meta":{"om_disable_all_campaigns":false,"_monsterinsights_skip_tracking":false,"_monsterinsights_sitenote_active":false,"_monsterinsights_sitenote_note":"","_monsterinsights_sitenote_category":0,"footnotes":""},"categories":[15],"tags":[],"class_list":["post-814802","post","type-post","status-publish","format-standard","hentry","category-politica"],"aioseo_notices":[],"_links":{"self":[{"href":"https:\/\/nugnes.com\/index.php?rest_route=\/wp\/v2\/posts\/814802","targetHints":{"allow":["GET"]}}],"collection":[{"href":"https:\/\/nugnes.com\/index.php?rest_route=\/wp\/v2\/posts"}],"about":[{"href":"https:\/\/nugnes.com\/index.php?rest_route=\/wp\/v2\/types\/post"}],"author":[{"embeddable":true,"href":"https:\/\/nugnes.com\/index.php?rest_route=\/wp\/v2\/users\/4"}],"replies":[{"embeddable":true,"href":"https:\/\/nugnes.com\/index.php?rest_route=%2Fwp%2Fv2%2Fcomments&post=814802"}],"version-history":[{"count":1,"href":"https:\/\/nugnes.com\/index.php?rest_route=\/wp\/v2\/posts\/814802\/revisions"}],"predecessor-version":[{"id":814803,"href":"https:\/\/nugnes.com\/index.php?rest_route=\/wp\/v2\/posts\/814802\/revisions\/814803"}],"wp:attachment":[{"href":"https:\/\/nugnes.com\/index.php?rest_route=%2Fwp%2Fv2%2Fmedia&parent=814802"}],"wp:term":[{"taxonomy":"category","embeddable":true,"href":"https:\/\/nugnes.com\/index.php?rest_route=%2Fwp%2Fv2%2Fcategories&post=814802"},{"taxonomy":"post_tag","embeddable":true,"href":"https:\/\/nugnes.com\/index.php?rest_route=%2Fwp%2Fv2%2Ftags&post=814802"}],"curies":[{"name":"wp","href":"https:\/\/api.w.org\/{rel}","templated":true}]}}