{"id":814804,"date":"2025-11-27T08:14:57","date_gmt":"2025-11-27T08:14:57","guid":{"rendered":"https:\/\/www.lettera43.it\/?p=1267024"},"modified":"2025-11-27T08:14:57","modified_gmt":"2025-11-27T08:14:57","slug":"adrian-newey-sara-team-principal-di-aston-martin-nel-2026","status":"publish","type":"post","link":"https:\/\/nugnes.com\/?p=814804","title":{"rendered":"Adrian Newey sar\u00e0 Team Principal di Aston Martin nel 2026"},"content":{"rendered":"\n<p><strong>Adrian Newey<\/strong> diventa sempre pi\u00f9 centrale nel nuovo progetto <strong>Aston Martin<\/strong>. L\u2019ingegnere britannico, protagonista dei successi in Red Bull di Sebastian Vettel e Max Verstappen, sar\u00e0 infatti il nuovo <strong>Team Principal<\/strong> della scuderia di Silvertone a partire dalla stagione 2026. Prender\u00e0 il posto di <strong>Andy Cowell<\/strong>, che rester\u00e0 al muretto della squadra fino al Gp di Abu Dhabi di domenica 7 dicembre e che assumer\u00e0 l\u2019incarico di <strong>Chief Strategy Officer<\/strong> riportando direttamente al presidente esecutivo Lawrence Stroll. Newey conserver\u00e0 anche la guida del dipartimento tecnico per lo sviluppo della monoposto e per le operazioni in pista, assumendo un ruolo simile a quello che fu di <strong>Mattia Binotto<\/strong> in Ferrari tra il 2019 e il 2022. Presentato il 10 settembre 2024, il progettista 66enne ha iniziato a lavorare per Aston dal primo marzo successivo, avendo accettato di chiudere in Red Bull i lavori sulla Hypercar RB17.<\/p>\n\n\n\n<figure class=\"wp-block-embed is-type-rich is-provider-twitter wp-block-embed-twitter\"><div class=\"wp-block-embed__wrapper\">\n<blockquote class=\"twitter-tweet\" data-width=\"500\" data-dnt=\"true\"><p lang=\"en\" dir=\"ltr\">Adrian Newey will take on the role of Team Principal from 2026 and will be guiding the technical team, including the trackside operations of the car. <a href=\"https:\/\/t.co\/IATvjVlYEZ\">pic.twitter.com\/IATvjVlYEZ<\/a><\/p>&mdash; Aston Martin Aramco F1 Team (@AstonMartinF1) <a href=\"https:\/\/twitter.com\/AstonMartinF1\/status\/1993743148057808925?ref_src=twsrc%5Etfw\">November 26, 2025<\/a><\/blockquote><script async src=\"https:\/\/platform.twitter.com\/widgets.js\" charset=\"utf-8\"><\/script>\n<\/div><\/figure>\n\n\n\n<h2 class=\"wp-block-heading\"><strong>Adrian Newey: \u00abHo visto tanti talenti in Aston Martin\u00bb<\/strong><\/h2>\n\n\n\n<p>Per Adrian Newey, ex direttore tecnico in Red Bull, sar\u00e0 un <strong>debutto<\/strong> come<strong> Team Principal<\/strong> in <strong>Formula 1<\/strong>. La sua nomina intende confermare l\u2019impegno di Aston Martin per la nuova stagione mondiale, su cui l\u2019azienda britannica punta molto anche in virt\u00f9 di un cambiamento nel <strong>regolamento ufficiale<\/strong> che potrebbe sovvertire gli equilibri nel paddock. \u00abNegli ultimi nove mesi ho visto tanti talenti individuali all&#8217;interno della squadra\u00bb, ha spiegato Newey in un comunicato. \u00abNon vedo l&#8217;ora di assumere questo nuovo ruolo, che ci consentir\u00e0 di essere nella migliore posizione possibile per competere nel 2026, quando ci troveremo ad affrontare una situazione completamente nuova\u00bb. Dal canto suo <strong>Lawrence Stroll<\/strong>, padre del pilota Lance, ha ringraziato Cowell per il suo impegno come \u00ableader eccezionale\u00bb capace di promuovere \u00abuna cultura che ha posto le auto da corsa al centro\u00bb del progetto.<\/p>\n\n\n<figure class=\"wp-block-image size-full\"><a href=\"https:\/\/www.lettera43.it\/galleria\/1267024\/1267025\"><img data-has-syndication-rights=\"1\" data-portal-copyright=\"Lettera43\" data-licensor-name=\"Lettera43\" decoding=\"async\" width=\"1200\" height=\"800\" src=\"https:\/\/www.lettera43.it\/wp-content\/uploads\/2025\/11\/tagfin_20251127090425665_349834d7332a3edd95c9220c08140ee8.jpg\" alt=\"Adrian Newey sar\u00e0 Team Principal di Aston Martin nel 2026\" class=\"wp-image-1267025 lazyload\" title=\"Adrian Newey sar\u00e0 Team Principal di Aston Martin nel 2026\" data-src=\"https:\/\/www.lettera43.it\/wp-content\/uploads\/2025\/11\/tagfin_20251127090425665_349834d7332a3edd95c9220c08140ee8.jpg\" loading=\"lazy\" data-has-syndication-rights=\"1\" data-licensor-name=\"Lettera43\" srcset=\"https:\/\/www.lettera43.it\/wp-content\/uploads\/2025\/11\/tagfin_20251127090425665_349834d7332a3edd95c9220c08140ee8.jpg 1200w, https:\/\/www.lettera43.it\/wp-content\/uploads\/2025\/11\/tagfin_20251127090425665_349834d7332a3edd95c9220c08140ee8-800x533.jpg 800w, https:\/\/www.lettera43.it\/wp-content\/uploads\/2025\/11\/tagfin_20251127090425665_349834d7332a3edd95c9220c08140ee8-390x260.jpg 390w\" sizes=\"auto, (max-width: 1200px) 100vw, 1200px\" \/><\/a><figcaption class=\"wp-element-caption\">L&#8217;ingegnere britannico Adrian Newey (Ansa).<\/figcaption><\/figure>\n\n\n<p>\u00abImplementati i cambiamenti strutturali necessari per la transizione verso un team completo e dopo aver gettato le basi per Adrian e l&#8217;organizzazione in generale, \u00e8 giunto il momento per me di assumere un ruolo diverso, quello di <strong>Chief Strategy Officer<\/strong>\u00bb, ha spiegato Cowell. \u00abIn questo incarico, contribuir\u00f2 a ottimizzare la partnership tecnica tra il Team, <strong>Honda<\/strong>, <strong>Aramco<\/strong> e <strong>Valvoline <\/strong>e a garantire la perfetta integrazione della nuova unit\u00e0 di potenza, del carburante e del telaio del Team\u00bb.<\/p>\n\n\n\n<h2 class=\"wp-block-heading\"><strong>Charles Leclerc verso Aston Martin? Fiducia a tempo alla Ferrari<\/strong><\/h2>\n\n\n\n<p>Per quanto riguarda la stagione 2026, Aston Martin ha confermato Lance Stroll e Fernando Alonso come coppia piloti. Il prossimo luglio, tuttavia, il campione spagnolo compir\u00e0 45 anni e potrebbe presto dire addio alle corse: al suo posto, si fa sempre pi\u00f9 concreta la <strong>suggestione Charles Leclerc<\/strong>, apparentemente <strong>in rottura<\/strong> con la<strong> Ferrari<\/strong>. Secondo il giornalista Giorgio Terruzzi, esperto e fonte autorevole nei motori, il monegasco avrebbe gi\u00e0 un accordo di base con Aston Martin per il 2027. Nel suo Podcast <em>Terruzzi racconta<\/em>, ha svelato un clamoroso <strong>addio al Cavallino <\/strong>dopo sette anni: \u00abAspetter\u00e0 la Ferrari per tre o quattro gare nel 2026: se i risultati saranno ancora una volta deludenti, allora dal 2027 diventer\u00e0 un pilota dell&#8217;Aston Martin\u00bb. Ad aspettarlo, un contratto <strong>triennale<\/strong> da 100 milioni di euro complessivi. Pur avendo giurato amore eterno a Maranello, a 28 anni il \u201cpredestinato\u201d della F1 potrebbe decidere di cambiare aria.<\/p>\n\n\n<figure class=\"wp-block-image size-full\"><a href=\"https:\/\/www.lettera43.it\/galleria\/1267024\/1267027\"><img data-has-syndication-rights=\"1\" data-portal-copyright=\"Lettera43\" data-licensor-name=\"Lettera43\" decoding=\"async\" width=\"1200\" height=\"800\" src=\"https:\/\/www.lettera43.it\/wp-content\/uploads\/2025\/11\/tagfin_20251127090525588_71edae3fc0d2b5c2d387f289b443f826.jpg\" alt=\"Adrian Newey sar\u00e0 Team Principal di Aston Martin nel 2026\" class=\"wp-image-1267027 lazyload\" title=\"Adrian Newey sar\u00e0 Team Principal di Aston Martin nel 2026\" data-src=\"https:\/\/www.lettera43.it\/wp-content\/uploads\/2025\/11\/tagfin_20251127090525588_71edae3fc0d2b5c2d387f289b443f826.jpg\" loading=\"lazy\" data-has-syndication-rights=\"1\" data-licensor-name=\"Lettera43\" srcset=\"https:\/\/www.lettera43.it\/wp-content\/uploads\/2025\/11\/tagfin_20251127090525588_71edae3fc0d2b5c2d387f289b443f826.jpg 1200w, https:\/\/www.lettera43.it\/wp-content\/uploads\/2025\/11\/tagfin_20251127090525588_71edae3fc0d2b5c2d387f289b443f826-800x533.jpg 800w, https:\/\/www.lettera43.it\/wp-content\/uploads\/2025\/11\/tagfin_20251127090525588_71edae3fc0d2b5c2d387f289b443f826-390x260.jpg 390w\" sizes=\"auto, (max-width: 1200px) 100vw, 1200px\" \/><\/a><figcaption class=\"wp-element-caption\">Il pilota della Ferrari Charles Leclerc (Ansa).<\/figcaption><\/figure>","protected":false},"excerpt":{"rendered":"<p>L\u2019ingegnere britannico, con un passato di successo in Red Bull, assumer\u00e0 la guida della scuderia al posto di Andy Cowell, che sar\u00e0 invece Chief Strategy Officer. E per il 2027 si fa sempre pi\u00f9 concreta la pista che porta a Charles Leclerc.<\/p>\n","protected":false},"author":4,"featured_media":0,"comment_status":"closed","ping_status":"closed","sticky":false,"template":"","format":"standard","meta":{"om_disable_all_campaigns":false,"_monsterinsights_skip_tracking":false,"_monsterinsights_sitenote_active":false,"_monsterinsights_sitenote_note":"","_monsterinsights_sitenote_category":0,"footnotes":""},"categories":[540,1614],"tags":[],"class_list":["post-814804","post","type-post","status-publish","format-standard","hentry","category-f1","category-poltrone-e-si-fa"],"aioseo_notices":[],"_links":{"self":[{"href":"https:\/\/nugnes.com\/index.php?rest_route=\/wp\/v2\/posts\/814804","targetHints":{"allow":["GET"]}}],"collection":[{"href":"https:\/\/nugnes.com\/index.php?rest_route=\/wp\/v2\/posts"}],"about":[{"href":"https:\/\/nugnes.com\/index.php?rest_route=\/wp\/v2\/types\/post"}],"author":[{"embeddable":true,"href":"https:\/\/nugnes.com\/index.php?rest_route=\/wp\/v2\/users\/4"}],"replies":[{"embeddable":true,"href":"https:\/\/nugnes.com\/index.php?rest_route=%2Fwp%2Fv2%2Fcomments&post=814804"}],"version-history":[{"count":1,"href":"https:\/\/nugnes.com\/index.php?rest_route=\/wp\/v2\/posts\/814804\/revisions"}],"predecessor-version":[{"id":814805,"href":"https:\/\/nugnes.com\/index.php?rest_route=\/wp\/v2\/posts\/814804\/revisions\/814805"}],"wp:attachment":[{"href":"https:\/\/nugnes.com\/index.php?rest_route=%2Fwp%2Fv2%2Fmedia&parent=814804"}],"wp:term":[{"taxonomy":"category","embeddable":true,"href":"https:\/\/nugnes.com\/index.php?rest_route=%2Fwp%2Fv2%2Fcategories&post=814804"},{"taxonomy":"post_tag","embeddable":true,"href":"https:\/\/nugnes.com\/index.php?rest_route=%2Fwp%2Fv2%2Ftags&post=814804"}],"curies":[{"name":"wp","href":"https:\/\/api.w.org\/{rel}","templated":true}]}}