{"id":815687,"date":"2025-11-28T07:13:16","date_gmt":"2025-11-28T07:13:16","guid":{"rendered":"https:\/\/www.lettera43.it\/?p=1267241"},"modified":"2025-11-28T07:13:16","modified_gmt":"2025-11-28T07:13:16","slug":"assunzioni-imprese-2025-si-cercano-laureati-e-diplomati-its","status":"publish","type":"post","link":"https:\/\/nugnes.com\/?p=815687","title":{"rendered":"Assunzioni imprese 2025: si cercano laureati e diplomati Its"},"content":{"rendered":"\n<p>Assunzioni di profili professionali introvabili nel 2025 per le imprese, alla ricerca soprattutto di <strong>laureati e diplomati Its<\/strong>. \u00c8 quanto emerge dal Sistema informativo Excelsior, realizzato da Unioncamere in collaborazione con il ministero del Lavoro e delle Politiche sociali grazie al Programma nazionale Giovani, donne e lavoro, cofinanziato dall\u2019Unione europea. Al centro dell\u2019indagine soprattutto i <strong>titoli di studio<\/strong> e le qualifiche dei profili ricercati dalle imprese, introvabili per una media di circa un posto di lavoro su due, dato quest\u2019ultimo che si conferma mensilmente da alcuni anni a questa parte. Pi\u00f9 nel dettaglio del bollettino delle <strong>assunzioni<\/strong> delle imprese, all\u2019appello mancano 670 mila laureati nel 2025, 120 mila diplomati presso gli Istituti tecnici superiori, mentre 1,3 milioni di posti di lavoro riguardano candidati in possesso del diploma di scuola superiore e 2,3 milioni chi abbia una qualifica professionale.<\/p>\n\n\n\n<h2 class=\"wp-block-heading\">Assunzioni imprese 2025, quali titoli di studio sono ricercati? <\/h2>\n\n\n<figure class=\"wp-block-image size-full\"><a href=\"https:\/\/www.lettera43.it\/galleria\/1267241\/1267247\"><img data-has-syndication-rights=\"1\" data-portal-copyright=\"Lettera43\" data-licensor-name=\"Lettera43\" decoding=\"async\" width=\"1200\" height=\"822\" src=\"https:\/\/www.lettera43.it\/wp-content\/uploads\/2025\/11\/lavoro_imago_22-2.jpg\" alt=\"Assunzioni imprese 2025: si cercano laureati e diplomati Its\" class=\"wp-image-1267247 lazyload\" title=\"Assunzioni imprese 2025: si cercano laureati e diplomati Its\" data-src=\"https:\/\/www.lettera43.it\/wp-content\/uploads\/2025\/11\/lavoro_imago_22-2.jpg\" loading=\"lazy\" data-has-syndication-rights=\"1\" data-licensor-name=\"Lettera43\" srcset=\"https:\/\/www.lettera43.it\/wp-content\/uploads\/2025\/11\/lavoro_imago_22-2.jpg 1200w, https:\/\/www.lettera43.it\/wp-content\/uploads\/2025\/11\/lavoro_imago_22-2-800x548.jpg 800w, https:\/\/www.lettera43.it\/wp-content\/uploads\/2025\/11\/lavoro_imago_22-2-390x267.jpg 390w\" sizes=\"auto, (max-width: 1200px) 100vw, 1200px\" \/><\/a><figcaption class=\"wp-element-caption\">Il Centro per l&#8217;impiego di Cinecitt\u00e0, a Roma (Imagoeconomica). <\/figcaption><\/figure>\n\n\n<p>Imprese alla ricerca di candidati in possesso di qualifiche e titoli di studio elevati. Dalla rilevazione del Sistema informativo Excelsior emerge, infatti, la necessit\u00e0 delle imprese di reperire 670 mila laureati, 120 mila diplomati Its, 1,3 milioni di diplomati scuola superiore e 2,3 milioni di chi sia in possesso di una qualifica professionale. La met\u00e0 dei candidati in possesso di laurea e del diploma conseguito presso gli Istituti tecnici superiori (<strong>Its Academy<\/strong>) \u00e8 considerato dalle imprese introvabile. Se n\u2019\u00e8 parlato anche nella giornata del 26 novembre 2025 durante l\u2019inaugurazione a Verona Fiera della 34esima edizione del Job&amp;Orienta, la vetrina nazionale dedicata all\u2019orientamento, alla scuola, alla formazione e al lavoro.<\/p>\n\n\n\n<h2 class=\"wp-block-heading\">Quali competenze servono alle imprese per le assunzioni 2025?<\/h2>\n\n\n\n<p>La mancanza di candidati ideali, in possesso delle competenze ricercate dalle imprese, non \u00e8 una novit\u00e0. Infatti, da alcuni anni a questa parte, nel consueto osservatorio mensile del Sistema informativo Excelsior, emerge una <strong>perdita di occasioni di lavoro<\/strong> di circa il 50 per cento medio (a novembre 2025 del 47 per cento), in particolare per alcune figure professionali con accentuate difficolt\u00e0 a causa della mancanza di adeguati titoli di studio. Nel 2025 il mismatch tra la domanda e l\u2019offerte \u00e8 decisamente importante. Infatti, \u00e8 difficile reperire i tecnici Its Academy che mancano per il 57,3 per cento delle <a href=\"https:\/\/www.lettera43.it\/assunzioni-novembre-2025-quasi-443-mila-nuove-offerte-dalle-imprese-ecco-lavori-piu-gettonati\/\">assunzioni<\/a><a href=\"https:\/\/www.lettera43.it\/assunzioni-novembre-2025-quasi-443-mila-nuove-offerte-dalle-imprese-ecco-lavori-piu-gettonati\/\"  rel=\"noreferrer noopener\"> <\/a><a href=\"https:\/\/www.lettera43.it\/assunzioni-novembre-2025-quasi-443-mila-nuove-offerte-dalle-imprese-ecco-lavori-piu-gettonati\/\">delle imprese<\/a> e i laureati, assenti nel 50,9 per cento delle opportunit\u00e0 di lavoro.<\/p>\n\n\n\n<h2 class=\"wp-block-heading\">Mismatch domanda e offerta di lavoro, cosa fare? <\/h2>\n\n\n<figure class=\"wp-block-image size-full\"><a href=\"https:\/\/www.lettera43.it\/galleria\/1267241\/1267249\"><img data-has-syndication-rights=\"1\" data-portal-copyright=\"Lettera43\" data-licensor-name=\"Lettera43\" decoding=\"async\" width=\"1200\" height=\"798\" src=\"https:\/\/www.lettera43.it\/wp-content\/uploads\/2025\/11\/lavoro_imago_24-2.jpg\" alt=\"Assunzioni imprese 2025: si cercano laureati e diplomati Its\" class=\"wp-image-1267249 lazyload\" title=\"Assunzioni imprese 2025: si cercano laureati e diplomati Its\" data-src=\"https:\/\/www.lettera43.it\/wp-content\/uploads\/2025\/11\/lavoro_imago_24-2.jpg\" loading=\"lazy\" data-has-syndication-rights=\"1\" data-licensor-name=\"Lettera43\" srcset=\"https:\/\/www.lettera43.it\/wp-content\/uploads\/2025\/11\/lavoro_imago_24-2.jpg 1200w, https:\/\/www.lettera43.it\/wp-content\/uploads\/2025\/11\/lavoro_imago_24-2-800x532.jpg 800w, https:\/\/www.lettera43.it\/wp-content\/uploads\/2025\/11\/lavoro_imago_24-2-390x259.jpg 390w\" sizes=\"auto, (max-width: 1200px) 100vw, 1200px\" \/><\/a><figcaption class=\"wp-element-caption\">Impiegati (Imagoeconomica). <\/figcaption><\/figure>\n\n\n<p>\u00abIl gap tra domanda e offerta di lavoro si mantiene molto alto anche quest\u2019anno &#8211; si legge nella nota stampa di Andrea Prete, presidente di Unioncamere &#8211; Non \u00e8 una prerogativa italiana ma certo rappresenta un freno importante alla competitivit\u00e0 del sistema Paese. \u00c8 indispensabile continuare a lavorare su pi\u00f9 fronti, tra i quali quello dell\u2019orientamento, che deve essere quanto pi\u00f9 precoce possibile; su una pi\u00f9 intensa relazione tra Universit\u00e0 e imprese per frenare la fuga dei cervelli; su un migliore incontro e dialogo tra formazione e richiesta delle imprese\u00bb.<\/p>\n","protected":false},"excerpt":{"rendered":"<p>\u00c8 quanto emerge dal Sistema informativo Excelsior, realizzato da Unioncamere in collaborazione con il ministero del Lavoro e delle Politiche sociali. Tutti i dati.<\/p>\n","protected":false},"author":4,"featured_media":0,"comment_status":"closed","ping_status":"closed","sticky":false,"template":"","format":"standard","meta":{"om_disable_all_campaigns":false,"_monsterinsights_skip_tracking":false,"_monsterinsights_sitenote_active":false,"_monsterinsights_sitenote_note":"","_monsterinsights_sitenote_category":0,"footnotes":""},"categories":[25],"tags":[],"class_list":["post-815687","post","type-post","status-publish","format-standard","hentry","category-economia"],"aioseo_notices":[],"_links":{"self":[{"href":"https:\/\/nugnes.com\/index.php?rest_route=\/wp\/v2\/posts\/815687","targetHints":{"allow":["GET"]}}],"collection":[{"href":"https:\/\/nugnes.com\/index.php?rest_route=\/wp\/v2\/posts"}],"about":[{"href":"https:\/\/nugnes.com\/index.php?rest_route=\/wp\/v2\/types\/post"}],"author":[{"embeddable":true,"href":"https:\/\/nugnes.com\/index.php?rest_route=\/wp\/v2\/users\/4"}],"replies":[{"embeddable":true,"href":"https:\/\/nugnes.com\/index.php?rest_route=%2Fwp%2Fv2%2Fcomments&post=815687"}],"version-history":[{"count":1,"href":"https:\/\/nugnes.com\/index.php?rest_route=\/wp\/v2\/posts\/815687\/revisions"}],"predecessor-version":[{"id":815688,"href":"https:\/\/nugnes.com\/index.php?rest_route=\/wp\/v2\/posts\/815687\/revisions\/815688"}],"wp:attachment":[{"href":"https:\/\/nugnes.com\/index.php?rest_route=%2Fwp%2Fv2%2Fmedia&parent=815687"}],"wp:term":[{"taxonomy":"category","embeddable":true,"href":"https:\/\/nugnes.com\/index.php?rest_route=%2Fwp%2Fv2%2Fcategories&post=815687"},{"taxonomy":"post_tag","embeddable":true,"href":"https:\/\/nugnes.com\/index.php?rest_route=%2Fwp%2Fv2%2Ftags&post=815687"}],"curies":[{"name":"wp","href":"https:\/\/api.w.org\/{rel}","templated":true}]}}