{"id":824876,"date":"2026-02-18T16:54:24","date_gmt":"2026-02-18T16:54:24","guid":{"rendered":"https:\/\/www.lettera43.it\/?p=1286988"},"modified":"2026-02-18T16:54:24","modified_gmt":"2026-02-18T16:54:24","slug":"bologna-e-gia-in-campagna-elettorale-e-il-pd-si-spacca-su-sicurezza-e-cpr","status":"publish","type":"post","link":"https:\/\/nugnes.com\/?p=824876","title":{"rendered":"Bologna \u00e8 gi\u00e0 in campagna elettorale e il Pd si spacca su sicurezza e Cpr"},"content":{"rendered":"\n<p>Una viaggiatrice polacca dell\u2019Internet, Karosolotravel, ha scatenato il putiferio a <strong>Bologna<\/strong> dicendo che la citt\u00e0 semplicemente fa schifo:&nbsp;\u00abC\u2019\u00e8 puzza di urina dappertutto e sembra che non venga pulita da anni. Perch\u00e9 le autorit\u00e0 cittadine non puliscono le strade e i palazzi, che da arancioni sono diventati neri? Perch\u00e9 la gente su TikTok consiglia Bologna? \u00c8 disgustosa\u00bb. <\/p>\n\n\n\n<blockquote class=\"instagram-media\" data-instgrm-captioned data-instgrm-permalink=\"https:\/\/www.instagram.com\/reel\/DTuuQl2jBc1\/?utm_source=ig_embed&amp;utm_campaign=loading\" data-instgrm-version=\"14\" style=\" background:#FFF; border:0; border-radius:3px; box-shadow:0 0 1px 0 rgba(0,0,0,0.5),0 1px 10px 0 rgba(0,0,0,0.15); margin: 1px; max-width:540px; min-width:326px; padding:0; width:99.375%; width:-webkit-calc(100% - 2px); width:calc(100% - 2px);\"><div style=\"padding:16px;\"> <a href=\"https:\/\/www.instagram.com\/reel\/DTuuQl2jBc1\/?utm_source=ig_embed&amp;utm_campaign=loading\" style=\" background:#FFFFFF; line-height:0; padding:0 0; text-align:center; text-decoration:none; width:100%;\" > <div style=\" display: flex; flex-direction: row; align-items: center;\"> <div style=\"background-color: #F4F4F4; border-radius: 50%; flex-grow: 0; height: 40px; margin-right: 14px; width: 40px;\"><\/div> <div style=\"display: flex; flex-direction: column; flex-grow: 1; justify-content: center;\"> <div style=\" background-color: #F4F4F4; border-radius: 4px; flex-grow: 0; height: 14px; margin-bottom: 6px; width: 100px;\"><\/div> <div style=\" background-color: #F4F4F4; border-radius: 4px; flex-grow: 0; height: 14px; width: 60px;\"><\/div><\/div><\/div><div style=\"padding: 19% 0;\"><\/div> <div style=\"display:block; height:50px; margin:0 auto 12px; width:50px;\"><svg width=\"50px\" height=\"50px\" viewBox=\"0 0 60 60\" version=\"1.1\" xmlns=\"https:\/\/www.w3.org\/2000\/svg\" xmlns:xlink=\"https:\/\/www.w3.org\/1999\/xlink\"><g stroke=\"none\" stroke-width=\"1\" fill=\"none\" fill-rule=\"evenodd\"><g transform=\"translate(-511.000000, -20.000000)\" fill=\"#000000\"><g><path d=\"M556.869,30.41 C554.814,30.41 553.148,32.076 553.148,34.131 C553.148,36.186 554.814,37.852 556.869,37.852 C558.924,37.852 560.59,36.186 560.59,34.131 C560.59,32.076 558.924,30.41 556.869,30.41 M541,60.657 C535.114,60.657 530.342,55.887 530.342,50 C530.342,44.114 535.114,39.342 541,39.342 C546.887,39.342 551.658,44.114 551.658,50 C551.658,55.887 546.887,60.657 541,60.657 M541,33.886 C532.1,33.886 524.886,41.1 524.886,50 C524.886,58.899 532.1,66.113 541,66.113 C549.9,66.113 557.115,58.899 557.115,50 C557.115,41.1 549.9,33.886 541,33.886 M565.378,62.101 C565.244,65.022 564.756,66.606 564.346,67.663 C563.803,69.06 563.154,70.057 562.106,71.106 C561.058,72.155 560.06,72.803 558.662,73.347 C557.607,73.757 556.021,74.244 553.102,74.378 C549.944,74.521 548.997,74.552 541,74.552 C533.003,74.552 532.056,74.521 528.898,74.378 C525.979,74.244 524.393,73.757 523.338,73.347 C521.94,72.803 520.942,72.155 519.894,71.106 C518.846,70.057 518.197,69.06 517.654,67.663 C517.244,66.606 516.755,65.022 516.623,62.101 C516.479,58.943 516.448,57.996 516.448,50 C516.448,42.003 516.479,41.056 516.623,37.899 C516.755,34.978 517.244,33.391 517.654,32.338 C518.197,30.938 518.846,29.942 519.894,28.894 C520.942,27.846 521.94,27.196 523.338,26.654 C524.393,26.244 525.979,25.756 528.898,25.623 C532.057,25.479 533.004,25.448 541,25.448 C548.997,25.448 549.943,25.479 553.102,25.623 C556.021,25.756 557.607,26.244 558.662,26.654 C560.06,27.196 561.058,27.846 562.106,28.894 C563.154,29.942 563.803,30.938 564.346,32.338 C564.756,33.391 565.244,34.978 565.378,37.899 C565.522,41.056 565.552,42.003 565.552,50 C565.552,57.996 565.522,58.943 565.378,62.101 M570.82,37.631 C570.674,34.438 570.167,32.258 569.425,30.349 C568.659,28.377 567.633,26.702 565.965,25.035 C564.297,23.368 562.623,22.342 560.652,21.575 C558.743,20.834 556.562,20.326 553.369,20.18 C550.169,20.033 549.148,20 541,20 C532.853,20 531.831,20.033 528.631,20.18 C525.438,20.326 523.257,20.834 521.349,21.575 C519.376,22.342 517.703,23.368 516.035,25.035 C514.368,26.702 513.342,28.377 512.574,30.349 C511.834,32.258 511.326,34.438 511.181,37.631 C511.035,40.831 511,41.851 511,50 C511,58.147 511.035,59.17 511.181,62.369 C511.326,65.562 511.834,67.743 512.574,69.651 C513.342,71.625 514.368,73.296 516.035,74.965 C517.703,76.634 519.376,77.658 521.349,78.425 C523.257,79.167 525.438,79.673 528.631,79.82 C531.831,79.965 532.853,80.001 541,80.001 C549.148,80.001 550.169,79.965 553.369,79.82 C556.562,79.673 558.743,79.167 560.652,78.425 C562.623,77.658 564.297,76.634 565.965,74.965 C567.633,73.296 568.659,71.625 569.425,69.651 C570.167,67.743 570.674,65.562 570.82,62.369 C570.966,59.17 571,58.147 571,50 C571,41.851 570.966,40.831 570.82,37.631\"><\/path><\/g><\/g><\/g><\/svg><\/div><div style=\"padding-top: 8px;\"> <div style=\" color:#3897f0; font-family:Arial,sans-serif; font-size:14px; font-style:normal; font-weight:550; line-height:18px;\">Visualizza questo post su Instagram<\/div><\/div><div style=\"padding: 12.5% 0;\"><\/div> <div style=\"display: flex; flex-direction: row; margin-bottom: 14px; align-items: center;\"><div> <div style=\"background-color: #F4F4F4; border-radius: 50%; height: 12.5px; width: 12.5px; transform: translateX(0px) translateY(7px);\"><\/div> <div style=\"background-color: #F4F4F4; height: 12.5px; transform: rotate(-45deg) translateX(3px) translateY(1px); width: 12.5px; flex-grow: 0; margin-right: 14px; margin-left: 2px;\"><\/div> <div style=\"background-color: #F4F4F4; border-radius: 50%; height: 12.5px; width: 12.5px; transform: translateX(9px) translateY(-18px);\"><\/div><\/div><div style=\"margin-left: 8px;\"> <div style=\" background-color: #F4F4F4; border-radius: 50%; flex-grow: 0; height: 20px; width: 20px;\"><\/div> <div style=\" width: 0; height: 0; border-top: 2px solid transparent; border-left: 6px solid #f4f4f4; border-bottom: 2px solid transparent; transform: translateX(16px) translateY(-4px) rotate(30deg)\"><\/div><\/div><div style=\"margin-left: auto;\"> <div style=\" width: 0px; border-top: 8px solid #F4F4F4; border-right: 8px solid transparent; transform: translateY(16px);\"><\/div> <div style=\" background-color: #F4F4F4; flex-grow: 0; height: 12px; width: 16px; transform: translateY(-4px);\"><\/div> <div style=\" width: 0; height: 0; border-top: 8px solid #F4F4F4; border-left: 8px solid transparent; transform: translateY(-4px) translateX(8px);\"><\/div><\/div><\/div> <div style=\"display: flex; flex-direction: column; flex-grow: 1; justify-content: center; margin-bottom: 24px;\"> <div style=\" background-color: #F4F4F4; border-radius: 4px; flex-grow: 0; height: 14px; margin-bottom: 6px; width: 224px;\"><\/div> <div style=\" background-color: #F4F4F4; border-radius: 4px; flex-grow: 0; height: 14px; width: 144px;\"><\/div><\/div><\/a><p style=\" color:#c9c8cd; font-family:Arial,sans-serif; font-size:14px; line-height:17px; margin-bottom:0; margin-top:8px; overflow:hidden; padding:8px 0 7px; text-align:center; text-overflow:ellipsis; white-space:nowrap;\"><a href=\"https:\/\/www.instagram.com\/reel\/DTuuQl2jBc1\/?utm_source=ig_embed&amp;utm_campaign=loading\" style=\" color:#c9c8cd; font-family:Arial,sans-serif; font-size:14px; font-style:normal; font-weight:normal; line-height:17px; text-decoration:none;\" >Un post condiviso da karosolotravel <img data-has-syndication-rights=\"1\" data-portal-copyright=\"Lettera43\" data-licensor-name=\"Lettera43\" src=\"https:\/\/s.w.org\/images\/core\/emoji\/16.0.1\/72x72\/2708.png\" alt=\"&#x2708;\" class=\"wp-smiley\" style=\"height: 1em; max-height: 1em;\" \/> (@karosolotravel)<\/a><\/p><\/div><\/blockquote>\n<script async src=\"\/\/www.instagram.com\/embed.js\"><\/script>\n\n\n\n<h2 class=\"wp-block-heading\">Sotto le torri si respira gi\u00e0 clima pre-elettorale<\/h2>\n\n\n\n<p>Boom. Il <strong>post sui social<\/strong> \u00e8 diventato virale, rilanciato dagli sfidanti del sindaco <strong>Matteo Lepore<\/strong>, Pd, alle prossime <strong>Amministrative del 2027<\/strong>: <strong>Alberto Forchielli<\/strong> (s\u00ec, lui), <strong>Giovanni Favia<\/strong> (s\u00ec, s\u00ec, proprio lui) e <strong>Alberto Zanni<\/strong> (il presidente di Confabitare) sono candidati civici alle elezioni bolognesi dell\u2019anno prossimo. La citt\u00e0 \u00e8 gi\u00e0 in <strong>clima pre elettorale<\/strong>, c\u2019\u00e8 una vibrante tensione, basta poco per scatenare le <strong>teorie del complotto<\/strong>, come quella del sindaco Lepore, secondo cui \u00abla destra ha scelto dei finti candidati civici, finanziandoli, per correre alle prossime elezioni e per attaccare e insultare il sindaco, parlare male di Bologna e diffondere false notizie tutti i giorni, senza alcun timore\u00bb. Ri-boom. I tre civici non l&#8217;hanno presa bene. \u00abIl sindaco di Bologna Matteo Lepore sta dando segni evidenti di nervosismo\u00bb, ha commentato Zanni, candidato della lista Una Nuova Bologna. \u00abDefinire i candidati civici &#8220;non veri&#8221; e \u201cpagati dal centro-destra&#8221; significa non voler discutere nel merito. \u00c8 un modo per accendere la tifoseria invece di affrontare i problemi\u00bb<\/p>\n\n\n<div class=\"swiper-container\"><div class=\"swiper-wrapper\"><div class=\"swiper-slide\"><figure class=\"wp-block-image size-large\"><a href=\"https:\/\/www.lettera43.it\/galleria\/1286988\/1287004\"><img data-has-syndication-rights=\"1\" data-portal-copyright=\"Lettera43\" data-licensor-name=\"Lettera43\" decoding=\"async\" width=\"1200\" height=\"823\" data-id=\"1287004\" src=\"https:\/\/www.lettera43.it\/wp-content\/uploads\/2026\/02\/Bologna-e-gia-in-campagna-elettorale-e-il-Pd-si-spacca-su-sicurezza-e-Cpr-5.jpg\" alt=\"Bologna \u00e8 gi\u00e0 in campagna elettorale e il Pd si spacca su sicurezza e Cpr\" class=\"wp-image-1287004 lazyload\" title=\"Bologna \u00e8 gi\u00e0 in campagna elettorale e il Pd si spacca su sicurezza e Cpr\" data-src=\"https:\/\/www.lettera43.it\/wp-content\/uploads\/2026\/02\/Bologna-e-gia-in-campagna-elettorale-e-il-Pd-si-spacca-su-sicurezza-e-Cpr-5.jpg\" loading=\"lazy\" data-has-syndication-rights=\"1\" data-licensor-name=\"Lettera43\" srcset=\"https:\/\/www.lettera43.it\/wp-content\/uploads\/2026\/02\/Bologna-e-gia-in-campagna-elettorale-e-il-Pd-si-spacca-su-sicurezza-e-Cpr-5.jpg 1200w, https:\/\/www.lettera43.it\/wp-content\/uploads\/2026\/02\/Bologna-e-gia-in-campagna-elettorale-e-il-Pd-si-spacca-su-sicurezza-e-Cpr-5-800x549.jpg 800w, https:\/\/www.lettera43.it\/wp-content\/uploads\/2026\/02\/Bologna-e-gia-in-campagna-elettorale-e-il-Pd-si-spacca-su-sicurezza-e-Cpr-5-390x267.jpg 390w\" sizes=\"auto, (max-width: 1200px) 100vw, 1200px\" \/><\/a><\/figure><\/div><div class=\"swiper-slide\"><figure class=\"wp-block-image size-large\"><a href=\"https:\/\/www.lettera43.it\/galleria\/1286988\/1287017\"><img data-has-syndication-rights=\"1\" data-portal-copyright=\"Lettera43\" data-licensor-name=\"Lettera43\" decoding=\"async\" width=\"927\" height=\"1200\" data-id=\"1287017\" src=\"https:\/\/www.lettera43.it\/wp-content\/uploads\/2026\/02\/Screenshot-2026-02-18-alle-09.09.33.jpg\" alt=\"Bologna \u00e8 gi\u00e0 in campagna elettorale e il Pd si spacca su sicurezza e Cpr\" class=\"wp-image-1287017 lazyload\" title=\"Bologna \u00e8 gi\u00e0 in campagna elettorale e il Pd si spacca su sicurezza e Cpr\" data-src=\"https:\/\/www.lettera43.it\/wp-content\/uploads\/2026\/02\/Screenshot-2026-02-18-alle-09.09.33.jpg\" loading=\"lazy\" data-has-syndication-rights=\"1\" data-licensor-name=\"Lettera43\" srcset=\"https:\/\/www.lettera43.it\/wp-content\/uploads\/2026\/02\/Screenshot-2026-02-18-alle-09.09.33.jpg 927w, https:\/\/www.lettera43.it\/wp-content\/uploads\/2026\/02\/Screenshot-2026-02-18-alle-09.09.33-800x1036.jpg 800w, https:\/\/www.lettera43.it\/wp-content\/uploads\/2026\/02\/Screenshot-2026-02-18-alle-09.09.33-390x505.jpg 390w\" sizes=\"auto, (max-width: 927px) 100vw, 927px\" \/><\/a><\/figure><\/div><div class=\"swiper-slide\"><figure class=\"wp-block-image size-large\"><a href=\"https:\/\/www.lettera43.it\/galleria\/1286988\/1287018\"><img data-has-syndication-rights=\"1\" data-portal-copyright=\"Lettera43\" data-licensor-name=\"Lettera43\" decoding=\"async\" width=\"926\" height=\"1032\" data-id=\"1287018\" src=\"https:\/\/www.lettera43.it\/wp-content\/uploads\/2026\/02\/Screenshot-2026-02-18-alle-09.12.44.jpg\" alt=\"Bologna \u00e8 gi\u00e0 in campagna elettorale e il Pd si spacca su sicurezza e Cpr\" class=\"wp-image-1287018 lazyload\" title=\"Bologna \u00e8 gi\u00e0 in campagna elettorale e il Pd si spacca su sicurezza e Cpr\" data-src=\"https:\/\/www.lettera43.it\/wp-content\/uploads\/2026\/02\/Screenshot-2026-02-18-alle-09.12.44.jpg\" loading=\"lazy\" data-has-syndication-rights=\"1\" data-licensor-name=\"Lettera43\" srcset=\"https:\/\/www.lettera43.it\/wp-content\/uploads\/2026\/02\/Screenshot-2026-02-18-alle-09.12.44.jpg 926w, https:\/\/www.lettera43.it\/wp-content\/uploads\/2026\/02\/Screenshot-2026-02-18-alle-09.12.44-800x892.jpg 800w, https:\/\/www.lettera43.it\/wp-content\/uploads\/2026\/02\/Screenshot-2026-02-18-alle-09.12.44-390x435.jpg 390w\" sizes=\"auto, (max-width: 926px) 100vw, 926px\" \/><\/a><\/figure><\/div><div class=\"swiper-slide\"><figure class=\"wp-block-image size-large\"><a href=\"https:\/\/www.lettera43.it\/galleria\/1286988\/1287005\"><img data-has-syndication-rights=\"1\" data-portal-copyright=\"Lettera43\" data-licensor-name=\"Lettera43\" decoding=\"async\" width=\"1200\" height=\"800\" data-id=\"1287005\" src=\"https:\/\/www.lettera43.it\/wp-content\/uploads\/2026\/02\/Bologna-e-gia-in-campagna-elettorale-e-il-Pd-si-spacca-su-sicurezza-e-Cpr-567.jpg\" alt=\"Bologna \u00e8 gi\u00e0 in campagna elettorale e il Pd si spacca su sicurezza e Cpr\" class=\"wp-image-1287005 lazyload\" title=\"Bologna \u00e8 gi\u00e0 in campagna elettorale e il Pd si spacca su sicurezza e Cpr\" data-src=\"https:\/\/www.lettera43.it\/wp-content\/uploads\/2026\/02\/Bologna-e-gia-in-campagna-elettorale-e-il-Pd-si-spacca-su-sicurezza-e-Cpr-567.jpg\" loading=\"lazy\" data-has-syndication-rights=\"1\" data-licensor-name=\"Lettera43\" srcset=\"https:\/\/www.lettera43.it\/wp-content\/uploads\/2026\/02\/Bologna-e-gia-in-campagna-elettorale-e-il-Pd-si-spacca-su-sicurezza-e-Cpr-567.jpg 1200w, https:\/\/www.lettera43.it\/wp-content\/uploads\/2026\/02\/Bologna-e-gia-in-campagna-elettorale-e-il-Pd-si-spacca-su-sicurezza-e-Cpr-567-800x533.jpg 800w, https:\/\/www.lettera43.it\/wp-content\/uploads\/2026\/02\/Bologna-e-gia-in-campagna-elettorale-e-il-Pd-si-spacca-su-sicurezza-e-Cpr-567-390x260.jpg 390w\" sizes=\"auto, (max-width: 1200px) 100vw, 1200px\" \/><\/a><\/figure><div class=\"swiper-lazy-preloader\"><\/div><\/div><\/div><div class=\"swiper-pagination\"><\/div><div class=\"swiper-button-next\"><\/div><div class=\"swiper-button-prev\"><\/div><\/div>\n\n\n<p><\/p>\n\n\n\n<h2 class=\"wp-block-heading\">La battaglia sul Cpr tra De Pascale e Lepore (appoggiato dal Nazareno)<\/h2>\n\n\n\n<p>E i problemi in <strong>Emilia-Romagna<\/strong>, Bologna compresa, non mancano. Uno riguarda la <strong>vicenda del Cpr<\/strong>, <a href=\"https:\/\/www.lettera43.it\/sicurezza-renzi-meloni-de-pascale-cpr-emilia-romagna-pd-sindaci-politiche-2027\/\"  rel=\"noreferrer noopener\">di cui ci siamo gi\u00e0 occupati<\/a>. Nelle ultime ore, negli ultimi giorni, sta andando in scena un duello fra il presidente della Regione Emilia-Romagna, <strong>Michele De Pascale<\/strong>, e il <strong>Pd bolognese<\/strong>. Il presidente, che gi\u00e0 si \u00e8 esposto, ha rilanciato il dialogo con il governo sulla <strong>sicurezza<\/strong>: \u00abSul tema dell&#8217;espulsione dei soggetti socialmente pericolosi\u00bb, ha detto intervenendo in Assemblea legislativa, \u00able istituzioni si devono parlare e l\u2019Emilia-Romagna, al tavolo col governo, si deve sedere e portarci tutti gli elementi e le proposte di miglioria e critica\u00bb. Perch\u00e9 se i Cpr oggi \u00abhanno un problema di umanit\u00e0 e di efficacia\u00bb, ha continuato il successore di Stefano Bonaccini, si pu\u00f2 \u00abentrare nel merito\u00bb per modificarli, a patto per\u00f2 \u00abche la volont\u00e0 non sia quella di fare propaganda politica\u00bb. De Pascale poi rilancia: sulla falsariga degli stati generali dem sulla sanit\u00e0 che si terranno a Milano, propone un momento di confronto anche sulla sicurezza, perch\u00e9 \u00abci sono tante voci da ascoltare, a partire dai sindacati di polizia, sono certo che il Pd lo far\u00e0\u00bb. <\/p>\n\n\n<figure class=\"wp-block-image size-full\"><a href=\"https:\/\/www.lettera43.it\/galleria\/1286988\/1287007\"><img data-has-syndication-rights=\"1\" data-portal-copyright=\"Lettera43\" data-licensor-name=\"Lettera43\" decoding=\"async\" width=\"1200\" height=\"802\" src=\"https:\/\/www.lettera43.it\/wp-content\/uploads\/2026\/02\/Bologna-e-gia-in-campagna-elettorale-e-il-Pd-si-spacca-su-sicurezza-e-Cpr-ff.jpg\" alt=\"Bologna \u00e8 gi\u00e0 in campagna elettorale e il Pd si spacca su sicurezza e Cpr\" class=\"wp-image-1287007 lazyload\" title=\"Bologna \u00e8 gi\u00e0 in campagna elettorale e il Pd si spacca su sicurezza e Cpr\" data-src=\"https:\/\/www.lettera43.it\/wp-content\/uploads\/2026\/02\/Bologna-e-gia-in-campagna-elettorale-e-il-Pd-si-spacca-su-sicurezza-e-Cpr-ff.jpg\" loading=\"lazy\" data-has-syndication-rights=\"1\" data-licensor-name=\"Lettera43\" srcset=\"https:\/\/www.lettera43.it\/wp-content\/uploads\/2026\/02\/Bologna-e-gia-in-campagna-elettorale-e-il-Pd-si-spacca-su-sicurezza-e-Cpr-ff.jpg 1200w, https:\/\/www.lettera43.it\/wp-content\/uploads\/2026\/02\/Bologna-e-gia-in-campagna-elettorale-e-il-Pd-si-spacca-su-sicurezza-e-Cpr-ff-800x535.jpg 800w, https:\/\/www.lettera43.it\/wp-content\/uploads\/2026\/02\/Bologna-e-gia-in-campagna-elettorale-e-il-Pd-si-spacca-su-sicurezza-e-Cpr-ff-390x261.jpg 390w\" sizes=\"auto, (max-width: 1200px) 100vw, 1200px\" \/><\/a><figcaption class=\"wp-element-caption\">Michele De Pascale (Imagoeconomica).<\/figcaption><\/figure>\n\n\n<p>Lepore dal canto suo ribadisce il suo no: finch\u00e9 il sindaco \u00e8 lui, non si faranno centri a Bologna. A dargli manforte \u00e8 arrivato anche lo stop del Nazareno: \u00abNon riteniamo necessaria la costruzione di nuovi Cpr\u00bb, ha tagliato corto <strong>Igor Taruffi<\/strong>, responsabile organizzazione e braccio destro di <strong>Elly Schlein<\/strong>. \u00abIl Pd nazionale in queste settimane&nbsp;\u00e8 impegnato in un importante e prezioso percorso di ascolto del Paese&nbsp;incentrato su vari temi. La sicurezza \u00e8 uno di questi\u00bb, ha spiegato. Un tema complesso che \u00abmal si presta a semplificazioni e a spot propagandistici\u00bb.<\/p>\n\n\n<figure class=\"wp-block-image size-full\"><a href=\"https:\/\/www.lettera43.it\/galleria\/1286988\/1287008\"><img data-has-syndication-rights=\"1\" data-portal-copyright=\"Lettera43\" data-licensor-name=\"Lettera43\" decoding=\"async\" width=\"1200\" height=\"800\" src=\"https:\/\/www.lettera43.it\/wp-content\/uploads\/2026\/02\/Bologna-e-gia-in-campagna-elettorale-e-il-Pd-si-spacca-su-sicurezza-e-Cpr-taruff.jpg\" alt=\"Bologna \u00e8 gi\u00e0 in campagna elettorale e il Pd si spacca su sicurezza e Cpr\" class=\"wp-image-1287008 lazyload\" title=\"Bologna \u00e8 gi\u00e0 in campagna elettorale e il Pd si spacca su sicurezza e Cpr\" data-src=\"https:\/\/www.lettera43.it\/wp-content\/uploads\/2026\/02\/Bologna-e-gia-in-campagna-elettorale-e-il-Pd-si-spacca-su-sicurezza-e-Cpr-taruff.jpg\" loading=\"lazy\" data-has-syndication-rights=\"1\" data-licensor-name=\"Lettera43\" srcset=\"https:\/\/www.lettera43.it\/wp-content\/uploads\/2026\/02\/Bologna-e-gia-in-campagna-elettorale-e-il-Pd-si-spacca-su-sicurezza-e-Cpr-taruff.jpg 1200w, https:\/\/www.lettera43.it\/wp-content\/uploads\/2026\/02\/Bologna-e-gia-in-campagna-elettorale-e-il-Pd-si-spacca-su-sicurezza-e-Cpr-taruff-800x533.jpg 800w, https:\/\/www.lettera43.it\/wp-content\/uploads\/2026\/02\/Bologna-e-gia-in-campagna-elettorale-e-il-Pd-si-spacca-su-sicurezza-e-Cpr-taruff-390x260.jpg 390w\" sizes=\"auto, (max-width: 1200px) 100vw, 1200px\" \/><\/a><figcaption class=\"wp-element-caption\">Elly Schlein e Igor Taruffi (Imagoeconomica).<\/figcaption><\/figure>\n\n\n<h2 class=\"wp-block-heading\">Il destra-centro approfitter\u00e0 delle spaccature?<\/h2>\n\n\n\n<p>Con a <strong>Palazzo d&#8217;Accursio<\/strong> il vulcanico Forchielli le cose, dice lui, sarebbero diverse: \u00abL\u2019aggressore dell\u2019ultimo accoltellamento, irregolare con precedenti, \u00e8 stato portato in un Cpr. Ma quale? In Emilia-Romagna non ce n\u2019\u00e8 nemmeno uno, perch\u00e9 l\u2019Amministrazione locale si \u00e8 sempre opposta alla loro realizzazione. Si chiede fermezza, ma si negano gli strumenti per applicarla\u00bb, ha scritto qualche giorno fa su Facebook. Quella di Bologna sar\u00e0 inevitabilmente una campagna elettorale sulla sicurezza. I dati peraltro sembrano dare ragione a chi dice che quantomeno un problema c\u2019\u00e8 e non va sottovalutato. Secondo l&#8217;ultimo report<em> <\/em>sulla qualit\u00e0 della vita del <em>Sole24 Ore,<\/em> per quanto riguarda la voce &#8220;Giustizia e sicurezza&#8221;, la provincia di Bologna \u00e8 al 102\u00b0 posto su 107, mentre nell\u2019indice di criminalit\u00e0 \u00e8 al quarto. Al che viene da chiedersi se il Pd possa davvero rischiare qualcosa nel capoluogo di un\u2019altra (ex) Regione rossa. \u00abFino a che Unipol e Coop sostengono il centrosinistra non succeder\u00e0 niente\u00bb, ci dicono da Bologna, dove comunque c\u2019\u00e8 un\u2019aria frizzante ancorch\u00e9 un po\u2019 acida. Il destra-centro potrebbe approfittare della situazione, del caos, ma <strong>Galeazzo Bignami<\/strong> e <strong>Marco Lisei<\/strong>, due campioni della destra meloniana bolognese, mica hanno voglia di rischiare di fare una figuraccia.<\/p>\n\n\n<figure class=\"wp-block-image size-full\"><a href=\"https:\/\/www.lettera43.it\/galleria\/1286988\/1287022\"><img data-has-syndication-rights=\"1\" data-portal-copyright=\"Lettera43\" data-licensor-name=\"Lettera43\" decoding=\"async\" width=\"1200\" height=\"800\" src=\"https:\/\/www.lettera43.it\/wp-content\/uploads\/2026\/02\/Bologna-e-gia-in-campagna-elettorale-e-il-Pd-si-spacca-su-sicurezza-e-Cpr-fg.jpg\" alt=\"Bologna \u00e8 gi\u00e0 in campagna elettorale e il Pd si spacca su sicurezza e Cpr\" class=\"wp-image-1287022 lazyload\" title=\"Bologna \u00e8 gi\u00e0 in campagna elettorale e il Pd si spacca su sicurezza e Cpr\" data-src=\"https:\/\/www.lettera43.it\/wp-content\/uploads\/2026\/02\/Bologna-e-gia-in-campagna-elettorale-e-il-Pd-si-spacca-su-sicurezza-e-Cpr-fg.jpg\" loading=\"lazy\" data-has-syndication-rights=\"1\" data-licensor-name=\"Lettera43\" srcset=\"https:\/\/www.lettera43.it\/wp-content\/uploads\/2026\/02\/Bologna-e-gia-in-campagna-elettorale-e-il-Pd-si-spacca-su-sicurezza-e-Cpr-fg.jpg 1200w, https:\/\/www.lettera43.it\/wp-content\/uploads\/2026\/02\/Bologna-e-gia-in-campagna-elettorale-e-il-Pd-si-spacca-su-sicurezza-e-Cpr-fg-800x533.jpg 800w, https:\/\/www.lettera43.it\/wp-content\/uploads\/2026\/02\/Bologna-e-gia-in-campagna-elettorale-e-il-Pd-si-spacca-su-sicurezza-e-Cpr-fg-390x260.jpg 390w\" sizes=\"auto, (max-width: 1200px) 100vw, 1200px\" \/><\/a><figcaption class=\"wp-element-caption\">Galeazzo Bignami (Imagoeconomica).<\/figcaption><\/figure>","protected":false},"excerpt":{"rendered":"<p>In citt\u00e0 si voter\u00e0 tra pi\u00f9 di un anno ma il clima \u00e8 gi\u00e0 rovente. I candidati civici attaccano il sindaco Lepore su degrado e sicurezza. Intanto il Pd si spacca sulla questione Cpr. Il Nazareno appoggia il primo cittadino contro il governatore De Pascale.<\/p>\n","protected":false},"author":746,"featured_media":0,"comment_status":"closed","ping_status":"closed","sticky":false,"template":"","format":"standard","meta":{"om_disable_all_campaigns":false,"_monsterinsights_skip_tracking":false,"_monsterinsights_sitenote_active":false,"_monsterinsights_sitenote_note":"","_monsterinsights_sitenote_category":0,"footnotes":""},"categories":[15],"tags":[],"class_list":["post-824876","post","type-post","status-publish","format-standard","hentry","category-politica"],"aioseo_notices":[],"_links":{"self":[{"href":"https:\/\/nugnes.com\/index.php?rest_route=\/wp\/v2\/posts\/824876","targetHints":{"allow":["GET"]}}],"collection":[{"href":"https:\/\/nugnes.com\/index.php?rest_route=\/wp\/v2\/posts"}],"about":[{"href":"https:\/\/nugnes.com\/index.php?rest_route=\/wp\/v2\/types\/post"}],"author":[{"embeddable":true,"href":"https:\/\/nugnes.com\/index.php?rest_route=\/wp\/v2\/users\/746"}],"replies":[{"embeddable":true,"href":"https:\/\/nugnes.com\/index.php?rest_route=%2Fwp%2Fv2%2Fcomments&post=824876"}],"version-history":[{"count":1,"href":"https:\/\/nugnes.com\/index.php?rest_route=\/wp\/v2\/posts\/824876\/revisions"}],"predecessor-version":[{"id":824877,"href":"https:\/\/nugnes.com\/index.php?rest_route=\/wp\/v2\/posts\/824876\/revisions\/824877"}],"wp:attachment":[{"href":"https:\/\/nugnes.com\/index.php?rest_route=%2Fwp%2Fv2%2Fmedia&parent=824876"}],"wp:term":[{"taxonomy":"category","embeddable":true,"href":"https:\/\/nugnes.com\/index.php?rest_route=%2Fwp%2Fv2%2Fcategories&post=824876"},{"taxonomy":"post_tag","embeddable":true,"href":"https:\/\/nugnes.com\/index.php?rest_route=%2Fwp%2Fv2%2Ftags&post=824876"}],"curies":[{"name":"wp","href":"https:\/\/api.w.org\/{rel}","templated":true}]}}