{"id":825465,"date":"2026-03-02T10:13:03","date_gmt":"2026-03-02T10:13:03","guid":{"rendered":"https:\/\/www.lettera43.it\/?p=1289121"},"modified":"2026-03-02T10:13:03","modified_gmt":"2026-03-02T10:13:03","slug":"schlein-pronta-alle-primarie-di-coalizione","status":"publish","type":"post","link":"https:\/\/nugnes.com\/?p=825465","title":{"rendered":"Schlein pronta alle primarie di coalizione"},"content":{"rendered":"\n<p>A pochi giorni dal deposito della <a href=\"https:\/\/www.lettera43.it\/intesa-maggioranza-legge-elettorale-cosa-prevede\/\">nuova legge elettorale<\/a>, che ha gi\u00e0 sollevato critiche e polemiche da parte delle opposizioni, Elly Schlein si \u00e8 detta pronta a correre per le <strong>primarie di coalizione<\/strong>. \u00abLe modalit\u00e0 (per decidere il candidato premier del campo largo, ndr) le decideremo insieme agli alleati. Si pu\u00f2 fare come la destra, indicando chi prende un voto in pi\u00f9, oppure scegliere altre strade, come le primarie di coalizione, a cui ho gi\u00e0 dato la mia disponibilit\u00e0\u00bb, ha dichiarato al Giornale Radio. La segretaria dem rivendica di aver contribuito a costruire \u00abuna coalizione progressista unita, che dopo 20 anni ha messo insieme le forze alternative alla destra\u00bb e punta ad allargarla e consolidarla. Tra gli effetti delle nuove regole, infatti, la spinta a presentarsi in coalizione. Per il campo largo la strada dell&#8217;alleanza appariva gi\u00e0 tracciata (\u00e8 stato cos\u00ec in tutte le elezioni regionali del 2025) ma il cospicuo <strong>premio di maggioranza<\/strong> \u00e8 un motivo in pi\u00f9 per percorrere questa strada. <\/p>\n\n\n\n<h2 class=\"wp-block-heading\">Franceschini: \u00abFissare gi\u00e0 la data prima di Natale se si opta per le primarie\u00bb<\/h2>\n\n\n\n<p>Per <strong>Dario Franceschini<\/strong>, quello di Schlein \u00e8 \u00abun gesto di sensibilit\u00e0 politica il fatto che la segretaria del partito pi\u00f9 grosso della coalizione <strong>non voglia imporsi<\/strong> ma sia pronta a mettersi in gioco alle primarie pur di tenere unita la coalizione\u00bb. L\u2019ex ministro della Cultura, intervistato da Repubblica, auspica che dopo il referendum della giustizia i leader del centrosinistra si incontrino per decidere un percorso e che, se decideranno per le primarie, fissino anche la<strong> data di svolgimento<\/strong>, \u00abmeglio se prima di Natale\u00bb. <\/p>\n\n\n<figure class=\"wp-block-image size-large\"><a href=\"https:\/\/www.lettera43.it\/galleria\/1289121\/1183949\"><img data-has-syndication-rights=\"1\" data-portal-copyright=\"Lettera43\" data-licensor-name=\"Lettera43\" decoding=\"async\" width=\"1024\" height=\"682\" src=\"https:\/\/www.lettera43.it\/wp-content\/uploads\/2025\/01\/Il-momento-nero-di-Schlein-tra-lodo-Franceschini-Jobs-Act-e-Salva-Milano-f-1024x682.jpg\" alt=\"Schlein pronta alle primarie di coalizione\" class=\"wp-image-1183949 lazyload\" title=\"Schlein pronta alle primarie di coalizione\" data-src=\"https:\/\/www.lettera43.it\/wp-content\/uploads\/2025\/01\/Il-momento-nero-di-Schlein-tra-lodo-Franceschini-Jobs-Act-e-Salva-Milano-f-1024x682.jpg\" loading=\"lazy\" data-has-syndication-rights=\"1\" data-licensor-name=\"Lettera43\" srcset=\"https:\/\/www.lettera43.it\/wp-content\/uploads\/2025\/01\/Il-momento-nero-di-Schlein-tra-lodo-Franceschini-Jobs-Act-e-Salva-Milano-f-1024x682.jpg 1024w, https:\/\/www.lettera43.it\/wp-content\/uploads\/2025\/01\/Il-momento-nero-di-Schlein-tra-lodo-Franceschini-Jobs-Act-e-Salva-Milano-f-300x200.jpg 300w, https:\/\/www.lettera43.it\/wp-content\/uploads\/2025\/01\/Il-momento-nero-di-Schlein-tra-lodo-Franceschini-Jobs-Act-e-Salva-Milano-f-768x512.jpg 768w, https:\/\/www.lettera43.it\/wp-content\/uploads\/2025\/01\/Il-momento-nero-di-Schlein-tra-lodo-Franceschini-Jobs-Act-e-Salva-Milano-f.jpg 1200w\" sizes=\"auto, (max-width: 1024px) 100vw, 1024px\" \/><\/a><figcaption class=\"wp-element-caption\">Dario Franceschini (Imagoeconomica).<\/figcaption><\/figure>\n\n\n<p>Il leader del M5s<strong> Giuseppe Conte <\/strong>non ha ancora commentato l&#8217;apertura di Schlein, anche se a gennaio, su Rete 4, aveva detto: \u00ab(Le primarie) sono un criterio, ma io non escludo nessun criterio. Si deve valutare a tempo debito in quel momento, con tutti gli elementi che abbiamo, chi \u00e8 il candidato che pu\u00f2 andare a competere per vincere e per costruire, in modo solido, un progetto progressista di governo\u00bb.<\/p>\n\n\n\n<p><\/p>\n","protected":false},"excerpt":{"rendered":"<p>\u00c8 una delle possibilit\u00e0 per scegliere il candidato premier del centrosinistra, ha detto la segretaria dem. Franceschini: \u00abI leader si incontrino e fissino una data, meglio se prima di Natale\u00bb.<\/p>\n","protected":false},"author":4,"featured_media":0,"comment_status":"closed","ping_status":"closed","sticky":false,"template":"","format":"standard","meta":{"om_disable_all_campaigns":false,"_monsterinsights_skip_tracking":false,"_monsterinsights_sitenote_active":false,"_monsterinsights_sitenote_note":"","_monsterinsights_sitenote_category":0,"footnotes":""},"categories":[15,1612],"tags":[],"class_list":["post-825465","post","type-post","status-publish","format-standard","hentry","category-politica","category-ultima-ora"],"aioseo_notices":[],"_links":{"self":[{"href":"https:\/\/nugnes.com\/index.php?rest_route=\/wp\/v2\/posts\/825465","targetHints":{"allow":["GET"]}}],"collection":[{"href":"https:\/\/nugnes.com\/index.php?rest_route=\/wp\/v2\/posts"}],"about":[{"href":"https:\/\/nugnes.com\/index.php?rest_route=\/wp\/v2\/types\/post"}],"author":[{"embeddable":true,"href":"https:\/\/nugnes.com\/index.php?rest_route=\/wp\/v2\/users\/4"}],"replies":[{"embeddable":true,"href":"https:\/\/nugnes.com\/index.php?rest_route=%2Fwp%2Fv2%2Fcomments&post=825465"}],"version-history":[{"count":1,"href":"https:\/\/nugnes.com\/index.php?rest_route=\/wp\/v2\/posts\/825465\/revisions"}],"predecessor-version":[{"id":825466,"href":"https:\/\/nugnes.com\/index.php?rest_route=\/wp\/v2\/posts\/825465\/revisions\/825466"}],"wp:attachment":[{"href":"https:\/\/nugnes.com\/index.php?rest_route=%2Fwp%2Fv2%2Fmedia&parent=825465"}],"wp:term":[{"taxonomy":"category","embeddable":true,"href":"https:\/\/nugnes.com\/index.php?rest_route=%2Fwp%2Fv2%2Fcategories&post=825465"},{"taxonomy":"post_tag","embeddable":true,"href":"https:\/\/nugnes.com\/index.php?rest_route=%2Fwp%2Fv2%2Ftags&post=825465"}],"curies":[{"name":"wp","href":"https:\/\/api.w.org\/{rel}","templated":true}]}}