{"id":825486,"date":"2026-03-02T16:38:02","date_gmt":"2026-03-02T16:38:02","guid":{"rendered":"https:\/\/www.lettera43.it\/?p=1289203"},"modified":"2026-03-02T16:38:02","modified_gmt":"2026-03-02T16:38:02","slug":"guido-crosetto-a-dubai-per-motivi-personali-le-domande-ancora-aperte","status":"publish","type":"post","link":"https:\/\/nugnes.com\/?p=825486","title":{"rendered":"Guido Crosetto a Dubai per motivi personali: le domande ancora aperte"},"content":{"rendered":"\n<p>\u00ab<a href=\"https:\/\/www.lettera43.it\/crosetto-risponde-polemiche-dubai-motivi-familiari-accelerazione-inattesa\/\"  rel=\"noreferrer noopener\">Motivi personali<\/a>\u00bb. \u00c8 la formula con cui il ministro della Difesa <strong>Guido Crosetto<\/strong> ha inquadrato il <strong>viaggio negli Emirati Arabi Uniti<\/strong> che lo ha visto partire da Roma venerd\u00ec, <a href=\"https:\/\/www.lettera43.it\/crosetto-dubai-iran-attacchi-aise-governo-meloni\/\"  rel=\"noreferrer noopener\">restare bloccato a<strong> Dubai<\/strong><\/a><strong> <\/strong>nel pieno dell\u2019<strong><a href=\"https:\/\/www.lettera43.it\/paesi-arabi-golfo-pronti-rispondere-iran-germania-francia-regno-unito\/\"  rel=\"noreferrer noopener\">escalation regionale<\/a><\/strong> e rientrare poi in Italia su un velivolo militare, lasciando la famiglia negli Emirati. Ma c\u2019\u00e8 un problema di fondo che precede ogni dettaglio tecnico:\u00a0un ministro della Difesa non diventa un <strong>privato cittadino<\/strong> per auto-dichiarazione. Non in un\u2019area geopoliticamente sensibile. Non in una settimana in cui la tensione regionale era documentata e mentre altri Paesi aggiornavano i propri <strong>avvisi di viaggio<\/strong> raccomandando spostamenti solo per motivi di estrema urgenza o necessit\u00e0. A <strong>Palazzo Chigi<\/strong>, nelle ore di gioved\u00ec, si era comunque lavorato a scenari di sicurezza interna e protezione di obiettivi sensibili, come accade in ogni escalation regionale. Ma se davvero esistevano elementi cos\u00ec stringenti da far scattare <strong>pianificazioni rafforzate <\/strong>gi\u00e0 tra gioved\u00ec e venerd\u00ec, com\u2019\u00e8 possibile che il ministro della Difesa fosse in volo \u2018per motivi personali\u2019 proprio in quelle ore?<\/p>\n\n\n<figure class=\"wp-block-image size-full\"><a href=\"https:\/\/www.lettera43.it\/galleria\/1289203\/1289248\"><img data-has-syndication-rights=\"1\" data-portal-copyright=\"Lettera43\" data-licensor-name=\"Lettera43\" decoding=\"async\" width=\"1200\" height=\"800\" src=\"https:\/\/www.lettera43.it\/wp-content\/uploads\/2026\/03\/Guido-Crosetto-a-Dubai-per-motivi-personali-le-domande-ancora-aperte-2.jpg\" alt=\"Guido Crosetto a Dubai per motivi personali: le domande ancora aperte\" class=\"wp-image-1289248 lazyload\" title=\"Guido Crosetto a Dubai per motivi personali: le domande ancora aperte\" data-src=\"https:\/\/www.lettera43.it\/wp-content\/uploads\/2026\/03\/Guido-Crosetto-a-Dubai-per-motivi-personali-le-domande-ancora-aperte-2.jpg\" loading=\"lazy\" data-has-syndication-rights=\"1\" data-licensor-name=\"Lettera43\" srcset=\"https:\/\/www.lettera43.it\/wp-content\/uploads\/2026\/03\/Guido-Crosetto-a-Dubai-per-motivi-personali-le-domande-ancora-aperte-2.jpg 1200w, https:\/\/www.lettera43.it\/wp-content\/uploads\/2026\/03\/Guido-Crosetto-a-Dubai-per-motivi-personali-le-domande-ancora-aperte-2-800x533.jpg 800w, https:\/\/www.lettera43.it\/wp-content\/uploads\/2026\/03\/Guido-Crosetto-a-Dubai-per-motivi-personali-le-domande-ancora-aperte-2-390x260.jpg 390w\" sizes=\"auto, (max-width: 1200px) 100vw, 1200px\" \/><\/a><figcaption class=\"wp-element-caption\">Guido Crosetto (Imagoeconomica).<\/figcaption><\/figure>\n\n\n<h2 class=\"wp-block-heading\">Gli alert e le segnalazioni sulla regione<\/h2>\n\n\n\n<p>Nei giorni precedenti alla partenza di Crosetto, risultavano&nbsp;<strong>NOTAM<\/strong> (acronimo che sta per <em>Notice to Airmen<\/em>, termine con cui si indicano gli avvisi utilizzati dai piloti velivoli per essere aggiornati sulla situazione in cui operano)&nbsp;e <strong>segnalazioni operative<\/strong> nella regione, tra <strong>restrizioni <\/strong>e attivit\u00e0 particolari nello <strong>spazio aereo<\/strong>. Parallelamente, diverse <strong>ambasciate occidentali<\/strong> avevano invitato i propri cittadini a <strong>viaggiare nel Golfo<\/strong> solo se <strong>strettamente necessario<\/strong>.&nbsp;Di pi\u00f9: nel mercato assicurativo londinese esiste un termometro ufficiale di settore: la lista delle <strong>Listed Areas<\/strong> del <strong>Joint War Committee<\/strong> (<strong>Lloyd\u2019s\/London Market<\/strong>), che identifica zone a rischio aumentato per pericoli di guerra, terrorismo e affini. Quando un\u2019area \u00e8 <em>listed<\/em>, il rischio non \u00e8 un dettaglio: diventa clausola, premio e obbligo di notifica agli underwriter. In parallelo, i <strong>P&amp;I Club<\/strong> hanno iniziato a emettere <em>notice of cancellation<\/em> sulle estensioni <strong>war risk <\/strong>con preavvisi minimi (tipicamente 72 ore), segnale che per il settore la regione era gi\u00e0 entrata in modalit\u00e0 \u2018<strong>shock operativo<\/strong>\u2019.<\/p>\n\n\n<figure class=\"wp-block-image size-full\"><a href=\"https:\/\/www.lettera43.it\/galleria\/1289203\/1289069\"><img data-has-syndication-rights=\"1\" data-portal-copyright=\"Lettera43\" data-licensor-name=\"Lettera43\" decoding=\"async\" width=\"941\" height=\"1200\" src=\"https:\/\/www.lettera43.it\/wp-content\/uploads\/2026\/03\/Missili-sugli-Emirati-panico-a-cinque-stelle-la-fine-dellillusione-Dubai.jpg\" alt=\"Guido Crosetto a Dubai per motivi personali: le domande ancora aperte\" class=\"wp-image-1289069 lazyload\" title=\"Guido Crosetto a Dubai per motivi personali: le domande ancora aperte\" data-src=\"https:\/\/www.lettera43.it\/wp-content\/uploads\/2026\/03\/Missili-sugli-Emirati-panico-a-cinque-stelle-la-fine-dellillusione-Dubai.jpg\" loading=\"lazy\" data-has-syndication-rights=\"1\" data-licensor-name=\"Lettera43\" srcset=\"https:\/\/www.lettera43.it\/wp-content\/uploads\/2026\/03\/Missili-sugli-Emirati-panico-a-cinque-stelle-la-fine-dellillusione-Dubai.jpg 941w, https:\/\/www.lettera43.it\/wp-content\/uploads\/2026\/03\/Missili-sugli-Emirati-panico-a-cinque-stelle-la-fine-dellillusione-Dubai-800x1020.jpg 800w, https:\/\/www.lettera43.it\/wp-content\/uploads\/2026\/03\/Missili-sugli-Emirati-panico-a-cinque-stelle-la-fine-dellillusione-Dubai-390x497.jpg 390w\" sizes=\"auto, (max-width: 941px) 100vw, 941px\" \/><\/a><figcaption class=\"wp-element-caption\">Esplosione nella zona di  Palm Jumeirah a Dubai (Ansa).<\/figcaption><\/figure>\n\n\n<h2 class=\"wp-block-heading\">Se i \u00abmotivi personali\u00bb erano cos\u00ec urgenti, andrebbero resi noti<\/h2>\n\n\n\n<p>In questo contesto, quali erano i \u00abmotivi personali\u00bb cos\u00ec urgenti da giustificare la partenza per di pi\u00f9 di un ministro proprio in quel momento?&nbsp;Il termine \u00abpersonale\u00bb \u00e8 una <strong>categoria fumosa<\/strong>. Ma per chi guida la Difesa \u00e8 anche <strong>scivolosa<\/strong>, perch\u00e9 pu\u00f2 coprire tutto e il contrario di tutto. Se i motivi non erano cos\u00ec urgenti, la scelta di partire appare imprudente. Se invece lo erano, allora dovrebbero essere resi noti. Se perfino a<strong> livello politico-istituzionale<\/strong> emergono ricostruzioni secondo cui la <strong>presidente del Consiglio<\/strong> sarebbe rimasta sorpresa dall\u2019assenza del ministro in Italia durante il<strong> vertice d\u2019urgenza<\/strong>, la questione smette di essere cronaca di viaggio e diventa un <strong>problema di Stato<\/strong>. E se il ministro degli Esteri <strong>Antonio Tajani <\/strong>\u00e8 arrivato a dire: \u00abIo personalmente non lo sapevo\u00bb riferendosi alla presenza di Crosetto a Dubai, la gravit\u00e0 raddoppia, perch\u00e9 la <strong>catena di coordinamento<\/strong> tra <strong>Difesa e Farnesina<\/strong>, in una crisi internazionale, non pu\u00f2 funzionare a posteriori. Raggiunto telefonicamente a Dubai da<em> Repubblica<\/em>, Crosetto dopo aver accennato a un \u00abimpegno istituzionale ad Abu Dhabi\u00bb, ha dichiarato: \u00abIo non sono andato di nascosto, ma essendo una questione familiare non ho voluto scorte, n\u00e9 codazzi e ho usato una compagnia aerea civile. Cosa che faccio da tre anni sempre. Anche quando avevo sulla testa una taglia della Wagner. Nulla di segreto. Secondo me \u00e8 un esempio semmai virtuoso\u00bb. Virtuoso o meno, sicuramente inopportuno.<\/p>\n\n\n<figure class=\"wp-block-image size-full\"><a href=\"https:\/\/www.lettera43.it\/galleria\/1289203\/1289251\"><img data-has-syndication-rights=\"1\" data-portal-copyright=\"Lettera43\" data-licensor-name=\"Lettera43\" decoding=\"async\" width=\"1200\" height=\"800\" src=\"https:\/\/www.lettera43.it\/wp-content\/uploads\/2026\/03\/Guido-Crosetto-a-Dubai-per-motivi-personali-le-domande-ancora-aperte-dfg.jpg\" alt=\"Guido Crosetto a Dubai per motivi personali: le domande ancora aperte\" class=\"wp-image-1289251 lazyload\" title=\"Guido Crosetto a Dubai per motivi personali: le domande ancora aperte\" data-src=\"https:\/\/www.lettera43.it\/wp-content\/uploads\/2026\/03\/Guido-Crosetto-a-Dubai-per-motivi-personali-le-domande-ancora-aperte-dfg.jpg\" loading=\"lazy\" data-has-syndication-rights=\"1\" data-licensor-name=\"Lettera43\" srcset=\"https:\/\/www.lettera43.it\/wp-content\/uploads\/2026\/03\/Guido-Crosetto-a-Dubai-per-motivi-personali-le-domande-ancora-aperte-dfg.jpg 1200w, https:\/\/www.lettera43.it\/wp-content\/uploads\/2026\/03\/Guido-Crosetto-a-Dubai-per-motivi-personali-le-domande-ancora-aperte-dfg-800x533.jpg 800w, https:\/\/www.lettera43.it\/wp-content\/uploads\/2026\/03\/Guido-Crosetto-a-Dubai-per-motivi-personali-le-domande-ancora-aperte-dfg-390x260.jpg 390w\" sizes=\"auto, (max-width: 1200px) 100vw, 1200px\" \/><\/a><figcaption class=\"wp-element-caption\">Il ministro della Difesa Guido Crosetto con il ministro degli Affari Esteri Antonio Tajani durante l&#8217;audizione sulla situazione in Iran e Golfo Persico davanti alle Commissioni Esteri e Difesa del Senato e della Camera (Ansa).<\/figcaption><\/figure>\n\n\n<h2 class=\"wp-block-heading\">Un ministro non \u00e8 mai solo un italiano in vacanza<\/h2>\n\n\n\n<p>Va poi sottolineato che Crosetto (come qualsiasi altro ministro o carica dello Stato) non \u00e8 mai \u201c<strong>un italiano in vacanza<\/strong>\u201d. \u00c8 il titolare della Difesa di uno dei principali <strong>Paesi NATO<\/strong>. Anche quando viaggia per ragioni personali, porta con s\u00e9 un <strong>profilo di rischio nazionale<\/strong>: esposizione informativa, vulnerabilit\u00e0, ricattabilit\u00e0, necessit\u00e0 di canali protetti, prassi di coordinamento con sedi diplomatiche e servizi. Quindi nemmeno per \u201cper motivi personali\u201d, il viaggio pu\u00f2 essere sottratto alle regole implicite ed esplicite della funzione ricoperta. Stando a quanto rivelato dal direttore di <em>Domani<\/em>, Emiliano Fittipaldi, Crosetto avrebbe mandato la famiglia a Dubai perch\u00e9 secondo l&#8217;entourage del ministro \u00e8 il posto pi\u00f9 sicuro al mondo. Visto che il ministro, ha spiegato Fittipaldi a <em>In Onda<\/em>, aveva ricevuto minacce ha preferito mandare i suoi cari a Dubai piuttosto che in un altro Paese europeo.<\/p>\n\n\n\n<h2 class=\"wp-block-heading\">Le domande di <em>Lettera43 <\/em>al ministro Guido Crosetto<\/h2>\n\n\n\n<h3 class=\"wp-block-heading\">L&#8217;organizzazione del viaggio e la valutazione dei rischi<\/h3>\n\n\n\n<p>Quali erano i \u201cmotivi personali\u201d in modo preciso e verificabile? Perch\u00e9 era necessario partire proprio in quella finestra temporale, verso gli Emirati e con un volo di linea? Esisteva un piano? Volo di ritorno, prenotazioni? Prima della partenza \u00e8 stata fatta una valutazione di rischio? C&#8217;\u00e8 stato un briefing sicurezza sui NOTAM e sugli alert regionali? \u00c8 stata coinvolta l&#8217;intelligence o la Farnesina nella valutazione preventiva? Se le risposte sono dei no, allora c&#8217;\u00e8 un problema. Se invece sono dei s\u00ec viene da pensare che il viaggio non fosse una semplice questione privata ma che magari comprendesse anche attivit\u00e0 istituzionali. Delle quali, almeno stando alla reazione ufficiale di Meloni, il governo era all&#8217;oscuro.<\/p>\n\n\n\n<h3 class=\"wp-block-heading\">L&#8217;acquisto dei biglietti e il costo del viaggio<\/h3>\n\n\n\n<p>Il denaro, in questi casi, non \u00e8 curiosit\u00e0 morbosa: \u00e8 <strong>prevenzione del conflitto d\u2019interessi<\/strong> e del <strong>rischio di condizionamento<\/strong>. Chi e come \u00e8 stato pagato il biglietto aereo del ministro? (Carta personale, carta di servizio, agenzia&#8230;). Chi ha pagato l&#8217;hotel <strong>Jumeirah Marsa al Arab<\/strong> dove risulta aver pernottato (dove il costo di una camera arriva a oltre 1200  euro a notte) e le spese in loco e con quali strumenti? Sono disponibili ricevute e documenti che dimostrino che non ci sono terzi pagatori n\u00e9 facilitazioni?<\/p>\n\n\n\n<blockquote class=\"instagram-media\" data-instgrm-captioned data-instgrm-permalink=\"https:\/\/www.instagram.com\/p\/DRKQIE5FgLL\/?utm_source=ig_embed&amp;utm_campaign=loading\" data-instgrm-version=\"14\" style=\" background:#FFF; border:0; border-radius:3px; box-shadow:0 0 1px 0 rgba(0,0,0,0.5),0 1px 10px 0 rgba(0,0,0,0.15); margin: 1px; max-width:540px; min-width:326px; padding:0; width:99.375%; width:-webkit-calc(100% - 2px); width:calc(100% - 2px);\"><div style=\"padding:16px;\"> <a href=\"https:\/\/www.instagram.com\/p\/DRKQIE5FgLL\/?utm_source=ig_embed&amp;utm_campaign=loading\" style=\" background:#FFFFFF; line-height:0; padding:0 0; text-align:center; text-decoration:none; width:100%;\" > <div style=\" display: flex; flex-direction: row; align-items: center;\"> <div style=\"background-color: #F4F4F4; border-radius: 50%; flex-grow: 0; height: 40px; margin-right: 14px; width: 40px;\"><\/div> <div style=\"display: flex; flex-direction: column; flex-grow: 1; justify-content: center;\"> <div style=\" background-color: #F4F4F4; border-radius: 4px; flex-grow: 0; height: 14px; margin-bottom: 6px; width: 100px;\"><\/div> <div style=\" background-color: #F4F4F4; border-radius: 4px; flex-grow: 0; height: 14px; width: 60px;\"><\/div><\/div><\/div><div style=\"padding: 19% 0;\"><\/div> <div style=\"display:block; height:50px; margin:0 auto 12px; width:50px;\"><svg width=\"50px\" height=\"50px\" viewBox=\"0 0 60 60\" version=\"1.1\" xmlns=\"https:\/\/www.w3.org\/2000\/svg\" xmlns:xlink=\"https:\/\/www.w3.org\/1999\/xlink\"><g stroke=\"none\" stroke-width=\"1\" fill=\"none\" fill-rule=\"evenodd\"><g transform=\"translate(-511.000000, -20.000000)\" fill=\"#000000\"><g><path d=\"M556.869,30.41 C554.814,30.41 553.148,32.076 553.148,34.131 C553.148,36.186 554.814,37.852 556.869,37.852 C558.924,37.852 560.59,36.186 560.59,34.131 C560.59,32.076 558.924,30.41 556.869,30.41 M541,60.657 C535.114,60.657 530.342,55.887 530.342,50 C530.342,44.114 535.114,39.342 541,39.342 C546.887,39.342 551.658,44.114 551.658,50 C551.658,55.887 546.887,60.657 541,60.657 M541,33.886 C532.1,33.886 524.886,41.1 524.886,50 C524.886,58.899 532.1,66.113 541,66.113 C549.9,66.113 557.115,58.899 557.115,50 C557.115,41.1 549.9,33.886 541,33.886 M565.378,62.101 C565.244,65.022 564.756,66.606 564.346,67.663 C563.803,69.06 563.154,70.057 562.106,71.106 C561.058,72.155 560.06,72.803 558.662,73.347 C557.607,73.757 556.021,74.244 553.102,74.378 C549.944,74.521 548.997,74.552 541,74.552 C533.003,74.552 532.056,74.521 528.898,74.378 C525.979,74.244 524.393,73.757 523.338,73.347 C521.94,72.803 520.942,72.155 519.894,71.106 C518.846,70.057 518.197,69.06 517.654,67.663 C517.244,66.606 516.755,65.022 516.623,62.101 C516.479,58.943 516.448,57.996 516.448,50 C516.448,42.003 516.479,41.056 516.623,37.899 C516.755,34.978 517.244,33.391 517.654,32.338 C518.197,30.938 518.846,29.942 519.894,28.894 C520.942,27.846 521.94,27.196 523.338,26.654 C524.393,26.244 525.979,25.756 528.898,25.623 C532.057,25.479 533.004,25.448 541,25.448 C548.997,25.448 549.943,25.479 553.102,25.623 C556.021,25.756 557.607,26.244 558.662,26.654 C560.06,27.196 561.058,27.846 562.106,28.894 C563.154,29.942 563.803,30.938 564.346,32.338 C564.756,33.391 565.244,34.978 565.378,37.899 C565.522,41.056 565.552,42.003 565.552,50 C565.552,57.996 565.522,58.943 565.378,62.101 M570.82,37.631 C570.674,34.438 570.167,32.258 569.425,30.349 C568.659,28.377 567.633,26.702 565.965,25.035 C564.297,23.368 562.623,22.342 560.652,21.575 C558.743,20.834 556.562,20.326 553.369,20.18 C550.169,20.033 549.148,20 541,20 C532.853,20 531.831,20.033 528.631,20.18 C525.438,20.326 523.257,20.834 521.349,21.575 C519.376,22.342 517.703,23.368 516.035,25.035 C514.368,26.702 513.342,28.377 512.574,30.349 C511.834,32.258 511.326,34.438 511.181,37.631 C511.035,40.831 511,41.851 511,50 C511,58.147 511.035,59.17 511.181,62.369 C511.326,65.562 511.834,67.743 512.574,69.651 C513.342,71.625 514.368,73.296 516.035,74.965 C517.703,76.634 519.376,77.658 521.349,78.425 C523.257,79.167 525.438,79.673 528.631,79.82 C531.831,79.965 532.853,80.001 541,80.001 C549.148,80.001 550.169,79.965 553.369,79.82 C556.562,79.673 558.743,79.167 560.652,78.425 C562.623,77.658 564.297,76.634 565.965,74.965 C567.633,73.296 568.659,71.625 569.425,69.651 C570.167,67.743 570.674,65.562 570.82,62.369 C570.966,59.17 571,58.147 571,50 C571,41.851 570.966,40.831 570.82,37.631\"><\/path><\/g><\/g><\/g><\/svg><\/div><div style=\"padding-top: 8px;\"> <div style=\" color:#3897f0; font-family:Arial,sans-serif; font-size:14px; font-style:normal; font-weight:550; line-height:18px;\">View this post on Instagram<\/div><\/div><div style=\"padding: 12.5% 0;\"><\/div> <div style=\"display: flex; flex-direction: row; margin-bottom: 14px; align-items: center;\"><div> <div style=\"background-color: #F4F4F4; border-radius: 50%; height: 12.5px; width: 12.5px; transform: translateX(0px) translateY(7px);\"><\/div> <div style=\"background-color: #F4F4F4; height: 12.5px; transform: rotate(-45deg) translateX(3px) translateY(1px); width: 12.5px; flex-grow: 0; margin-right: 14px; margin-left: 2px;\"><\/div> <div style=\"background-color: #F4F4F4; border-radius: 50%; height: 12.5px; width: 12.5px; transform: translateX(9px) translateY(-18px);\"><\/div><\/div><div style=\"margin-left: 8px;\"> <div style=\" background-color: #F4F4F4; border-radius: 50%; flex-grow: 0; height: 20px; width: 20px;\"><\/div> <div style=\" width: 0; height: 0; border-top: 2px solid transparent; border-left: 6px solid #f4f4f4; border-bottom: 2px solid transparent; transform: translateX(16px) translateY(-4px) rotate(30deg)\"><\/div><\/div><div style=\"margin-left: auto;\"> <div style=\" width: 0px; border-top: 8px solid #F4F4F4; border-right: 8px solid transparent; transform: translateY(16px);\"><\/div> <div style=\" background-color: #F4F4F4; flex-grow: 0; height: 12px; width: 16px; transform: translateY(-4px);\"><\/div> <div style=\" width: 0; height: 0; border-top: 8px solid #F4F4F4; border-left: 8px solid transparent; transform: translateY(-4px) translateX(8px);\"><\/div><\/div><\/div> <div style=\"display: flex; flex-direction: column; flex-grow: 1; justify-content: center; margin-bottom: 24px;\"> <div style=\" background-color: #F4F4F4; border-radius: 4px; flex-grow: 0; height: 14px; margin-bottom: 6px; width: 224px;\"><\/div> <div style=\" background-color: #F4F4F4; border-radius: 4px; flex-grow: 0; height: 14px; width: 144px;\"><\/div><\/div><\/a><p style=\" color:#c9c8cd; font-family:Arial,sans-serif; font-size:14px; line-height:17px; margin-bottom:0; margin-top:8px; overflow:hidden; padding:8px 0 7px; text-align:center; text-overflow:ellipsis; white-space:nowrap;\"><a href=\"https:\/\/www.instagram.com\/p\/DRKQIE5FgLL\/?utm_source=ig_embed&amp;utm_campaign=loading\" style=\" color:#c9c8cd; font-family:Arial,sans-serif; font-size:14px; font-style:normal; font-weight:normal; line-height:17px; text-decoration:none;\" >A post shared by Jumeirah (@jumeirah)<\/a><\/p><\/div><\/blockquote>\n<script async src=\"\/\/www.instagram.com\/embed.js\"><\/script>\n\n\n\n<h3 class=\"wp-block-heading\">Ambasciata e Stato ospitante: era stato informato qualcuno?<\/h3>\n\n\n\n<p>L&#8217;<strong>ambasciata italiana negli Emirati<\/strong> ad <strong>Abu Dhabi <\/strong>e il <strong>consolato a Duba<\/strong>i erano stati informati dell&#8217;arrivo e della presenza del ministro?<br>Sono state comunicate sede di soggiorno, contatti di emergenza ed eventuali misure di protezione? Lo Stato ospitante \u00e8 stato informato in modo formale della presenza di un ministro della Repubblica italiana (e della Difesa)?<\/p>\n\n\n<figure class=\"wp-block-image size-full\"><a href=\"https:\/\/www.lettera43.it\/galleria\/1289203\/1289070\"><img data-has-syndication-rights=\"1\" data-portal-copyright=\"Lettera43\" data-licensor-name=\"Lettera43\" decoding=\"async\" width=\"1200\" height=\"762\" src=\"https:\/\/www.lettera43.it\/wp-content\/uploads\/2026\/03\/Missili-sugli-Emirati-panico-a-cinque-stelle-la-fine-dellillusione-Dubai-b.jpg\" alt=\"Guido Crosetto a Dubai per motivi personali: le domande ancora aperte\" class=\"wp-image-1289070 lazyload\" title=\"Guido Crosetto a Dubai per motivi personali: le domande ancora aperte\" data-src=\"https:\/\/www.lettera43.it\/wp-content\/uploads\/2026\/03\/Missili-sugli-Emirati-panico-a-cinque-stelle-la-fine-dellillusione-Dubai-b.jpg\" loading=\"lazy\" data-has-syndication-rights=\"1\" data-licensor-name=\"Lettera43\" srcset=\"https:\/\/www.lettera43.it\/wp-content\/uploads\/2026\/03\/Missili-sugli-Emirati-panico-a-cinque-stelle-la-fine-dellillusione-Dubai-b.jpg 1200w, https:\/\/www.lettera43.it\/wp-content\/uploads\/2026\/03\/Missili-sugli-Emirati-panico-a-cinque-stelle-la-fine-dellillusione-Dubai-b-800x508.jpg 800w, https:\/\/www.lettera43.it\/wp-content\/uploads\/2026\/03\/Missili-sugli-Emirati-panico-a-cinque-stelle-la-fine-dellillusione-Dubai-b-390x248.jpg 390w\" sizes=\"auto, (max-width: 1200px) 100vw, 1200px\" \/><\/a><figcaption class=\"wp-element-caption\">Fumo sullo skyline di Dubai (Ansa).<\/figcaption><\/figure>\n\n\n<h3 class=\"wp-block-heading\">La conference call d\u2019urgenza: la polemica sul device e la necessit\u00e0 di canali protetti<\/h3>\n\n\n\n<p>Il dibattito sul \u201ctelefono\u201d (in molti hanno notato che nei videocollegamento con Palazzo Chigi appariva la scritta &#8220;iPhone di Guido&#8221;) \u00e8 folclore. La domanda seria \u00e8 un\u2019altra:&nbsp;dove e come&nbsp;si \u00e8 comunicato in una fase delicata, dall\u2019estero, in un Paese terzo, mentre la regione viveva una crisi militare? Non \u00e8 un dettaglio: quando parla la Difesa, non parla un cittadino. Parla lo Stato.<\/p>\n\n\n<figure class=\"wp-block-image size-full\"><a href=\"https:\/\/www.lettera43.it\/galleria\/1289203\/1289253\"><img data-has-syndication-rights=\"1\" data-portal-copyright=\"Lettera43\" data-licensor-name=\"Lettera43\" decoding=\"async\" width=\"1200\" height=\"759\" src=\"https:\/\/www.lettera43.it\/wp-content\/uploads\/2026\/03\/Guido-Crosetto-a-Dubai-per-motivi-personali-le-domande-ancora-aperte-melo.jpg\" alt=\"Guido Crosetto a Dubai per motivi personali: le domande ancora aperte\" class=\"wp-image-1289253 lazyload\" title=\"Guido Crosetto a Dubai per motivi personali: le domande ancora aperte\" data-src=\"https:\/\/www.lettera43.it\/wp-content\/uploads\/2026\/03\/Guido-Crosetto-a-Dubai-per-motivi-personali-le-domande-ancora-aperte-melo.jpg\" loading=\"lazy\" data-has-syndication-rights=\"1\" data-licensor-name=\"Lettera43\" srcset=\"https:\/\/www.lettera43.it\/wp-content\/uploads\/2026\/03\/Guido-Crosetto-a-Dubai-per-motivi-personali-le-domande-ancora-aperte-melo.jpg 1200w, https:\/\/www.lettera43.it\/wp-content\/uploads\/2026\/03\/Guido-Crosetto-a-Dubai-per-motivi-personali-le-domande-ancora-aperte-melo-800x506.jpg 800w, https:\/\/www.lettera43.it\/wp-content\/uploads\/2026\/03\/Guido-Crosetto-a-Dubai-per-motivi-personali-le-domande-ancora-aperte-melo-390x247.jpg 390w\" sizes=\"auto, (max-width: 1200px) 100vw, 1200px\" \/><\/a><figcaption class=\"wp-element-caption\">Giorgia Meloni in riunione a Palazzo Chigi con Guido Crosetto in videocollegamento (Ansa).<\/figcaption><\/figure>\n\n\n<p>Da dove si \u00e8 collegato il ministro? (Hotel, residenza privata, sede diplomatica). Quali canali tecnici sono stati utilizzati? Rete mobile locale, Wi-Fi, VPN istituzionale, sistemi cifrati, satcom. Esistono log e attestazioni tecniche (anche sintetiche senza dettagli operativi) che dimostrino l&#8217;uso di canali adeguati? Perch\u00e9 non effettuare il collegamento da una sede protetta&nbsp;(ad esempio il consolato), se la riunione aveva natura d\u2019urgenza?<\/p>\n\n\n\n<h3 class=\"wp-block-heading\">Il valico omanita: documenti, status, procedura<\/h3>\n\n\n\n<p>Il <strong>passaggio <\/strong>utilizzato da Crosetto per raggiungere l<strong>&#8216;Oman<\/strong> e l&#8217;<strong>aeroporto di Muscat <\/strong>\u00e8 il punto che, pi\u00f9 di ogni altro, pu\u00f2 chiarire se davvero si trattasse di viaggio \u201cprivato\u201d o se si sia invece operato con strumenti e corsie ministeriali. Se il viaggio era realmente \u201cpersonale\u201d, allora il ministro dovrebbe essere entrato negli Emirati Arabi Uniti con&nbsp;<strong>passaporto ordinario<\/strong>. Ma se ha utilizzato un&nbsp;passaporto di servizio o diplomatico, allora l\u2019ingresso \u00e8 avvenuto in qualit\u00e0 titolare di una funzione pubblica, con conseguente attivazione di procedure e status. Non si possono tenere insieme le due cose: non si pu\u00f2 dire \u00abero l\u00ec come privato\u00bb e allo stesso tempo operare con strumenti e prerogative da carica istituzionale. Dunque: Con quale documento \u00e8 entrato negli Emirati? Con quale documento \u00e8 uscito? Con quale documento ha attraversato il valico omanita? \u00c8 stato accompagnato da personale d\u2019ambasciata o da autorit\u00e0 locali?<\/p>\n\n\n<figure class=\"wp-block-image size-full\"><a href=\"https:\/\/www.lettera43.it\/galleria\/1289203\/1289247\"><img data-has-syndication-rights=\"1\" data-portal-copyright=\"Lettera43\" data-licensor-name=\"Lettera43\" decoding=\"async\" width=\"1200\" height=\"800\" src=\"https:\/\/www.lettera43.it\/wp-content\/uploads\/2026\/03\/Guido-Crosetto-a-Dubai-per-motivi-personali-le-domande-ancora-aperte-1.jpg\" alt=\"Guido Crosetto a Dubai per motivi personali: le domande ancora aperte\" class=\"wp-image-1289247 lazyload\" title=\"Guido Crosetto a Dubai per motivi personali: le domande ancora aperte\" data-src=\"https:\/\/www.lettera43.it\/wp-content\/uploads\/2026\/03\/Guido-Crosetto-a-Dubai-per-motivi-personali-le-domande-ancora-aperte-1.jpg\" loading=\"lazy\" data-has-syndication-rights=\"1\" data-licensor-name=\"Lettera43\" srcset=\"https:\/\/www.lettera43.it\/wp-content\/uploads\/2026\/03\/Guido-Crosetto-a-Dubai-per-motivi-personali-le-domande-ancora-aperte-1.jpg 1200w, https:\/\/www.lettera43.it\/wp-content\/uploads\/2026\/03\/Guido-Crosetto-a-Dubai-per-motivi-personali-le-domande-ancora-aperte-1-800x533.jpg 800w, https:\/\/www.lettera43.it\/wp-content\/uploads\/2026\/03\/Guido-Crosetto-a-Dubai-per-motivi-personali-le-domande-ancora-aperte-1-390x260.jpg 390w\" sizes=\"auto, (max-width: 1200px) 100vw, 1200px\" \/><\/a><figcaption class=\"wp-element-caption\">Guido Crosetto (Imagoeconomica).<\/figcaption><\/figure>\n\n\n<h3 class=\"wp-block-heading\"><strong>Gli eventuali incontri durante il soggiorno<\/strong><\/h3>\n\n\n\n<p>Il ministro Crosetto durante la sua seppur breve permanenza negli Emirati, ha incontrato <strong>rappresentanti di istituzioni finanziarie<\/strong>, banche, private banker, fondi o advisory? Ha incontrato soggetti collegabili, direttamente o indirettamente, al <strong>perimetro della Difesa<\/strong>? (Industria, intermediari, consulenti&#8230;) Ha svolto incontri anche ad Abu Dhabi e, se s\u00ec, con chi e per quale ragione?<\/p>\n\n\n\n<h2 class=\"wp-block-heading\">La questione \u201ctariffa ospite\u201d e il costo reale dell&#8217;operazione<\/h2>\n\n\n\n<p>Parlando del volo di rientro in Italia, Crosetto ha sostenuto di aver bonificato \u00abil triplo\u00bb della tariffa prevista per gli ospiti dei voli di Stato. &nbsp; La polemica si \u00e8 incollata ai numeri (1.500, 5.000 euro) e alla retorica del \u00abpago io\u00bb. <\/p>\n\n\n\n<blockquote class=\"twitter-tweet\"><p lang=\"it\" dir=\"ltr\">1304z <img data-has-syndication-rights=\"1\" data-portal-copyright=\"Lettera43\" data-licensor-name=\"Lettera43\" src=\"https:\/\/s.w.org\/images\/core\/emoji\/16.0.1\/72x72\/2708.png\" alt=\"&#x2708;\" class=\"wp-smiley\" style=\"height: 1em; max-height: 1em;\" \/>Gulfstream <a href=\"https:\/\/twitter.com\/hashtag\/IAM1490?src=hash&amp;ref_src=twsrc%5Etfw\">#IAM1490<\/a> Aeronautica Italiana <img data-has-syndication-rights=\"1\" data-portal-copyright=\"Lettera43\" data-licensor-name=\"Lettera43\" src=\"https:\/\/s.w.org\/images\/core\/emoji\/16.0.1\/72x72\/1f1ee-1f1f9.png\" alt=\"&#x1f1ee;&#x1f1f9;\" class=\"wp-smiley\" style=\"height: 1em; max-height: 1em;\" \/>, partito stamani dalla base di Pratica di Mare, \u00e8 in volo con prua verso gli Emirati. Probabile missione di esfiltrazione per un ministro della difesa di un paese del G7 rimasto bloccato a Dubai.<a href=\"https:\/\/twitter.com\/hashtag\/Iran?src=hash&amp;ref_src=twsrc%5Etfw\">#Iran<\/a> <a href=\"https:\/\/t.co\/nH7v5fIFQR\">pic.twitter.com\/nH7v5fIFQR<\/a><\/p>&mdash; Sergio Scandura (@scandura) <a href=\"https:\/\/twitter.com\/scandura\/status\/2028097054732370215?ref_src=twsrc%5Etfw\">March 1, 2026<\/a><\/blockquote> <script async src=\"https:\/\/platform.twitter.com\/widgets.js\" charset=\"utf-8\"><\/script>\n\n\n\n<p>Ma la domanda che conta davvero \u00e8 un\u2019altra:&nbsp;qual \u00e8 il costo reale di mobilitare un jet istituzionale su una missione dedicata?<strong>&nbsp;<\/strong>Il 31\u00b0 Stormo \u2013 che gestisce il trasporto di Stato \u2013 ha in linea i <strong>Gulfstream&nbsp;VC-650A (G650ER)<\/strong>. E per&nbsp;circa 13 ore complessive&nbsp;(andata-ritorno su una tratta come Muscat\u2013Italia e rientro del velivolo), il costo operativo reale di un long-range business jet, a valori di mercato, non \u00e8 n\u00e9 1.500 n\u00e9 5.000, na va&nbsp;tra i 95 mila e i 130 mila euro, a seconda di criteri di calcolo (ore di volo, equipaggio, pianificazione, supporto, stand-by, autorizzazioni, sicurezza). Resta un passaggio da spiegare: la <strong>tariffa ospite<\/strong> <strong>non \u00e8 il costo della missione<\/strong>. E il bonifico \u201ctriplo\u201d pu\u00f2 essere un gesto politico, ma&nbsp;non risponde alla domanda sul costo reale&nbsp;dell\u2019operazione.<\/p>\n\n\n\n<blockquote class=\"twitter-tweet\"><p lang=\"it\" dir=\"ltr\">Sto rientrando in italia continuando a gestire da ieri la situazione delicata con tutti gli strumenti tecnici necessari per farlo anche all\u2019estero. <br>Rientrer\u00f2 come ovvio da solo, per evitare l\u2019esposizione ad ulteriori pericoli ad altri che viaggiando con me in condizioni attuali\u2026<\/p>&mdash; Guido Crosetto (@GuidoCrosetto) <a href=\"https:\/\/twitter.com\/GuidoCrosetto\/status\/2028103247852958151?ref_src=twsrc%5Etfw\">March 1, 2026<\/a><\/blockquote> <script async src=\"https:\/\/platform.twitter.com\/widgets.js\" charset=\"utf-8\"><\/script>\n\n\n\n<h2 class=\"wp-block-heading\">La polemica serve a poco: occorrono risposte verificabili<\/h2>\n\n\n\n<p>Al ministro non si sta chiedendo nulla di straordinario. Si sta chiedendo la chiarezza che dovrebbe valere sempre, a maggior ragione per un ministro della Difesa che si muove in un contesto di crisi:&nbsp;le motivazioni precise del viaggio; la tracciabilit\u00e0 delle spese; l&#8217;eventuale coordinamento con l&#8217;ambasciata o il consolato, l&#8217;uso di canali protetti e verificabili, l&#8217;elenco degli incontri, il costo reale dell&#8217;operazione. E soprattutto una cosa: se il viaggio era \u201cpersonale\u201d, allora non pu\u00f2 essere coperto da una nebbia di eccezioni, allusioni e risposte \u201ca sentimento\u201d. Perch\u00e9 se era cos\u00ec personale da non essere noto \u2013 a sentire alcune dichiarazioni \u2013 nemmeno ai vertici del coordinamento politico e diplomatico, allora il problema non \u00e8 la polemica: \u00e8 il metodo. Perch\u00e9 in gioco c&#8217;\u00e8 la credibilit\u00e0 delle istituzioni. E la credibilit\u00e0, in una fase di guerre e crisi, si regge su una cosa sola:&nbsp;risposte verificabili.<\/p>\n","protected":false},"excerpt":{"rendered":"<p>Pu\u00f2 un ministro della Difesa volare in una regione considerata a rischio senza avvertire nessuno? Ha pernottato al Jumeirah Marsa al Arab? Chi ha incontrato? Come \u00e8 entrato in Oman? Non sono dettagli, perch\u00e9 in gioco c&#8217;\u00e8 la credibilit\u00e0 delle nostre istituzioni.<\/p>\n","protected":false},"author":759,"featured_media":0,"comment_status":"closed","ping_status":"closed","sticky":false,"template":"","format":"standard","meta":{"om_disable_all_campaigns":false,"_monsterinsights_skip_tracking":false,"_monsterinsights_sitenote_active":false,"_monsterinsights_sitenote_note":"","_monsterinsights_sitenote_category":0,"footnotes":""},"categories":[15],"tags":[],"class_list":["post-825486","post","type-post","status-publish","format-standard","hentry","category-politica"],"aioseo_notices":[],"_links":{"self":[{"href":"https:\/\/nugnes.com\/index.php?rest_route=\/wp\/v2\/posts\/825486","targetHints":{"allow":["GET"]}}],"collection":[{"href":"https:\/\/nugnes.com\/index.php?rest_route=\/wp\/v2\/posts"}],"about":[{"href":"https:\/\/nugnes.com\/index.php?rest_route=\/wp\/v2\/types\/post"}],"author":[{"embeddable":true,"href":"https:\/\/nugnes.com\/index.php?rest_route=\/wp\/v2\/users\/759"}],"replies":[{"embeddable":true,"href":"https:\/\/nugnes.com\/index.php?rest_route=%2Fwp%2Fv2%2Fcomments&post=825486"}],"version-history":[{"count":2,"href":"https:\/\/nugnes.com\/index.php?rest_route=\/wp\/v2\/posts\/825486\/revisions"}],"predecessor-version":[{"id":825510,"href":"https:\/\/nugnes.com\/index.php?rest_route=\/wp\/v2\/posts\/825486\/revisions\/825510"}],"wp:attachment":[{"href":"https:\/\/nugnes.com\/index.php?rest_route=%2Fwp%2Fv2%2Fmedia&parent=825486"}],"wp:term":[{"taxonomy":"category","embeddable":true,"href":"https:\/\/nugnes.com\/index.php?rest_route=%2Fwp%2Fv2%2Fcategories&post=825486"},{"taxonomy":"post_tag","embeddable":true,"href":"https:\/\/nugnes.com\/index.php?rest_route=%2Fwp%2Fv2%2Ftags&post=825486"}],"curies":[{"name":"wp","href":"https:\/\/api.w.org\/{rel}","templated":true}]}}