{"id":825621,"date":"2026-03-04T14:18:46","date_gmt":"2026-03-04T14:18:46","guid":{"rendered":"http:\/\/nugnes.com\/?guid=eecf6b0e1189aeeab13a1eb726cb1dd3"},"modified":"2026-03-04T14:18:46","modified_gmt":"2026-03-04T14:18:46","slug":"da-alessia-pifferi-nessun-accudimento-tipico-dei-mammiferi","status":"publish","type":"post","link":"https:\/\/nugnes.com\/?p=825621","title":{"rendered":"&#8220;Da Alessia Pifferi nessun accudimento tipico dei mammiferi&#8221;"},"content":{"rendered":"<p>AGI - L'<strong>aggravante della maternit\u00e0<\/strong> andava riconosciuta ad <strong>Alessia Pifferi<\/strong> considerando anche che \"a venir meno\" nel caso della donna che ha lasciato morire di stenti la figlia \"\u00e8 stato, come rilevato dalla stessa Corte, quell'<strong>accudimento minimo, basilare, di nutrimento della prole<\/strong>, rientrante nel pi\u00f9 elementare <strong>istinto di sopravvivenza e di protezione della specie<\/strong>, elemento distintivo dei mammiferi\". Lo scrive la <strong>procuratrice di Milano, Lucilla Tontodonati<\/strong>, nel <strong>ricorso depositato alla Cassazione<\/strong> in cui chiede di annullare con rinvio la <strong>sentenza d'appello del 5 novembre scorso<\/strong> che ha ridotto la pena dall'<strong>ergastolo a 24 anni<\/strong> per l'<strong>omicidio volontario, in forma omissiva<\/strong>, della piccola <strong>Diana di 18 mesi<\/strong> nel luglio del 2022.<\/p>\n<p>L'aggravante \"pesa di pi\u00f9, ha una forza ben maggiore di quanto ritenuto dal secondo giudice e non pu\u00f2 essere mitigata, proprio perch\u00e9 commessa da <strong>persona pienamente capace e capace di scegliere e vivere la propria vita<\/strong>, dalle eventuali mancanze di soggetti terzi, sia pure in posizione di parentela con la vittima - argomenta Tontodonati -. N\u00e9 pu\u00f2 essere mitigata alla luce delle <strong>tracce disfunzionali attribuite all'imputata<\/strong>, avendo tutti i <strong>periti<\/strong> escluso che queste abbiano in qualsiasi modo inciso sulla comprensione, da parte della madre Alessia, delle <strong>terribili conseguenze<\/strong> che la sua <strong>condotta di abbandono<\/strong> avrebbe avuto sulla <strong>figlia Diana<\/strong>, proprio l'essere umano pi\u00f9 fragile e totalmente dipendente da lei\".<\/p>\n<p>\"Nessun significato logico pu\u00f2 quindi darsi all'espressione '<strong>incolpevole inettitudine<\/strong>'\", prosegue la <strong>sostituta pg<\/strong> riferendosi alle motivazioni del secondo grado considerando anche quell'istinto che per la magistrata \u00e8 un \"<strong>elemento distintivo dei mammiferi<\/strong>\". Tontodonati interviene anche sulla questione del \"<strong>clamore mediatico<\/strong>\" alla quale avevano alluso i giudici d'appello secondo i quali \"il mutamento in senso negativo del comportamento della Pifferi\" sarebbe stato giustificato dall'esposizione sui media.<\/p>\n<h2>Il clamore mediatico e la valutazione della personalit\u00e0<\/h2>\n<p>\"Tuttavia una simile ricostruzione risulta del tutto inconferente rispetto al <strong>perimetro giuridico<\/strong> entro cui deve muoversi la valutazione del <strong>giudice penale<\/strong> in ordine alla concedibilit\u00e0 delle <strong>circostanze attenuanti generiche<\/strong>\" obietta la pg secondo la quale il <strong>clamore mediatico<\/strong> \"non pu\u00f2 surrettiziamente trasformarsi in elemento idoneo a incidere in senso favorevole sulla valutazione della <strong>personalit\u00e0 dell'imputata<\/strong> o della sua <strong>capacit\u00e0 a delinquere<\/strong>\" e \"non appare chiaro peraltro come la <strong>volont\u00e0 dell'imputata<\/strong>, orientata all'<strong>autoaffermazione<\/strong> anche nell'ambito del <strong>processo mediatico<\/strong>, possa assumere rilevanza positiva; al contrario, si evidenzia una propensione a privilegiare la <strong>rappresentazione di s\u00e9 come vittima<\/strong> davanti al pubblico piuttosto che il <strong>pentimento per la morte della figlia<\/strong>\".<\/p>","protected":false},"excerpt":{"rendered":"<p>AGI &#8211; L&#8217;aggravante della maternit\u00e0 andava riconosciuta ad Alessia Pifferi considerando anche che &#8220;a venir meno&#8221; nel caso della donna che ha lasciato morire di stenti la figlia &#8220;\u00e8 stato, come rilevato dalla stessa Corte, quell&#8217;accudimento minimo, basila&#8230;<\/p>\n","protected":false},"author":298,"featured_media":0,"comment_status":"closed","ping_status":"closed","sticky":false,"template":"","format":"standard","meta":{"om_disable_all_campaigns":false,"_monsterinsights_skip_tracking":false,"_monsterinsights_sitenote_active":false,"_monsterinsights_sitenote_note":"","_monsterinsights_sitenote_category":0,"footnotes":""},"categories":[10,1531],"tags":[],"class_list":["post-825621","post","type-post","status-publish","format-standard","hentry","category-cronaca","category-komposer"],"aioseo_notices":[],"_links":{"self":[{"href":"https:\/\/nugnes.com\/index.php?rest_route=\/wp\/v2\/posts\/825621","targetHints":{"allow":["GET"]}}],"collection":[{"href":"https:\/\/nugnes.com\/index.php?rest_route=\/wp\/v2\/posts"}],"about":[{"href":"https:\/\/nugnes.com\/index.php?rest_route=\/wp\/v2\/types\/post"}],"author":[{"embeddable":true,"href":"https:\/\/nugnes.com\/index.php?rest_route=\/wp\/v2\/users\/298"}],"replies":[{"embeddable":true,"href":"https:\/\/nugnes.com\/index.php?rest_route=%2Fwp%2Fv2%2Fcomments&post=825621"}],"version-history":[{"count":1,"href":"https:\/\/nugnes.com\/index.php?rest_route=\/wp\/v2\/posts\/825621\/revisions"}],"predecessor-version":[{"id":825622,"href":"https:\/\/nugnes.com\/index.php?rest_route=\/wp\/v2\/posts\/825621\/revisions\/825622"}],"wp:attachment":[{"href":"https:\/\/nugnes.com\/index.php?rest_route=%2Fwp%2Fv2%2Fmedia&parent=825621"}],"wp:term":[{"taxonomy":"category","embeddable":true,"href":"https:\/\/nugnes.com\/index.php?rest_route=%2Fwp%2Fv2%2Fcategories&post=825621"},{"taxonomy":"post_tag","embeddable":true,"href":"https:\/\/nugnes.com\/index.php?rest_route=%2Fwp%2Fv2%2Ftags&post=825621"}],"curies":[{"name":"wp","href":"https:\/\/api.w.org\/{rel}","templated":true}]}}