{"id":825669,"date":"2026-03-05T09:55:37","date_gmt":"2026-03-05T09:55:37","guid":{"rendered":"https:\/\/www.lettera43.it\/?p=1289786"},"modified":"2026-03-05T09:55:37","modified_gmt":"2026-03-05T09:55:37","slug":"due-droni-iraniani-si-sono-schiantati-in-azerbaigian","status":"publish","type":"post","link":"https:\/\/nugnes.com\/?p=825669","title":{"rendered":"Due droni iraniani si sono schiantati in Azerbaigian"},"content":{"rendered":"\n<p>Due <strong>droni <\/strong>Arash 2 lanciati dall\u2019<strong>Iran <\/strong>si sono schiantati in <strong>Azerbaigian<\/strong>. Uno ha raggiunto un edificio dell\u2019<strong>aeroporto di Nakhchivan<\/strong>, mentre un altro \u00e8 esploso nei pressi di una scuola nell\u2019adiacente villaggio di Shakakabad, nella regione di Babek.<\/p>\n\n\n\n<blockquote class=\"twitter-tweet\" data-media-max-width=\"560\"><p lang=\"es\" dir=\"ltr\"><a href=\"https:\/\/twitter.com\/hashtag\/Iran?src=hash&amp;ref_src=twsrc%5Etfw\">#Iran<\/a><br><br><img data-has-syndication-rights=\"1\" data-portal-copyright=\"Lettera43\" data-licensor-name=\"Lettera43\" src=\"https:\/\/s.w.org\/images\/core\/emoji\/16.0.1\/72x72\/203c.png\" alt=\"&#x203c;\" class=\"wp-smiley\" style=\"height: 1em; max-height: 1em;\" \/><img data-has-syndication-rights=\"1\" data-portal-copyright=\"Lettera43\" data-licensor-name=\"Lettera43\" src=\"https:\/\/s.w.org\/images\/core\/emoji\/16.0.1\/72x72\/203c.png\" alt=\"&#x203c;\" class=\"wp-smiley\" style=\"height: 1em; max-height: 1em;\" \/> <a href=\"https:\/\/twitter.com\/hashtag\/Azerbaiy%C3%A1n?src=hash&amp;ref_src=twsrc%5Etfw\">#Azerbaiy\u00e1n<\/a> .. aeropuerto en Najichev\u00e1n . Un dron iran\u00ed \/ ruso Geran2 cay\u00f3 en el aeropuerto local. <br><br>* se ve qua Aliev no le es suficiente que los rusos derriben un avi\u00f3n civil azer\u00ed y los iran\u00edes le ataquen el aeropuerto con drones rusos para cortar las relaciones\u2026 <a href=\"https:\/\/t.co\/cK6QNNaUvE\">pic.twitter.com\/cK6QNNaUvE<\/a><\/p>&mdash; Tte.Dan <img data-has-syndication-rights=\"1\" data-portal-copyright=\"Lettera43\" data-licensor-name=\"Lettera43\" src=\"https:\/\/s.w.org\/images\/core\/emoji\/16.0.1\/72x72\/1fa96.png\" alt=\"&#x1fa96;\" class=\"wp-smiley\" style=\"height: 1em; max-height: 1em;\" \/> (@kozako01) <a href=\"https:\/\/twitter.com\/kozako01\/status\/2029475549119218141?ref_src=twsrc%5Etfw\">March 5, 2026<\/a><\/blockquote> <script async src=\"https:\/\/platform.twitter.com\/widgets.js\" charset=\"utf-8\"><\/script>\n\n\n\n\n<h2 class=\"wp-block-heading\">L&#8217;aeroporto di Nakhchivan si trova a 10 chilometri dal confine con l&#8217;Iran<\/h2>\n\n\n\n<p>L&#8217;aeroporto si trova a una decina di chilometri dal confine con la Repubblica Islamica: si tratta dello scalo internazionale che serve la Repubblica Autonoma di Nakhchivan, <strong>exclave azera<\/strong> confinante con Armenia, Turchia e, appunto Iran (per 179 chilometri). Non ci sono stati morti, ma <strong>due persone sono rimaste ferite<\/strong>. Baku ha condannato quanto accaduto, evidenziando il \u00abcomportamento inadeguato dell\u2019Iran\u00bb e che l\u2019Azerbaigian \u00absi riserva il diritto di rispondere a questa azione\u00bb. Il ministero degli Esteri ha inoltre convocato l\u2019ambasciatore iraniano. Secondo il media indipendente <em>Qazetchi<\/em>, le Forze armate dell\u2019Azerbaigian sono state poste in stato di allerta e dispiegate<strong> lungo il confine<\/strong> con l\u2019Iran. Secondo alcuni esperti il rafforzamento militare potrebbe essere legato anche alla gestione di un possibile afflusso di <strong>rifugiati <\/strong>in caso di ulteriore deterioramento della situazione nella Repubblica Islamica.<\/p>\n\n\n\n<blockquote class=\"twitter-tweet\"><p lang=\"en\" dir=\"ltr\"><img data-has-syndication-rights=\"1\" data-portal-copyright=\"Lettera43\" data-licensor-name=\"Lettera43\" src=\"https:\/\/s.w.org\/images\/core\/emoji\/16.0.1\/72x72\/26a1.png\" alt=\"&#x26a1;\" class=\"wp-smiley\" style=\"height: 1em; max-height: 1em;\" \/> AzerTAc published photos from the site of the drone attack on Nakhchivan Airport<br><br>The airport building was damaged and two civilians were injured.<a href=\"https:\/\/twitter.com\/hashtag\/Azerbaijan?src=hash&amp;ref_src=twsrc%5Etfw\">#Azerbaijan<\/a> <a href=\"https:\/\/twitter.com\/hashtag\/Nakhchivan?src=hash&amp;ref_src=twsrc%5Etfw\">#Nakhchivan<\/a> <a href=\"https:\/\/twitter.com\/hashtag\/Iran?src=hash&amp;ref_src=twsrc%5Etfw\">#Iran<\/a> <a href=\"https:\/\/twitter.com\/hashtag\/Drone?src=hash&amp;ref_src=twsrc%5Etfw\">#Drone<\/a> <a href=\"https:\/\/twitter.com\/hashtag\/UAV?src=hash&amp;ref_src=twsrc%5Etfw\">#UAV<\/a> <a href=\"https:\/\/twitter.com\/hashtag\/BreakingNews?src=hash&amp;ref_src=twsrc%5Etfw\">#BreakingNews<\/a> <a href=\"https:\/\/twitter.com\/hashtag\/Caucasus?src=hash&amp;ref_src=twsrc%5Etfw\">#Caucasus<\/a> <a href=\"https:\/\/twitter.com\/hashtag\/Security?src=hash&amp;ref_src=twsrc%5Etfw\">#Security<\/a> <a href=\"https:\/\/twitter.com\/hashtag\/MiddleEast?src=hash&amp;ref_src=twsrc%5Etfw\">#MiddleEast<\/a> <a href=\"https:\/\/twitter.com\/hashtag\/Conflict?src=hash&amp;ref_src=twsrc%5Etfw\">#Conflict<\/a> <a href=\"https:\/\/t.co\/nLJEqLGrjv\">pic.twitter.com\/nLJEqLGrjv<\/a><\/p>&mdash; BT News (@btn_az) <a href=\"https:\/\/twitter.com\/btn_az\/status\/2029483685033172992?ref_src=twsrc%5Etfw\">March 5, 2026<\/a><\/blockquote> <script async src=\"https:\/\/platform.twitter.com\/widgets.js\" charset=\"utf-8\"><\/script>\n\n","protected":false},"excerpt":{"rendered":"<p>Uno dei velivoli ha colpito un edificio dell\u2019aeroporto di Nakhchivan, capitale dell\u2019exclave che confina anche con Armenia e Turchia. L\u2019altro \u00e8 esploso nei pressi di una scuola.<\/p>\n","protected":false},"author":4,"featured_media":0,"comment_status":"closed","ping_status":"closed","sticky":false,"template":"","format":"standard","meta":{"om_disable_all_campaigns":false,"_monsterinsights_skip_tracking":false,"_monsterinsights_sitenote_active":false,"_monsterinsights_sitenote_note":"","_monsterinsights_sitenote_category":0,"footnotes":""},"categories":[20,1612],"tags":[],"class_list":["post-825669","post","type-post","status-publish","format-standard","hentry","category-esteri","category-ultima-ora"],"aioseo_notices":[],"_links":{"self":[{"href":"https:\/\/nugnes.com\/index.php?rest_route=\/wp\/v2\/posts\/825669","targetHints":{"allow":["GET"]}}],"collection":[{"href":"https:\/\/nugnes.com\/index.php?rest_route=\/wp\/v2\/posts"}],"about":[{"href":"https:\/\/nugnes.com\/index.php?rest_route=\/wp\/v2\/types\/post"}],"author":[{"embeddable":true,"href":"https:\/\/nugnes.com\/index.php?rest_route=\/wp\/v2\/users\/4"}],"replies":[{"embeddable":true,"href":"https:\/\/nugnes.com\/index.php?rest_route=%2Fwp%2Fv2%2Fcomments&post=825669"}],"version-history":[{"count":1,"href":"https:\/\/nugnes.com\/index.php?rest_route=\/wp\/v2\/posts\/825669\/revisions"}],"predecessor-version":[{"id":825670,"href":"https:\/\/nugnes.com\/index.php?rest_route=\/wp\/v2\/posts\/825669\/revisions\/825670"}],"wp:attachment":[{"href":"https:\/\/nugnes.com\/index.php?rest_route=%2Fwp%2Fv2%2Fmedia&parent=825669"}],"wp:term":[{"taxonomy":"category","embeddable":true,"href":"https:\/\/nugnes.com\/index.php?rest_route=%2Fwp%2Fv2%2Fcategories&post=825669"},{"taxonomy":"post_tag","embeddable":true,"href":"https:\/\/nugnes.com\/index.php?rest_route=%2Fwp%2Fv2%2Ftags&post=825669"}],"curies":[{"name":"wp","href":"https:\/\/api.w.org\/{rel}","templated":true}]}}