{"id":825726,"date":"2026-03-06T11:52:20","date_gmt":"2026-03-06T11:52:20","guid":{"rendered":"http:\/\/nugnes.com\/?guid=796ee64812684406fb9bc9837f98c23f"},"modified":"2026-03-06T17:17:55","modified_gmt":"2026-03-06T17:17:55","slug":"famiglia-nel-bosco-per-i-giudici-la-madre-devessere-allontanata-dai-tre-figli","status":"publish","type":"post","link":"https:\/\/nugnes.com\/?p=825726","title":{"rendered":"Famiglia nel bosco: per i giudici la madre dev&#8217;essere allontanata dai tre figli. Meloni: &#8220;&#8230;"},"content":{"rendered":"<p>AGI - Nel giorno delle&nbsp;<strong>perizie<\/strong>&nbsp;sui&nbsp;<strong>tre piccoli<\/strong>&nbsp;della&nbsp;<strong>famiglia<\/strong>&nbsp;che viveva nel&nbsp;<strong>bosco di Palmoli<\/strong>&nbsp;un'<strong>ordinanza<\/strong>&nbsp;del&nbsp;<strong>tribunale per i minorenni dell'Aquila<\/strong>&nbsp;ha disposto il&nbsp;<strong>trasferimento<\/strong>&nbsp;dei&nbsp;<strong>tre bambini<\/strong>&nbsp;in altra struttura e l'<strong>allontanamento<\/strong>&nbsp;della stessa&nbsp;<strong>madre Catherine Birmingham<\/strong>&nbsp;dai figli.<\/p>\n<p>Era infatti attesa per oggi la&nbsp;<strong>perizia psicologica<\/strong>&nbsp;disposta dal&nbsp;<strong>Tribunale dei minori dell'Aquila<\/strong>&nbsp;sui&nbsp;<strong>tre bambini allontanati<\/strong>&nbsp;dalla&nbsp;<strong>casa nel bosco di Palmoli<\/strong>, (<strong>Chieti<\/strong>) ospiti da quattro mesi ormai di una&nbsp;<strong>struttura protetta<\/strong>&nbsp;nell'area di&nbsp;<strong>Vasto<\/strong>.<\/p>\n<div>\n \n<\/div>\n<h2>Famiglia bosco: i test e le ripercussioni sull'attivit\u00e0 peritale<\/h2>\n<p>Per i&nbsp;<strong>tre figli<\/strong>&nbsp;della&nbsp;<strong>coppia anglo-australiana<\/strong>&nbsp;una serie di&nbsp;<strong>test<\/strong>&nbsp;dalla&nbsp;<strong>consulente tecnica d'ufficio<\/strong>&nbsp;nominata dai&nbsp;<strong>giudici minorili<\/strong>, la&nbsp;<strong>psichiatra Simona Ceccoli<\/strong>. L'<strong>attivit\u00e0<\/strong>&nbsp;era in programma dalla mattinata, alla presenza del&nbsp;<strong>perito nominato dalla difesa<\/strong>, lo&nbsp;<strong>psichiatra Tonino Cantelmi<\/strong>&nbsp;ma l'improvvisa&nbsp;<strong>decisione di allontanare Catherine<\/strong>&nbsp;potrebbe avere&nbsp;<strong>ripercussioni<\/strong>&nbsp;sul proseguo&nbsp;<strong>attivit\u00e0 peritale<\/strong>. Occorre&nbsp;<strong>attendere notizie<\/strong>&nbsp;in merito.<\/p>\n<h2>Lo scopo della perizia psichiatrica<\/h2>\n<p>L'<strong>indagine psico-diagnostica sui minori<\/strong>&nbsp;\u00e8 stata disposta dal tribunale dell'Aquila per accertare \"le&nbsp;<strong>condizioni attuali di vita<\/strong>, l'andamento dello&nbsp;<strong>sviluppo cognitivo e psico-affettivo<\/strong>, le&nbsp;<strong>figure di riferimento<\/strong>&nbsp;riconosciute e i&nbsp;<strong>modelli di identificazione<\/strong>&nbsp;sviluppati\". Un lavoro che serve a restituire una&nbsp;<strong>fotografia aggiornata e scientificamente fondata<\/strong>&nbsp;dello&nbsp;<strong>stato emotivo e psicologico dei bambini<\/strong>.<\/p>\n<h2>Meloni: \"Ultime decisioni lasciano senza parole\"<\/h2>\n<p>\"Le ultime notizie che riguardano la famiglia Trevallion, la 'famiglia nel bosco,<strong> mi lasciano senza parole<\/strong>. Dopo aver deciso di affidare ai servizi sociali tre bambini che vivevano con i genitori nella natura e di collocarli in una casa-famiglia, il Tribunale per i Minorenni dell'Aquila ha stabilito di allontanare la madre dalla struttura protetta dove le era concesso di stare insieme ai figli e di separare anche i minori. \u00c8 una decisione che infligge ai bambini un ulteriore, pesantissimo trauma, dopo la separazione dal padre\". Lo scrive sui social la presidente del Consiglio <strong>Giorgia Meloni<\/strong>.<\/p>\n<h2>Il commento dell'avvocato della famiglia&nbsp;<\/h2>\n<p>\u201cC'\u00e8 <strong>un'ordinanza di un tribunale<\/strong> che ha una <strong>sensibilit\u00e0 talmente alta <\/strong>che noi abbiamo apprezzato che, in pieno svolgimento della consulenza ha deciso di <strong>allontanare i bambini e separare la madre<\/strong>\u201d. Cos\u00ec l\u2019avvocato <strong>Marco Femminella<\/strong> uno dei legali della \u2018famiglia nel bosco\u2019, nel confermare l\u2019arrivo dell'ordinanza del Tribunale per i minorenni dell'Aquila che ha deciso di allontanare la mamma dei bambini del bosco dalla casa famiglia nella quale le era concesso di stare insieme con i piccoli e di separare anche i minori.&nbsp;<\/p>\n<h2>Il Garante per l'Infanzia, \"rischio di conseguenze irreparabili per salute bimbi\"<\/h2>\n<p>L\u2019<strong>Autorit\u00e0 garante per l\u2019infanzia e l\u2019adolescenza<\/strong> Marina Terragni, si \u00e8 detta \u201c<strong>allarmata per le possibili irreparabili conseguenze sulla salute psicofisica dei tre bambini\u201d<\/strong> in relazione alla decisione del Tribunale per i Minori dell\u2019Aquila si allontanare madre e i tre bambini dalla struttura di accoglienza a Vasto (Chieti).<\/p>\n<p>\u201cQualche settimana fa \u2013 ha detto la Garante - una perizia indipendente realizzata dalla Asl Lanciano Vasto Chieti \u2013 aveva gi\u00e0 segnalato lo <strong>stato di disagio e sofferenza dei minori <\/strong>e indicato come fosse \u2018indispensabile favorire e ripristinare una consuetudine nella situazione affettiva attraverso la garanzia di continuit\u00e0 dei legami familiari al fine di estinguere i comportamenti di disagio evidenziati dai bambini. Auspicio scientificamente fondato che non ha invece trovato alcun ascolto. Ci si starebbe anzi muovendo in direzione contraria, i<strong>nfliggendo ai minori l\u2019ulteriore trauma di essere separati<\/strong>, oltre che dal padre, <strong>anche dalla madre<\/strong>\u201d.<\/p>\n<p>\u201cIn nome del principio inaggirabile del <strong>superiore interesse del minore <\/strong>\u2013 che \u00e8 e deve restare sempre e saldamente al centro di questi provvedimenti \u2013 auspico un <strong>ulteriore approfondimento medico <\/strong>indipendente sulla base di quanto gi\u00e0 verificato. Approfondimento atto a verificare le possibili conseguenze di questo trasferimento-separazione sulla salute dei tre bambini. E auspico pertanto che la decisione di <strong>trasferire i minori separandoli dalla madre venga sospesa<\/strong> in attesa degli esiti di questo nuovo esame\u201d.&nbsp;<\/p>\n<h2>L'ordinanza dei giudici ravviva lo scontro politico&nbsp;<\/h2>\n<p>A stretto giro si ravviva lo <strong>scontro&nbsp;politico<\/strong>&nbsp;sulla vicenda: <strong>politica <\/strong>e <strong>magistratura<\/strong> tornano ad 'intrecciarsi' (a poco pi\u00f9 di due settimane dal referendum sulla Giustizia) con la <strong>Lega<\/strong> e <strong>Fratelli d'Italia<\/strong> che criticano la decisione dei giudici e Avs che punta il dito contro gli \"<strong>attacchi scomposti\"<\/strong> alle toghe lanciati dal partito di via Bellerio.&nbsp;<\/p>\n<p>La Lega chieder\u00e0 un'<strong>ispezione urgente <\/strong>da parte del ministero della Giustizia. Mentre Fratelli d'Italia per voce del capogruppo al Senato, Lucio Malan, definisce \"<strong>inquietante<\/strong>\", la decisione del Tribunale dei minorenni dell'Aquila.&nbsp;<\/p>\n<p>Dall'altra parte della barricata c'\u00e8 <strong>Avs <\/strong>che accusa&nbsp;la Lega 'colpevole'&nbsp;di \"sfruttare strumentalmente\"&nbsp; il caso della famiglia che viveva nel bosco \"come&nbsp;<strong>arma di propaganda referendaria\"<\/strong>&nbsp;e per \"un&nbsp;<strong>attacco scomposto contro la magistratura\"<\/strong>.<\/p>\n<h2>La Lega, chiediamo un'ispezione urgente al ministero&nbsp;<\/h2>\n<p>\"Una famiglia divisa e distrutta per&nbsp;<strong>cattiveria e arroganza<\/strong>. Chiederemo&nbsp;<strong>ispezione urgente<\/strong>&nbsp;del&nbsp;<strong>ministero della Giustizia<\/strong>\". Cos\u00ec la&nbsp;<strong>Lega<\/strong>&nbsp;commenta sui social la decisione del&nbsp;<strong>Tribunale per i minorenni dell\u2019Aquila<\/strong>&nbsp;di&nbsp;<strong>allontanare Catherine Trevallion dai figli<\/strong>.<\/p>\n<h2>Fratelli d'Italia, \"dal tribunale dei minori una decisione inquietante\"&nbsp;<\/h2>\n<p>\u201c\u00c8 inquietante la decisione del&nbsp;<strong>Tribunale dei minori dell\u2019Aquila<\/strong>&nbsp;di sottoporre a un nuovo&nbsp;<strong>gravissimo trauma<\/strong>&nbsp;i&nbsp;<strong>bambini<\/strong>&nbsp;che vivevano felici e accanto a&nbsp;<strong>genitori amorevoli<\/strong>&nbsp;nel&nbsp;<strong>bosco di Palmoli<\/strong>\". Lo dichiara il presidente dei senatori di&nbsp;<strong>Fratelli d\u2019Italia<\/strong>,&nbsp;<strong>Lucio Malan<\/strong>.<\/p>\n<p>\"Da settantotto giorni i tre piccoli sono costretti contro la loro volont\u00e0 e contro quella dei genitori in una&nbsp;<strong>struttura a loro del tutto estranea<\/strong>, possono vedere il padre con&nbsp;<strong>limitazioni analoghe a quelle dei detenuti<\/strong>, per cinquantacinque giorni sono stati del tutto privati sia dell\u2019<strong>istruzione domestica<\/strong>&nbsp;sia di quella scolastica, e solo in seguito provvisti di una insegnante ma per un numero di ore ben al di sotto del minimo previsto dalla legge.<\/p>\n<p>Ora li si vuole privare anche della presenza della madre, probabilmente incolpandola del fatto che non si mostra sufficientemente sottomessa a chi le sta distruggendo la famiglia e per di pi\u00f9 spostandoli chiss\u00e0 dove, perci\u00f2 togliendoli persino all\u2019ambiente e alle persone cui erano stati costretti ad abituarsi.<\/p>\n<p>Sappiamo infatti che i genitori che si trovano nelle stesse condizioni di&nbsp;<strong>Catherine e Nathan<\/strong>&nbsp;sono spesso \u2018invitati\u2019 a non parlare con i giornalisti, perch\u00e9 questo andrebbe contro l\u2019<strong>interesse supremo del minore<\/strong>, dunque oltre a vedersi separati dai figli vengono di fatto anche privati del&nbsp;<strong>diritto costituzionale alla libert\u00e0 di espressione<\/strong>. Intendo presentare un&nbsp;<strong>disegno di legge<\/strong>&nbsp;per chiarire ulteriormente e in modo stringente quanto le norme, anche internazionali, prevedono gi\u00e0 oggi: che l\u2019<strong>allontanamento dalla famiglia<\/strong>&nbsp;deve essere attuato solo come&nbsp;<strong>ultima risorsa<\/strong>&nbsp;e solo per&nbsp;<strong>gravi motivi<\/strong>, di certo non per quell\u2019<strong>ostilit\u00e0 ideologica verso la famiglia<\/strong>&nbsp;che tante volte si coglie in queste vicende\u201d.<\/p>\n<h2>Avs, dalla Lega attacco scomposto contro i magistrati<\/h2>\n<p>\"La vicenda nota come \u2018<strong>la famiglia nel bosco<\/strong>\u2019 dovrebbe essere materia degli operatori che la stanno seguendo mentre prendiamo atto che alcune&nbsp;<strong>forze politiche<\/strong>&nbsp;a cominciare dalla&nbsp;<strong>Lega<\/strong>&nbsp;la sfruttano strumentalmente come&nbsp;<strong>arma di propaganda referendaria<\/strong>&nbsp;e per un&nbsp;<strong>attacco scomposto e fuori luogo contro la magistratura<\/strong>. Vergognatevi.\" Cos\u00ec la capogruppo di&nbsp;<strong>Avs&nbsp;<\/strong>alla Camera&nbsp;<strong>Luana Zanella<\/strong>.<\/p>\n<h2>L'Associazione degli psicologi, \"l'obiettivo \u00e8 ricostruire il legami familiari\"<\/h2>\n<p>Quando un&nbsp;<strong>minore viene allontanato<\/strong>&nbsp;dalla propria&nbsp;<strong>famiglia<\/strong>&nbsp;\"\u00e8 naturale che si generino&nbsp;<strong>reazioni forti<\/strong>,&nbsp;<strong>giudizi immediati<\/strong>&nbsp;e prese di posizione. Tuttavia \u00e8 molto difficile avere un\u2019idea davvero completa di ci\u00f2 che \u00e8 accaduto all\u2019interno di un&nbsp;<strong>procedimento cos\u00ec complesso<\/strong>\". Per questo, osserva l\u2019<strong>Associazione unitaria psicologi italiani (Aupi)<\/strong>, \"\u00e8 ragionevole partire dal presupposto che&nbsp;<strong>giudici, tecnici e professionisti coinvolti<\/strong>&nbsp;abbiano cercato di fare del loro meglio per&nbsp;<strong>tutelare il benessere dei bambini<\/strong>.&nbsp;<strong>Decisioni di questo tipo sono sempre difficili e dolorose<\/strong>&nbsp;e vengono prese sulla base degli elementi disponibili in quel momento.<\/p>\n<p>Ogni&nbsp;<strong>giudizio<\/strong>, per\u00f2, \u00e8 per sua natura&nbsp;<strong>provvisorio<\/strong>: dipende dalle&nbsp;<strong>informazioni raccolte<\/strong>&nbsp;e dalle&nbsp;<strong>condizioni che \u00e8 stato possibile accertare<\/strong>. Per questo la questione pi\u00f9 importante non \u00e8 rimanere fermi nel giudizio su ci\u00f2 che \u00e8 stato, ma&nbsp;<strong>concentrarsi su ci\u00f2 che pu\u00f2 accadere da ora in avanti<\/strong>. Il punto \u00e8 capire quali passi possano essere fatti \u2014 dai&nbsp;<strong>servizi<\/strong>, dai&nbsp;<strong>genitori<\/strong>&nbsp;e da tutte le&nbsp;<strong>persone coinvolte<\/strong>&nbsp;\u2014 perch\u00e9 le&nbsp;<strong>condizioni che hanno portato all\u2019allontanamento<\/strong>&nbsp;possano&nbsp;<strong>cambiare<\/strong>\".&nbsp;<\/p>\n<p>In questa prospettiva, conclude il segretario nazionale, Ivan Jacob, \"il lavoro dei&nbsp;<strong>servizi e dei professionisti coinvolti<\/strong>&nbsp;dovrebbe sempre avere come obiettivo quello di creare, quando possibile, le condizioni perch\u00e9 i&nbsp;<strong>legami familiari<\/strong>&nbsp;possano essere&nbsp;<strong>ricostruiti e stabilizzati<\/strong>&nbsp;nel tempo, nel pieno rispetto dell\u2019<strong>interesse e del benessere dei minori<\/strong>\".<\/p>\n<p>&nbsp;<\/p>","protected":false},"excerpt":{"rendered":"<p>AGI &#8211; Nel giorno delle&nbsp;perizie&nbsp;sui&nbsp;tre piccoli&nbsp;della&nbsp;famiglia&nbsp;che viveva nel&nbsp;bosco di Palmoli&nbsp;un&#8217;ordinanza&nbsp;del&nbsp;tribunale per i minorenni dell&#8217;Aquila&nbsp;ha disposto il&nbsp;trasferimento&nbsp;dei&nbsp;&#8230;<\/p>\n","protected":false},"author":298,"featured_media":0,"comment_status":"closed","ping_status":"closed","sticky":false,"template":"","format":"standard","meta":{"om_disable_all_campaigns":false,"_monsterinsights_skip_tracking":false,"_monsterinsights_sitenote_active":false,"_monsterinsights_sitenote_note":"","_monsterinsights_sitenote_category":0,"footnotes":""},"categories":[1532,10,1531],"tags":[],"class_list":["post-825726","post","type-post","status-publish","format-standard","hentry","category-agi-desk","category-cronaca","category-komposer"],"aioseo_notices":[],"_links":{"self":[{"href":"https:\/\/nugnes.com\/index.php?rest_route=\/wp\/v2\/posts\/825726","targetHints":{"allow":["GET"]}}],"collection":[{"href":"https:\/\/nugnes.com\/index.php?rest_route=\/wp\/v2\/posts"}],"about":[{"href":"https:\/\/nugnes.com\/index.php?rest_route=\/wp\/v2\/types\/post"}],"author":[{"embeddable":true,"href":"https:\/\/nugnes.com\/index.php?rest_route=\/wp\/v2\/users\/298"}],"replies":[{"embeddable":true,"href":"https:\/\/nugnes.com\/index.php?rest_route=%2Fwp%2Fv2%2Fcomments&post=825726"}],"version-history":[{"count":4,"href":"https:\/\/nugnes.com\/index.php?rest_route=\/wp\/v2\/posts\/825726\/revisions"}],"predecessor-version":[{"id":825752,"href":"https:\/\/nugnes.com\/index.php?rest_route=\/wp\/v2\/posts\/825726\/revisions\/825752"}],"wp:attachment":[{"href":"https:\/\/nugnes.com\/index.php?rest_route=%2Fwp%2Fv2%2Fmedia&parent=825726"}],"wp:term":[{"taxonomy":"category","embeddable":true,"href":"https:\/\/nugnes.com\/index.php?rest_route=%2Fwp%2Fv2%2Fcategories&post=825726"},{"taxonomy":"post_tag","embeddable":true,"href":"https:\/\/nugnes.com\/index.php?rest_route=%2Fwp%2Fv2%2Ftags&post=825726"}],"curies":[{"name":"wp","href":"https:\/\/api.w.org\/{rel}","templated":true}]}}