{"id":825750,"date":"2026-03-06T15:28:12","date_gmt":"2026-03-06T15:28:12","guid":{"rendered":"https:\/\/www.lettera43.it\/?p=1290168"},"modified":"2026-03-06T15:28:12","modified_gmt":"2026-03-06T15:28:12","slug":"rai-in-stallo-tra-riforma-bloccata-e-caos-in-vigilanza-sullaudizione-di-rossi","status":"publish","type":"post","link":"https:\/\/nugnes.com\/?p=825750","title":{"rendered":"Rai in stallo tra riforma bloccata e caos in Vigilanza sull\u2019audizione di Rossi"},"content":{"rendered":"\n<p><strong>Rai <\/strong>sempre pi\u00f9 <strong>paralizzata<\/strong>. Non solo la <strong>commissione di Vigilanza<\/strong> bloccata da un anno e mezzo, ora ci si mette pure il <strong>Mef<\/strong> a stoppare la <strong>riforma della tv pubblica<\/strong>. Dunque, accade che questa settimana il<strong> <a href=\"https:\/\/www.lettera43.it\/riforma-rai-european-media-freedom-act-maggioranza-testo-lega-fdi-forza-italia-opposizioni\/\"  rel=\"noreferrer noopener\">testo base della maggioranza<\/a><\/strong> sulla riforma della Rai elaborato nell\u2019VIII commissione di Palazzo Madama doveva arrivare in Aula dove sarebbe cominciato il suo <strong>iter legislativo<\/strong>. Testo assai criticato dalle opposizioni, che hanno presentato parecchi emendamenti, ma che almeno formalmente rispetta i <strong>criteri chiesti dall\u2019Europa<\/strong> con l\u2019<strong>European Media Freedom Act<\/strong> (Emfa), che, tra le altre cose, impone che i vertici delle tv pubbliche non siano nominati dall&#8217;esecutivo. <\/p>\n\n\n\n<h2 class=\"wp-block-heading\">Lo stop del Mef al testo<\/h2>\n\n\n\n<p>Detto fatto: il nuovo cda immaginato prevede sei membri nominati dal <strong>Parlamento<\/strong> (tre dalla Camera e tre dal Senato) pi\u00f9 uno in rappresentanza dei dipendenti e tra questi dovranno poi essere scelti l\u2019<strong>amministratore delegato<\/strong> e il <strong>presidente<\/strong>. <strong>Giancarlo Giorgetti<\/strong> per\u00f2 sembra essersi accorto solo ora che questo nuovo sistema esautora totalmente il Mef, che oggi indica i vertici. \u00abMa come, noi siamo azionisti della Rai al 99,56 per cento e veniamo totalmente tagliati fuori dal meccanismo di nomina della governance? Non se ne parla\u2026\u00bb, \u00e8 il ragionamento che i tecnici dell\u2019Economia hanno rivolto al ministro, che infatti ha bloccato tutto. Per arrivare in Aula, infatti, il testo avrebbe dovuto avere il via libera del Mef tramite la commissione Bilancio, relazione che non \u00e8 mai arrivata. <\/p>\n\n\n<figure class=\"wp-block-image size-full\"><a href=\"https:\/\/www.lettera43.it\/galleria\/1290168\/1290199\"><img data-has-syndication-rights=\"1\" data-portal-copyright=\"Lettera43\" data-licensor-name=\"Lettera43\" decoding=\"async\" width=\"1200\" height=\"963\" src=\"https:\/\/www.lettera43.it\/wp-content\/uploads\/2026\/03\/Screenshot-2026-03-06-alle-15.37.24.jpg\" alt=\"Rai in stallo tra riforma bloccata e caos in Vigilanza sull\u2019audizione di Rossi\" class=\"wp-image-1290199 lazyload\" title=\"Rai in stallo tra riforma bloccata e caos in Vigilanza sull\u2019audizione di Rossi\" data-src=\"https:\/\/www.lettera43.it\/wp-content\/uploads\/2026\/03\/Screenshot-2026-03-06-alle-15.37.24.jpg\" loading=\"lazy\" data-has-syndication-rights=\"1\" data-licensor-name=\"Lettera43\" srcset=\"https:\/\/www.lettera43.it\/wp-content\/uploads\/2026\/03\/Screenshot-2026-03-06-alle-15.37.24.jpg 1200w, https:\/\/www.lettera43.it\/wp-content\/uploads\/2026\/03\/Screenshot-2026-03-06-alle-15.37.24-800x642.jpg 800w, https:\/\/www.lettera43.it\/wp-content\/uploads\/2026\/03\/Screenshot-2026-03-06-alle-15.37.24-390x313.jpg 390w\" sizes=\"auto, (max-width: 1200px) 100vw, 1200px\" \/><\/a><figcaption class=\"wp-element-caption\">Giancarlo Giorgetti (Imagoeconomica).<\/figcaption><\/figure>\n\n\n<h2 class=\"wp-block-heading\">Il cortocircuito sull&#8217;abbassamento del canone<\/h2>\n\n\n\n<p>Ma c\u2019\u00e8 un altro punto su cui Giorgetti \u00e8 contrario. La riforma prevede un <strong>abbassamento del canone<\/strong> del 5 per cento ogni anno, per almeno cinque anni, e poi si vedr\u00e0. Novit\u00e0 tra l\u2019altro chiesta proprio dalla <strong>Lega,<\/strong> che della lotta al canone Rai ha fatto una bandiera. Ebbene, si sono chiesti al Mef, se il canone diminuisce, poi va a finire che i soldi nella Rai per non farla andare a catafascio dobbiamo metterli noi, magari togliendoli ad altri comparti. E no! Cos\u00ec \u00e8 andato in scena un <strong>surreale cortocircuito<\/strong> all\u2019interno della maggioranza, con il Mef, cio\u00e8 il governo, che blocca un testo proposto dai <strong>parlamentari del centrodestra<\/strong>. Tanto che nei giorni scorsi \u00e8 intervenuto pure <strong>Maurizio Gasparri <\/strong>per difendere il testo della maggioranza, auspicando che il governo non si mettesse di traverso. <\/p>\n\n\n<figure class=\"wp-block-image size-full\"><a href=\"https:\/\/www.lettera43.it\/galleria\/1290168\/1290195\"><img data-has-syndication-rights=\"1\" data-portal-copyright=\"Lettera43\" data-licensor-name=\"Lettera43\" decoding=\"async\" width=\"1200\" height=\"802\" src=\"https:\/\/www.lettera43.it\/wp-content\/uploads\/2026\/03\/Rai-paralizzata-tra-riforma-bloccata-e-caos-in-Vigilanza-sullaudizione-di-Rossi-fff.jpg\" alt=\"Rai in stallo tra riforma bloccata e caos in Vigilanza sull\u2019audizione di Rossi\" class=\"wp-image-1290195 lazyload\" title=\"Rai in stallo tra riforma bloccata e caos in Vigilanza sull\u2019audizione di Rossi\" data-src=\"https:\/\/www.lettera43.it\/wp-content\/uploads\/2026\/03\/Rai-paralizzata-tra-riforma-bloccata-e-caos-in-Vigilanza-sullaudizione-di-Rossi-fff.jpg\" loading=\"lazy\" data-has-syndication-rights=\"1\" data-licensor-name=\"Lettera43\" srcset=\"https:\/\/www.lettera43.it\/wp-content\/uploads\/2026\/03\/Rai-paralizzata-tra-riforma-bloccata-e-caos-in-Vigilanza-sullaudizione-di-Rossi-fff.jpg 1200w, https:\/\/www.lettera43.it\/wp-content\/uploads\/2026\/03\/Rai-paralizzata-tra-riforma-bloccata-e-caos-in-Vigilanza-sullaudizione-di-Rossi-fff-800x535.jpg 800w, https:\/\/www.lettera43.it\/wp-content\/uploads\/2026\/03\/Rai-paralizzata-tra-riforma-bloccata-e-caos-in-Vigilanza-sullaudizione-di-Rossi-fff-390x261.jpg 390w\" sizes=\"auto, (max-width: 1200px) 100vw, 1200px\" \/><\/a><figcaption class=\"wp-element-caption\">Maurizio Gasparri (Imagoeconomica).<\/figcaption><\/figure>\n\n\n<p>Pure la presidente della Vigilanza, <strong>Barbara Floridia<\/strong>, a La Notizia ha ricordato che occorre \u00abapplicare al pi\u00f9 presto il Media Freedom Act per rompere il legame tra nomine e governo\u00bb.\u00a0Per ora, dunque, la riforma si ferma, col rischio sempre pi\u00f9 concreto che alla fine da Bruxelles parta una <strong>procedura d\u2019infrazione<\/strong> verso l\u2019Italia per mancato rispetto dell\u2019Emfa.<\/p>\n\n\n<figure class=\"wp-block-image size-full\"><a href=\"https:\/\/www.lettera43.it\/galleria\/1290168\/1290196\"><img data-has-syndication-rights=\"1\" data-portal-copyright=\"Lettera43\" data-licensor-name=\"Lettera43\" decoding=\"async\" width=\"1200\" height=\"800\" src=\"https:\/\/www.lettera43.it\/wp-content\/uploads\/2026\/03\/Rai-paralizzata-tra-riforma-bloccata-e-caos-in-Vigilanza-sullaudizione-di-Rossi-gh.jpg\" alt=\"Rai in stallo tra riforma bloccata e caos in Vigilanza sull\u2019audizione di Rossi\" class=\"wp-image-1290196 lazyload\" title=\"Rai in stallo tra riforma bloccata e caos in Vigilanza sull\u2019audizione di Rossi\" data-src=\"https:\/\/www.lettera43.it\/wp-content\/uploads\/2026\/03\/Rai-paralizzata-tra-riforma-bloccata-e-caos-in-Vigilanza-sullaudizione-di-Rossi-gh.jpg\" loading=\"lazy\" data-has-syndication-rights=\"1\" data-licensor-name=\"Lettera43\" srcset=\"https:\/\/www.lettera43.it\/wp-content\/uploads\/2026\/03\/Rai-paralizzata-tra-riforma-bloccata-e-caos-in-Vigilanza-sullaudizione-di-Rossi-gh.jpg 1200w, https:\/\/www.lettera43.it\/wp-content\/uploads\/2026\/03\/Rai-paralizzata-tra-riforma-bloccata-e-caos-in-Vigilanza-sullaudizione-di-Rossi-gh-800x533.jpg 800w, https:\/\/www.lettera43.it\/wp-content\/uploads\/2026\/03\/Rai-paralizzata-tra-riforma-bloccata-e-caos-in-Vigilanza-sullaudizione-di-Rossi-gh-390x260.jpg 390w\" sizes=\"auto, (max-width: 1200px) 100vw, 1200px\" \/><\/a><figcaption class=\"wp-element-caption\">Barbara Floridia (Imagoeconomica).<\/figcaption><\/figure>\n\n\n<h2 class=\"wp-block-heading\">Il balletto sulla convocazione di Rossi in Vigilanza<\/h2>\n\n\n\n<p>L\u2019altra impasse riguarda ancora la Vigilanza. Nelle ultime due settimane si era finalmente giunti a una <strong>convocazione straordinaria<\/strong> di <strong>Giampaolo Rossi<\/strong>, mai audito in commissione da quando guida la Rai. Convocazione appunto \u201cstraordinaria\u201d che \u00e8 consentita dal regolamento se a farne richiesta \u00e8 tutta l\u2019opposizione. Anche <strong>Ignazio La Russa <\/strong>si era detto favorevole. Quindi l\u2019audizione \u00e8 stata fissata per mercoled\u00ec 11 marzo. Il centrodestra, per\u00f2, questa cosa l\u2019ha sub\u00ecta e, se all\u2019inizio ha fatto buon viso a cattivo gioco per non andare contro il presidente del Senato, nell\u2019ultimo ufficio di presidenza ha posto una condizione: ci stiamo solo se la richiesta parte da noi. A quel punto l\u2019opposizione ha risposto: se parte da voi, allora la seduta non \u00e8 pi\u00f9 \u201cstraordinaria\u201d ma diventa \u201cordinaria\u201d e questo significa che da parte vostra ci deve essere un impegno a continuare con l\u2019attivit\u00e0 della Vigilanza anche dopo, sbloccando l\u2019impasse. No, hanno ribattuto dalla maggioranza: chiediamo la convocazione di Rossi, ma dopo l\u2019audizione da parte nostra non cambia nulla e se non accettate di votare <strong>Simona Agnes<\/strong> tutto torna come prima. Insomma, un caos. Per ora l\u2019audizione di Rossi resta in agenda, ma a questo punto non \u00e8 affatto detto che avvenga davvero e per farla saltare il centrodestra ha gi\u00e0 un asso nella manica: <a href=\"https:\/\/www.lettera43.it\/meloni-trump-guerra-iran-crosetto-tajani-parlamento-referendum-giustizia\/\"  rel=\"noreferrer noopener\">mercoled\u00ec sar\u00e0 il gran giorno di <strong>Giorgia Meloni<\/strong> in Parlamento<\/a> a <strong>riferire sulla crisi in Medio Oriente<\/strong> e quindi la scusa per far saltare l\u2019audizione \u00e8 gi\u00e0 bella e pronta.<\/p>\n\n\n<figure class=\"wp-block-image size-full\"><a href=\"https:\/\/www.lettera43.it\/galleria\/1290168\/1290197\"><img data-has-syndication-rights=\"1\" data-portal-copyright=\"Lettera43\" data-licensor-name=\"Lettera43\" decoding=\"async\" width=\"1200\" height=\"800\" src=\"https:\/\/www.lettera43.it\/wp-content\/uploads\/2026\/03\/Rai-paralizzata-tra-riforma-bloccata-e-caos-in-Vigilanza-sullaudizione-di-Rossi-to.jpg\" alt=\"Rai in stallo tra riforma bloccata e caos in Vigilanza sull\u2019audizione di Rossi\" class=\"wp-image-1290197 lazyload\" title=\"Rai in stallo tra riforma bloccata e caos in Vigilanza sull\u2019audizione di Rossi\" data-src=\"https:\/\/www.lettera43.it\/wp-content\/uploads\/2026\/03\/Rai-paralizzata-tra-riforma-bloccata-e-caos-in-Vigilanza-sullaudizione-di-Rossi-to.jpg\" loading=\"lazy\" data-has-syndication-rights=\"1\" data-licensor-name=\"Lettera43\" srcset=\"https:\/\/www.lettera43.it\/wp-content\/uploads\/2026\/03\/Rai-paralizzata-tra-riforma-bloccata-e-caos-in-Vigilanza-sullaudizione-di-Rossi-to.jpg 1200w, https:\/\/www.lettera43.it\/wp-content\/uploads\/2026\/03\/Rai-paralizzata-tra-riforma-bloccata-e-caos-in-Vigilanza-sullaudizione-di-Rossi-to-800x533.jpg 800w, https:\/\/www.lettera43.it\/wp-content\/uploads\/2026\/03\/Rai-paralizzata-tra-riforma-bloccata-e-caos-in-Vigilanza-sullaudizione-di-Rossi-to-390x260.jpg 390w\" sizes=\"auto, (max-width: 1200px) 100vw, 1200px\" \/><\/a><figcaption class=\"wp-element-caption\">Giampaolo Rossi (Imagoeconomica).<\/figcaption><\/figure>\n\n\n<h2 class=\"wp-block-heading\">Intanto parte la nuova striscia di Cerno su Rai2<\/h2>\n\n\n\n<p>Sembra una commedia degli errori, o degli orrori, che dir si voglia, e invece \u00e8 il magico universo parallelo di mamma Rai. Dove intanto gioved\u00ec \u00e8 stata presentata la nuova striscia quotidiana di <strong>Tommaso Cerno<\/strong>. Si chiamer\u00e0 <strong><em>Due di Picche<\/em>:<\/strong> cinque minuti da luned\u00ec 9 marzo alle 14 su<strong> Rai2<\/strong>. Nel progetto iniziale sarebbe dovuta andare in onda prima del Tg2 delle 13, ma poi la <strong>rivolta dei giornalisti <\/strong>contro un programma condotto da un \u201cesterno\u201d prima del telegiornale ha portato al cambio di orario.<\/p>\n\n\n<figure class=\"wp-block-image size-full\"><a href=\"https:\/\/www.lettera43.it\/galleria\/1290168\/1290198\"><img data-has-syndication-rights=\"1\" data-portal-copyright=\"Lettera43\" data-licensor-name=\"Lettera43\" decoding=\"async\" width=\"1200\" height=\"800\" src=\"https:\/\/www.lettera43.it\/wp-content\/uploads\/2026\/03\/Rai-paralizzata-tra-riforma-bloccata-e-caos-in-Vigilanza-sullaudizione-di-Rossi-cerno.jpg\" alt=\"Rai in stallo tra riforma bloccata e caos in Vigilanza sull\u2019audizione di Rossi\" class=\"wp-image-1290198 lazyload\" title=\"Rai in stallo tra riforma bloccata e caos in Vigilanza sull\u2019audizione di Rossi\" data-src=\"https:\/\/www.lettera43.it\/wp-content\/uploads\/2026\/03\/Rai-paralizzata-tra-riforma-bloccata-e-caos-in-Vigilanza-sullaudizione-di-Rossi-cerno.jpg\" loading=\"lazy\" data-has-syndication-rights=\"1\" data-licensor-name=\"Lettera43\" srcset=\"https:\/\/www.lettera43.it\/wp-content\/uploads\/2026\/03\/Rai-paralizzata-tra-riforma-bloccata-e-caos-in-Vigilanza-sullaudizione-di-Rossi-cerno.jpg 1200w, https:\/\/www.lettera43.it\/wp-content\/uploads\/2026\/03\/Rai-paralizzata-tra-riforma-bloccata-e-caos-in-Vigilanza-sullaudizione-di-Rossi-cerno-800x533.jpg 800w, https:\/\/www.lettera43.it\/wp-content\/uploads\/2026\/03\/Rai-paralizzata-tra-riforma-bloccata-e-caos-in-Vigilanza-sullaudizione-di-Rossi-cerno-390x260.jpg 390w\" sizes=\"auto, (max-width: 1200px) 100vw, 1200px\" \/><\/a><figcaption class=\"wp-element-caption\">Tommaso Cerno (Imagoeconomomica).<\/figcaption><\/figure>","protected":false},"excerpt":{"rendered":"<p>Il testo base della maggioranza per recepire l&#8217;European Media Freedom Act sarebbe stato stoppato dal Mef. Che ha da ridire pure sull&#8217;abbassamento del canone. Intanto i partiti battibeccano per la convocazione dell&#8217;ad in commissione.<\/p>\n","protected":false},"author":4,"featured_media":0,"comment_status":"closed","ping_status":"closed","sticky":false,"template":"","format":"standard","meta":{"om_disable_all_campaigns":false,"_monsterinsights_skip_tracking":false,"_monsterinsights_sitenote_active":false,"_monsterinsights_sitenote_note":"","_monsterinsights_sitenote_category":0,"footnotes":""},"categories":[15],"tags":[],"class_list":["post-825750","post","type-post","status-publish","format-standard","hentry","category-politica"],"aioseo_notices":[],"_links":{"self":[{"href":"https:\/\/nugnes.com\/index.php?rest_route=\/wp\/v2\/posts\/825750","targetHints":{"allow":["GET"]}}],"collection":[{"href":"https:\/\/nugnes.com\/index.php?rest_route=\/wp\/v2\/posts"}],"about":[{"href":"https:\/\/nugnes.com\/index.php?rest_route=\/wp\/v2\/types\/post"}],"author":[{"embeddable":true,"href":"https:\/\/nugnes.com\/index.php?rest_route=\/wp\/v2\/users\/4"}],"replies":[{"embeddable":true,"href":"https:\/\/nugnes.com\/index.php?rest_route=%2Fwp%2Fv2%2Fcomments&post=825750"}],"version-history":[{"count":1,"href":"https:\/\/nugnes.com\/index.php?rest_route=\/wp\/v2\/posts\/825750\/revisions"}],"predecessor-version":[{"id":825751,"href":"https:\/\/nugnes.com\/index.php?rest_route=\/wp\/v2\/posts\/825750\/revisions\/825751"}],"wp:attachment":[{"href":"https:\/\/nugnes.com\/index.php?rest_route=%2Fwp%2Fv2%2Fmedia&parent=825750"}],"wp:term":[{"taxonomy":"category","embeddable":true,"href":"https:\/\/nugnes.com\/index.php?rest_route=%2Fwp%2Fv2%2Fcategories&post=825750"},{"taxonomy":"post_tag","embeddable":true,"href":"https:\/\/nugnes.com\/index.php?rest_route=%2Fwp%2Fv2%2Ftags&post=825750"}],"curies":[{"name":"wp","href":"https:\/\/api.w.org\/{rel}","templated":true}]}}