{"id":825757,"date":"2026-03-06T18:44:44","date_gmt":"2026-03-06T18:44:44","guid":{"rendered":"http:\/\/nugnes.com\/?guid=fa4c9c249ea3e2b8cf1f17355219bde1"},"modified":"2026-03-06T18:44:44","modified_gmt":"2026-03-06T18:44:44","slug":"la-fregata-martinengo-inviata-a-difesa-di-cipro-litalia-si-unisce-a-spagna-francia-e-olanda","status":"publish","type":"post","link":"https:\/\/nugnes.com\/?p=825757","title":{"rendered":"La fregata Martinengo inviata a difesa di Cipro: l\u2019Italia si unisce a Spagna, Francia e Olanda"},"content":{"rendered":"<p>AGI - \u00c8 la fregata missilistica <strong>Federico Martinengo<\/strong> la nave della Marina militare italiana destinata all'area di Cipro, nell'ambito dell'operazione per proteggere l'isola dagli attacchi iraniani in coordinamento con Spagna, Francia e Olanda.<\/p>\n<p>La Martinengo, operativa dal 2018, si trova nella base di Taranto dopo aver partecipato alla missione europea Eunavfor Aspides nel Mar Rosso per proteggere il traffico mercantile dalle minacce Houthi. Fa parte delle Fregate europee multi-mission (denominate in Italia classe Bergamini) frutto di un progetto congiunto italo-francese.<\/p>\n<p>La fregata \u00e8 intitolata al contrammiraglio Federico Carlo Martinengo, caduto in combattimento davanti alle coste livornesi mentre era al comando di una vedetta antisommergibile che fu attaccata da due dragamine tedesche. La nave ha un equipaggio standard di circa 168-185 militari ed \u00e8 dotata di un cannone prodiero per interdizione navale e obiettivi terrestri a lungo raggio e per il tiro antiaereo e di missili Aster 30 per la difesa aerea d'area (antiaereo e antimissile).&nbsp;<\/p>\n<p>Costruita nello stabilimento <strong>Fincantieri di Riva Trigoso<\/strong>, venne varata il 4 marzo del 2017 e successivamente trasportata allo stabilimento del Muggiano (La Spezia) per il completamento dell'allestimento e le prove di collaudo. Il crest mantiene la tradizione delle unit\u00e0 Classe Fremm dedicate alle medaglie d'oro della Marina Militare e rappresenta un'immagine a tre quarti del profilo nave, che mette in risalto i sensori, le artiglierie, i sistemi d'arma e la caratteristica forma \"stealth\" dello scafo. Sullo sfondo azzurro smaltato sono ben visibili il motto dell'unit\u00e0, \"<strong>Sufficit Animus<\/strong>\" e il distintivo ottico F 596. Dallo sfondo si staglia un mezzobusto dell'ammiraglio Luigi Rizzo. Il crest \u00e8 sormontato dalla corona turrita e rostrata, simbolo della Marina Militare.<\/p>\n<p>Le origini del motto 'Sufficit Animus' risalgono ai pensieri del filosofo Seneca il quale, nel suo trattato \"I Benefici\" scriveva: \"Quando rivolgiamo ogni cosa al nostro animus, tutto \u00e8 possibile; e anche quando non mi \u00e8 concesso di far uso della piet\u00e0, della fede, della giustizia ed ogni virt\u00f9 in se' perfetta, l'uomo pu\u00f2 essere grato alla volont\u00e0. Chiunque ogni volta che si proponga un obiettivo e lo consegue, coglie il frutto del proprio lavoro. Colui che fa un favore cosa si propone? Dare all'altro \u00e8 esso stesso piacere\".<\/p>\n<p>In ambito militare fu il motto della Prima Squadriglia Aerea ed anche un motto d'Annunziano, quando il poeta non rinuncio' a volare nemmeno dopo l'incidente del gennaio del 1916, quando, a seguito di un brusco ammaraggio nelle acque di Grado, urto' violentemente contro la mitragliatrice del velivolo, perdendo la vista dall'occhio destro.<br><br>\n  &nbsp;<\/p>","protected":false},"excerpt":{"rendered":"<p>AGI &#8211; \u00c8 la fregata missilistica Federico Martinengo la nave della Marina militare italiana destinata all&#8217;area di Cipro, nell&#8217;ambito dell&#8217;operazione per proteggere l&#8217;isola dagli attacchi iraniani in coordinamento con Spagna, Francia e Olanda.<br \/>\nLa Martine&#8230;<\/p>\n","protected":false},"author":298,"featured_media":0,"comment_status":"closed","ping_status":"closed","sticky":false,"template":"","format":"standard","meta":{"om_disable_all_campaigns":false,"_monsterinsights_skip_tracking":false,"_monsterinsights_sitenote_active":false,"_monsterinsights_sitenote_note":"","_monsterinsights_sitenote_category":0,"footnotes":""},"categories":[10,1531],"tags":[],"class_list":["post-825757","post","type-post","status-publish","format-standard","hentry","category-cronaca","category-komposer"],"aioseo_notices":[],"_links":{"self":[{"href":"https:\/\/nugnes.com\/index.php?rest_route=\/wp\/v2\/posts\/825757","targetHints":{"allow":["GET"]}}],"collection":[{"href":"https:\/\/nugnes.com\/index.php?rest_route=\/wp\/v2\/posts"}],"about":[{"href":"https:\/\/nugnes.com\/index.php?rest_route=\/wp\/v2\/types\/post"}],"author":[{"embeddable":true,"href":"https:\/\/nugnes.com\/index.php?rest_route=\/wp\/v2\/users\/298"}],"replies":[{"embeddable":true,"href":"https:\/\/nugnes.com\/index.php?rest_route=%2Fwp%2Fv2%2Fcomments&post=825757"}],"version-history":[{"count":1,"href":"https:\/\/nugnes.com\/index.php?rest_route=\/wp\/v2\/posts\/825757\/revisions"}],"predecessor-version":[{"id":825758,"href":"https:\/\/nugnes.com\/index.php?rest_route=\/wp\/v2\/posts\/825757\/revisions\/825758"}],"wp:attachment":[{"href":"https:\/\/nugnes.com\/index.php?rest_route=%2Fwp%2Fv2%2Fmedia&parent=825757"}],"wp:term":[{"taxonomy":"category","embeddable":true,"href":"https:\/\/nugnes.com\/index.php?rest_route=%2Fwp%2Fv2%2Fcategories&post=825757"},{"taxonomy":"post_tag","embeddable":true,"href":"https:\/\/nugnes.com\/index.php?rest_route=%2Fwp%2Fv2%2Ftags&post=825757"}],"curies":[{"name":"wp","href":"https:\/\/api.w.org\/{rel}","templated":true}]}}