{"id":825776,"date":"2026-03-08T12:24:16","date_gmt":"2026-03-08T12:24:16","guid":{"rendered":"http:\/\/nugnes.com\/?guid=967543ad46187917719d8fb01671e25f"},"modified":"2026-03-08T12:24:16","modified_gmt":"2026-03-08T12:24:16","slug":"dalla-real-colonia-al-futuro-a-san-leucio-rinasce-leredita-della-parita-di-genere","status":"publish","type":"post","link":"https:\/\/nugnes.com\/?p=825776","title":{"rendered":"Dalla Real Colonia al futuro: a San Leucio rinasce l\u2019eredit\u00e0 della parit\u00e0 di genere"},"content":{"rendered":"<p>AGI - La pi\u00f9 grande celebrazione dell\u2019<strong>eccellenza femminile<\/strong>&nbsp;a livello globale che ha visto in programma per tre giorni, da venerd\u00ec 6 a domenica 8 marzo 2026, convergere a&nbsp;<strong>Caserta<\/strong>&nbsp;alcune tra le pi\u00f9 grandi&nbsp;<strong>testimonial<\/strong>&nbsp;ed eccellenze di ogni settore: scrittrici, giornaliste, docenti, artiste, critiche letterarie, professioniste di varie discipline, ma anche&nbsp;<strong>content creator<\/strong>&nbsp;e protagoniste della&nbsp;<strong>comunicazione digitale<\/strong>.<\/p>\n<p>Tra gli spazi dell\u2019Archivio di Stato della&nbsp;Reggia di Caserta&nbsp;e il&nbsp;Belvedere di San Leucio, il&nbsp;festival internazionale \u201cCaserta, la citt\u00e0 delle donne\u201d, organizzato dalla&nbsp;Fondazione Orizzonti, \u00e8 stata dedicata al&nbsp;protagonismo femminile&nbsp;e alle&nbsp;politiche per l\u2019uguaglianza.<\/p>\n<p>&nbsp;<\/p>\n<div>\n \n<\/div>\n<p>&nbsp;<\/p>\n<h2>L'eredit\u00e0 storica della parit\u00e0 di genere a San Leucio<\/h2>\n<p>Il progetto si basa su una storia che ha ben&nbsp;<strong>250 anni<\/strong>, quando nella&nbsp;<strong>Real Colonia di San Leucio<\/strong>&nbsp;venne sancita per la prima volta al mondo la&nbsp;<strong>parit\u00e0 di genere<\/strong>. La parit\u00e0 non venne sancita solo come principio, ma applicata producendo&nbsp;<strong>risultati straordinari<\/strong>. Il&nbsp;<strong>Codice di San Leucio<\/strong>, che segu\u00ec alla fondazione della Real Colonia, \u00e8 il primo&nbsp;<strong>impianto giuridico<\/strong>&nbsp;al mondo nel quale viene sancita la parit\u00e0 di genere. Pose la&nbsp;<strong>figura femminile<\/strong>&nbsp;al centro di un sistema di&nbsp;<strong>sviluppo integrato<\/strong>, produsse risultati straordinari, rendendo&nbsp;<strong>San Leucio<\/strong>&nbsp;un esempio di&nbsp;<strong>progresso civile, economico e industriale<\/strong>&nbsp;senza precedenti in Europa.<\/p>\n<h2>Temi e riflessioni del festival<\/h2>\n<p>Ed \u00e8 proprio rinnovando l'<strong>eredit\u00e0 storica di Caserta<\/strong>&nbsp;che nella tre giorni del Festival si \u00e8 sviluppato un grande racconto fatto di&nbsp;<strong>cultura<\/strong>,&nbsp;<strong>comunit\u00e0<\/strong>,&nbsp;<strong>creativit\u00e0<\/strong>,&nbsp;<strong>riflessione<\/strong>&nbsp;e&nbsp;<strong>bellezza<\/strong>.&nbsp;<strong>Bilanci e sfide del gender gap<\/strong>, visioni,&nbsp;<strong>diritti<\/strong>&nbsp;e&nbsp;<strong>futuro al femminile<\/strong>. Ma anche le&nbsp;<strong>donne in prima linea<\/strong>, la&nbsp;<strong>leadership femminile<\/strong>, fino alla problematica dei&nbsp;<strong>femminicidi<\/strong>.<\/p>\n<h2>La chiusura del festival e la scoperta del codice<\/h2>\n<p>A chiudere oggi il Festival, nella giornata dell\u2019<strong>8 marzo<\/strong>, il panel \u201cRidurre le distanze\u201d con la presidente della&nbsp;<strong>Fondazione Marisa Bellisario<\/strong>,&nbsp;<strong>Lella Golfo<\/strong>, e Anna Rossomando, Wanda Ferro, Enzo Battarra. \u201cPer me - ha detto la presidente della Fondazione Bellisario, Lella Golfo - \u00e8 stata una scoperta fantastica quella del&nbsp;<strong>Codice<\/strong>&nbsp;che aveva visto proprio nel borgo di&nbsp;<strong>San Leucio<\/strong>, nel&nbsp;<strong>1776<\/strong>, la proclamazione della&nbsp;<strong>parit\u00e0 di genere<\/strong>&nbsp;da parte di&nbsp;<strong>Ferdinando IV di Borbone<\/strong>\u201d.<\/p>\n<p>&nbsp;<\/p>","protected":false},"excerpt":{"rendered":"<p>AGI &#8211; La pi\u00f9 grande celebrazione dell\u2019eccellenza femminile&nbsp;a livello globale che ha visto in programma per tre giorni, da venerd\u00ec 6 a domenica 8 marzo 2026, convergere a&nbsp;Caserta&nbsp;alcune tra le pi\u00f9 grandi&nbsp;testimonial&nbsp;ed eccellenz&#8230;<\/p>\n","protected":false},"author":298,"featured_media":0,"comment_status":"closed","ping_status":"closed","sticky":false,"template":"","format":"standard","meta":{"om_disable_all_campaigns":false,"_monsterinsights_skip_tracking":false,"_monsterinsights_sitenote_active":false,"_monsterinsights_sitenote_note":"","_monsterinsights_sitenote_category":0,"footnotes":""},"categories":[10,1531],"tags":[],"class_list":["post-825776","post","type-post","status-publish","format-standard","hentry","category-cronaca","category-komposer"],"aioseo_notices":[],"_links":{"self":[{"href":"https:\/\/nugnes.com\/index.php?rest_route=\/wp\/v2\/posts\/825776","targetHints":{"allow":["GET"]}}],"collection":[{"href":"https:\/\/nugnes.com\/index.php?rest_route=\/wp\/v2\/posts"}],"about":[{"href":"https:\/\/nugnes.com\/index.php?rest_route=\/wp\/v2\/types\/post"}],"author":[{"embeddable":true,"href":"https:\/\/nugnes.com\/index.php?rest_route=\/wp\/v2\/users\/298"}],"replies":[{"embeddable":true,"href":"https:\/\/nugnes.com\/index.php?rest_route=%2Fwp%2Fv2%2Fcomments&post=825776"}],"version-history":[{"count":1,"href":"https:\/\/nugnes.com\/index.php?rest_route=\/wp\/v2\/posts\/825776\/revisions"}],"predecessor-version":[{"id":825777,"href":"https:\/\/nugnes.com\/index.php?rest_route=\/wp\/v2\/posts\/825776\/revisions\/825777"}],"wp:attachment":[{"href":"https:\/\/nugnes.com\/index.php?rest_route=%2Fwp%2Fv2%2Fmedia&parent=825776"}],"wp:term":[{"taxonomy":"category","embeddable":true,"href":"https:\/\/nugnes.com\/index.php?rest_route=%2Fwp%2Fv2%2Fcategories&post=825776"},{"taxonomy":"post_tag","embeddable":true,"href":"https:\/\/nugnes.com\/index.php?rest_route=%2Fwp%2Fv2%2Ftags&post=825776"}],"curies":[{"name":"wp","href":"https:\/\/api.w.org\/{rel}","templated":true}]}}