{"id":825788,"date":"2026-03-09T08:08:56","date_gmt":"2026-03-09T08:08:56","guid":{"rendered":"https:\/\/www.lettera43.it\/?p=1290271"},"modified":"2026-03-09T08:08:56","modified_gmt":"2026-03-09T08:08:56","slug":"la-nuova-linea-di-salvini-cautela-nella-lega-su-guerra-e-referendum","status":"publish","type":"post","link":"https:\/\/nugnes.com\/?p=825788","title":{"rendered":"La nuova linea di Salvini: cautela nella Lega su guerra e referendum"},"content":{"rendered":"\n<p>Parola d\u2019ordine: <strong>disimpegno<\/strong>. Dalla <strong>guerra<\/strong> e dal <strong>referendum sulla giustizia<\/strong>. <strong>Matteo Salvini<\/strong> ha incontrato i segretari regionali e massimi dirigenti in due riunioni a porte chiuse tra gioved\u00ec sera e venerd\u00ec mattina. E la raccomandazione a tutti \u00e8 stata: \u00abQuando andate in tiv\u00f9 o fate interviste ai giornali evitate ogni commento sulla <strong>guerra in Iran<\/strong> e nei <strong>Paesi del Golfo<\/strong>. La politica estera la fanno <strong>Tajani<\/strong> e Meloni? Che commentino loro\u00bb, \u00e8 stato il ragionamento del segretario leghista. \u00abLa <strong>Lega<\/strong> deve apparire come il partito responsabile che cerca di <strong>mitigare le conseguenze<\/strong> di un conflitto complesso in cui l\u2019Italia ha un ruolo pi\u00f9 che marginale. E si deve occupare solo della <strong>task force sui prezzi<\/strong> e di evitare ogni speculazione sul costo dell\u2019energia\u00bb. <\/p>\n\n\n<figure class=\"wp-block-image size-full\"><a href=\"https:\/\/www.lettera43.it\/galleria\/1290271\/1290291\"><img data-has-syndication-rights=\"1\" data-portal-copyright=\"Lettera43\" data-licensor-name=\"Lettera43\" decoding=\"async\" width=\"1200\" height=\"799\" src=\"https:\/\/www.lettera43.it\/wp-content\/uploads\/2026\/03\/La-nuova-linea-di-Salvini-cautela-nella-Lega-su-guerra-e-referendum-fgh.jpg\" alt=\"La nuova linea di Salvini: cautela nella Lega su guerra e referendum\" class=\"wp-image-1290291 lazyload\" title=\"La nuova linea di Salvini: cautela nella Lega su guerra e referendum\" data-src=\"https:\/\/www.lettera43.it\/wp-content\/uploads\/2026\/03\/La-nuova-linea-di-Salvini-cautela-nella-Lega-su-guerra-e-referendum-fgh.jpg\" loading=\"lazy\" data-has-syndication-rights=\"1\" data-licensor-name=\"Lettera43\" srcset=\"https:\/\/www.lettera43.it\/wp-content\/uploads\/2026\/03\/La-nuova-linea-di-Salvini-cautela-nella-Lega-su-guerra-e-referendum-fgh.jpg 1200w, https:\/\/www.lettera43.it\/wp-content\/uploads\/2026\/03\/La-nuova-linea-di-Salvini-cautela-nella-Lega-su-guerra-e-referendum-fgh-800x533.jpg 800w, https:\/\/www.lettera43.it\/wp-content\/uploads\/2026\/03\/La-nuova-linea-di-Salvini-cautela-nella-Lega-su-guerra-e-referendum-fgh-390x260.jpg 390w\" sizes=\"auto, (max-width: 1200px) 100vw, 1200px\" \/><\/a><figcaption class=\"wp-element-caption\">Giorgia Meloni con Antonio Tajani (Imagoeconomica).<\/figcaption><\/figure>\n\n\n<h2 class=\"wp-block-heading\">Giorgetti alle prese con il decreto Bollette<\/h2>\n\n\n\n<p>La raccomandazione \u00e8 stata netta in entrambe le riunioni. Tanto che a qualcuno \u00e8 tornata in mente la <a href=\"https:\/\/www.tag43.it\/guerra-ucraina-russia-polonia-sindaco-przemysl-non-riceve-salvini-maglietta-putin\/\"  rel=\"noreferrer noopener\">figuraccia del <strong>viaggio in Polonia<\/strong><\/a><strong> <\/strong>dopo l\u2019attacco russo all\u2019Ucraina, quando il sindaco di Przemysl present\u00f2 a Salvini il \u2018conto\u2019 della maglietta sfoggiata nel 2014 con il volto di Vladimir Putin. \u00abLe guerre non gli portano bene, non vorr\u00e0 fare figuracce\u00bb, \u00e8 stato il commento sarcastico di qualche dirigente. Sul tema del <strong><a href=\"https:\/\/www.lettera43.it\/guerra-iran-usa-hormuz-petrolio-gas-gnl-europa-energia-materie-prime\/\"  rel=\"noreferrer noopener\">costo dell\u2019energia<\/a><\/strong>, \u00e8 intervenuto il ministro dell\u2019Economia <strong>Giancarlo Giorgetti<\/strong> per illustrare il quadro della situazione e spiegare come gli effetti del <strong>decreto Bollette<\/strong> all\u2019esame del Parlamento siano gi\u00e0 esauriti a causa della nuova situazione. Il decreto dovr\u00e0 essere modificato nella parte che riguarda il <strong>biogas<\/strong> e le aste per l\u2019<strong>energia idroelettrica<\/strong>. <\/p>\n\n\n<figure class=\"wp-block-image size-full\"><a href=\"https:\/\/www.lettera43.it\/galleria\/1290271\/1290292\"><img data-has-syndication-rights=\"1\" data-portal-copyright=\"Lettera43\" data-licensor-name=\"Lettera43\" decoding=\"async\" width=\"1200\" height=\"802\" src=\"https:\/\/www.lettera43.it\/wp-content\/uploads\/2026\/03\/La-nuova-linea-di-Salvini-cautela-nella-Lega-su-guerra-e-referendum-giorgetti.jpg\" alt=\"La nuova linea di Salvini: cautela nella Lega su guerra e referendum\" class=\"wp-image-1290292 lazyload\" title=\"La nuova linea di Salvini: cautela nella Lega su guerra e referendum\" data-src=\"https:\/\/www.lettera43.it\/wp-content\/uploads\/2026\/03\/La-nuova-linea-di-Salvini-cautela-nella-Lega-su-guerra-e-referendum-giorgetti.jpg\" loading=\"lazy\" data-has-syndication-rights=\"1\" data-licensor-name=\"Lettera43\" srcset=\"https:\/\/www.lettera43.it\/wp-content\/uploads\/2026\/03\/La-nuova-linea-di-Salvini-cautela-nella-Lega-su-guerra-e-referendum-giorgetti.jpg 1200w, https:\/\/www.lettera43.it\/wp-content\/uploads\/2026\/03\/La-nuova-linea-di-Salvini-cautela-nella-Lega-su-guerra-e-referendum-giorgetti-800x535.jpg 800w, https:\/\/www.lettera43.it\/wp-content\/uploads\/2026\/03\/La-nuova-linea-di-Salvini-cautela-nella-Lega-su-guerra-e-referendum-giorgetti-390x261.jpg 390w\" sizes=\"auto, (max-width: 1200px) 100vw, 1200px\" \/><\/a><figcaption class=\"wp-element-caption\">Giancarlo Giorgetti (Imagoeconomica).<\/figcaption><\/figure>\n\n\n<h2 class=\"wp-block-heading\">I dubbi di Salvini sull&#8217;esito referendario <\/h2>\n\n\n\n<p>Sulla guerra, infine, le <strong>divisioni <\/strong>(sotterranee) all\u2019interno della Lega sarebbero nette, tra chi \u00e8 contrario all\u2019autorizzazione all\u2019<strong>uso delle basi in Italia<\/strong> <strong>per i bombardamenti<\/strong> e chi si adeguer\u00e0 alle decisioni di <strong>Giorgia Meloni<\/strong> (la quale comunque ha anticipato che ogni mossa sar\u00e0 decisa in Parlamento). Per quanto riguarda il referendum sulla riforma della giustizia, formalmente la Lega respinge ogni <strong>accusa di disimpegno<\/strong>, arrivata nei giorni scorsi da <strong>Forza Italia<\/strong>. \u00abIn giro si vedono solo i nostri gazebo\u00bb, avrebbe rivendicato Salvini. Ma nella riunione a porte chiuse coi big del partito sono stati espressi molti <strong>dubbi<\/strong> sull\u2019<strong>esito della consultazione<\/strong>. I nostri non sanno neanche di cosa si parla, si sarebbe lamentato Giorgetti. Mentre Salvini ha snocciolato tutta una serie di sondaggi e mostrato in sostanza il timore di intestarsi una battaglia che potrebbe non risultare vincente. <\/p>\n\n\n<figure class=\"wp-block-image size-full\"><a href=\"https:\/\/www.lettera43.it\/galleria\/1290271\/1290295\"><img data-has-syndication-rights=\"1\" data-portal-copyright=\"Lettera43\" data-licensor-name=\"Lettera43\" decoding=\"async\" width=\"1200\" height=\"800\" src=\"https:\/\/www.lettera43.it\/wp-content\/uploads\/2026\/03\/La-nuova-linea-di-Salvini-cautela-nella-Lega-su-guerra-e-referendum-fghj.jpg\" alt=\"La nuova linea di Salvini: cautela nella Lega su guerra e referendum\" class=\"wp-image-1290295 lazyload\" title=\"La nuova linea di Salvini: cautela nella Lega su guerra e referendum\" data-src=\"https:\/\/www.lettera43.it\/wp-content\/uploads\/2026\/03\/La-nuova-linea-di-Salvini-cautela-nella-Lega-su-guerra-e-referendum-fghj.jpg\" loading=\"lazy\" data-has-syndication-rights=\"1\" data-licensor-name=\"Lettera43\" srcset=\"https:\/\/www.lettera43.it\/wp-content\/uploads\/2026\/03\/La-nuova-linea-di-Salvini-cautela-nella-Lega-su-guerra-e-referendum-fghj.jpg 1200w, https:\/\/www.lettera43.it\/wp-content\/uploads\/2026\/03\/La-nuova-linea-di-Salvini-cautela-nella-Lega-su-guerra-e-referendum-fghj-800x533.jpg 800w, https:\/\/www.lettera43.it\/wp-content\/uploads\/2026\/03\/La-nuova-linea-di-Salvini-cautela-nella-Lega-su-guerra-e-referendum-fghj-390x260.jpg 390w\" sizes=\"auto, (max-width: 1200px) 100vw, 1200px\" \/><\/a><figcaption class=\"wp-element-caption\">Matteo Salvini a un gazebo per il S\u00ec (Imagoeconomica).<\/figcaption><\/figure>\n\n\n<h2 class=\"wp-block-heading\">La manifestazione dei Patrioti a Milano non scalda gli animi leghisti <\/h2>\n\n\n\n<p>Tutto in attesa della <strong>manifestazione <\/strong>organizzata dal <strong>gruppo dei Patrioti europei<\/strong> per il 18 aprile a <strong>Milano<\/strong>, dal titolo \u2018Senza paura, in Europa padroni a casa nostra\u2019. Qualcuno \u00e8 convinto della disfatta di <strong>Viktor Orban<\/strong> in <strong>Ungheria<\/strong> e comincia a pensare che, con l\u2019aggravarsi della situazione internazionale e la crescente <strong>impopolarit\u00e0 di Donald Trump<\/strong>, forse non sia il momento per impegnarsi in un evento del genere. Durante la riunione la vicesegretaria <strong><a href=\"https:\/\/www.lettera43.it\/legge-elettorale-maggioranza-lega-preferenze-sardone-calderoli-salvini\/\"  rel=\"noreferrer noopener\">Silvia Sardone<\/a><\/strong> ha invitato tutti a prepararsi alla manifestazione con idee chiare e un tema definito. Ma non \u00e8 che vi sia grande entusiasmo tra i dirigenti pi\u00f9 moderati e i <strong>governatori <\/strong>attorno all\u2019evento per il quale <strong>Marine Le Pen<\/strong> non ha ancora confermato la sua presenza. Qui, s\u00ec, che forse in diversi nella Lega sotto sotto desidererebbero che la parola d\u2019ordine fosse disimpegno.<\/p>\n\n\n<figure class=\"wp-block-image size-full\"><a href=\"https:\/\/www.lettera43.it\/galleria\/1290271\/1290293\"><img data-has-syndication-rights=\"1\" data-portal-copyright=\"Lettera43\" data-licensor-name=\"Lettera43\" decoding=\"async\" width=\"1200\" height=\"800\" src=\"https:\/\/www.lettera43.it\/wp-content\/uploads\/2026\/03\/La-nuova-linea-di-Salvini-cautela-nella-Lega-su-guerra-e-referendum-orban.jpg\" alt=\"La nuova linea di Salvini: cautela nella Lega su guerra e referendum\" class=\"wp-image-1290293 lazyload\" title=\"La nuova linea di Salvini: cautela nella Lega su guerra e referendum\" data-src=\"https:\/\/www.lettera43.it\/wp-content\/uploads\/2026\/03\/La-nuova-linea-di-Salvini-cautela-nella-Lega-su-guerra-e-referendum-orban.jpg\" loading=\"lazy\" data-has-syndication-rights=\"1\" data-licensor-name=\"Lettera43\" srcset=\"https:\/\/www.lettera43.it\/wp-content\/uploads\/2026\/03\/La-nuova-linea-di-Salvini-cautela-nella-Lega-su-guerra-e-referendum-orban.jpg 1200w, https:\/\/www.lettera43.it\/wp-content\/uploads\/2026\/03\/La-nuova-linea-di-Salvini-cautela-nella-Lega-su-guerra-e-referendum-orban-800x533.jpg 800w, https:\/\/www.lettera43.it\/wp-content\/uploads\/2026\/03\/La-nuova-linea-di-Salvini-cautela-nella-Lega-su-guerra-e-referendum-orban-390x260.jpg 390w\" sizes=\"auto, (max-width: 1200px) 100vw, 1200px\" \/><\/a><figcaption class=\"wp-element-caption\">Matteo Salvini e Viktor Orban (Imagoeconomica).<\/figcaption><\/figure>\n\n\n<h2 class=\"wp-block-heading\">La nuova segreteria politica pu\u00f2 attendere<\/h2>\n\n\n\n<p>Infine, la riunione di venerd\u00ec al <strong>Mit<\/strong>, per alcuni, avrebbe dovuto rappresentare l\u2019esordio della <strong>nuova segreteria politica<\/strong>, format pi\u00f9 snello del<strong> consiglio federale<\/strong> cui Salvini avrebbe acconsentito di dar vita per una <strong>gestione pi\u00f9 collegiale del partito<\/strong>. Ma nessuna nuova struttura \u00e8 stata formalmente varata. E, malgrado da tempo ci sia chi auspica un maggior coinvolgimento decisionale degli altri dirigenti, non risulta che <strong>Luca Zaia<\/strong> e <strong>Massimiliano Fedriga<\/strong>, entrambi collegati, siano intervenuti alla riunione. Insomma, le decisioni sembrano restare tutte in capo al segretario e al suo stretto cerchio magico (il vice <strong>Claudio Durigon<\/strong> e il senatore <strong>Andrea Paganella<\/strong>). E ogni altro coinvolgimento sarebbe solo apparente. La decisione di scomporre il confronto in due momenti &#8211; uno con i segretari regionali e uno con i colonnelli &#8211; sembra, viene riferito, motivata pi\u00f9 che altro dall\u2019esigenza di non far filtrare i contenuti.<\/p>\n\n\n<figure class=\"wp-block-image size-full\"><a href=\"https:\/\/www.lettera43.it\/galleria\/1290271\/1290290\"><img data-has-syndication-rights=\"1\" data-portal-copyright=\"Lettera43\" data-licensor-name=\"Lettera43\" decoding=\"async\" width=\"1200\" height=\"800\" src=\"https:\/\/www.lettera43.it\/wp-content\/uploads\/2026\/03\/La-nuova-linea-di-Salvini-cautela-nella-Lega-su-guerra-e-referendum-ffff.jpg\" alt=\"La nuova linea di Salvini: cautela nella Lega su guerra e referendum\" class=\"wp-image-1290290 lazyload\" title=\"La nuova linea di Salvini: cautela nella Lega su guerra e referendum\" data-src=\"https:\/\/www.lettera43.it\/wp-content\/uploads\/2026\/03\/La-nuova-linea-di-Salvini-cautela-nella-Lega-su-guerra-e-referendum-ffff.jpg\" loading=\"lazy\" data-has-syndication-rights=\"1\" data-licensor-name=\"Lettera43\" srcset=\"https:\/\/www.lettera43.it\/wp-content\/uploads\/2026\/03\/La-nuova-linea-di-Salvini-cautela-nella-Lega-su-guerra-e-referendum-ffff.jpg 1200w, https:\/\/www.lettera43.it\/wp-content\/uploads\/2026\/03\/La-nuova-linea-di-Salvini-cautela-nella-Lega-su-guerra-e-referendum-ffff-800x533.jpg 800w, https:\/\/www.lettera43.it\/wp-content\/uploads\/2026\/03\/La-nuova-linea-di-Salvini-cautela-nella-Lega-su-guerra-e-referendum-ffff-390x260.jpg 390w\" sizes=\"auto, (max-width: 1200px) 100vw, 1200px\" \/><\/a><figcaption class=\"wp-element-caption\">Claudio Durigon e Matteo Salvini (Imagoeconomica).<\/figcaption><\/figure>","protected":false},"excerpt":{"rendered":"<p>La parola d&#8217;ordine \u00e8 disimpegno. Niente commenti sul Medio Oriente e meglio non intestarsi appieno la consultazione del 22 e 23 marzo che potrebbe riservare delle sorprese. Nel partito c&#8217;\u00e8 chi vorrebbe la stessa prudenza anche per la manifestazione dei Patrioti di Milano.<\/p>\n","protected":false},"author":4,"featured_media":0,"comment_status":"closed","ping_status":"closed","sticky":false,"template":"","format":"standard","meta":{"om_disable_all_campaigns":false,"_monsterinsights_skip_tracking":false,"_monsterinsights_sitenote_active":false,"_monsterinsights_sitenote_note":"","_monsterinsights_sitenote_category":0,"footnotes":""},"categories":[15],"tags":[],"class_list":["post-825788","post","type-post","status-publish","format-standard","hentry","category-politica"],"aioseo_notices":[],"_links":{"self":[{"href":"https:\/\/nugnes.com\/index.php?rest_route=\/wp\/v2\/posts\/825788","targetHints":{"allow":["GET"]}}],"collection":[{"href":"https:\/\/nugnes.com\/index.php?rest_route=\/wp\/v2\/posts"}],"about":[{"href":"https:\/\/nugnes.com\/index.php?rest_route=\/wp\/v2\/types\/post"}],"author":[{"embeddable":true,"href":"https:\/\/nugnes.com\/index.php?rest_route=\/wp\/v2\/users\/4"}],"replies":[{"embeddable":true,"href":"https:\/\/nugnes.com\/index.php?rest_route=%2Fwp%2Fv2%2Fcomments&post=825788"}],"version-history":[{"count":1,"href":"https:\/\/nugnes.com\/index.php?rest_route=\/wp\/v2\/posts\/825788\/revisions"}],"predecessor-version":[{"id":825789,"href":"https:\/\/nugnes.com\/index.php?rest_route=\/wp\/v2\/posts\/825788\/revisions\/825789"}],"wp:attachment":[{"href":"https:\/\/nugnes.com\/index.php?rest_route=%2Fwp%2Fv2%2Fmedia&parent=825788"}],"wp:term":[{"taxonomy":"category","embeddable":true,"href":"https:\/\/nugnes.com\/index.php?rest_route=%2Fwp%2Fv2%2Fcategories&post=825788"},{"taxonomy":"post_tag","embeddable":true,"href":"https:\/\/nugnes.com\/index.php?rest_route=%2Fwp%2Fv2%2Ftags&post=825788"}],"curies":[{"name":"wp","href":"https:\/\/api.w.org\/{rel}","templated":true}]}}