{"id":825797,"date":"2026-03-09T09:21:47","date_gmt":"2026-03-09T09:21:47","guid":{"rendered":"https:\/\/www.lettera43.it\/?p=1290311"},"modified":"2026-03-09T09:21:47","modified_gmt":"2026-03-09T09:21:47","slug":"falco-della-teocrazia-e-alleato-dei-pasdaran-chi-e-mojtaba-khamenei-2","status":"publish","type":"post","link":"https:\/\/nugnes.com\/?p=825797","title":{"rendered":"Falco della teocrazia e alleato dei pasdaran: chi \u00e8 Mojtaba Khamenei"},"content":{"rendered":"\n<p><strong>Mojtaba Khamenei <\/strong><a href=\"https:\/\/www.lettera43.it\/mojtaba-khamenei-nuova-guida-suprema-iran-reazioni-chi-lo-sostiene\/\"  rel=\"noreferrer noopener\">\u00e8 la nuova <strong>Guida Suprema<\/strong> dell\u2019Iran<\/a>. La nomina segna la vittoria sul clero iraniano da parte dei Guardiani della rivoluzione: il <strong>secondogenito <\/strong>dell\u2019ayatollah <strong>Ali Khameni<\/strong>, ucciso nei primi raid Usa, era il candidato non ufficiale dei pasdaran. Falco della teocrazia e alleato dei Guardiani della rivoluzione: ecco chi \u00e8 Mojtaba Khamenei, destinato a ricoprire la massima carica religiosa e amministrativa della Repubblica Islamica fino alla sua morte.<\/p>\n\n\n<figure class=\"wp-block-image size-full\"><a href=\"https:\/\/www.lettera43.it\/galleria\/1290311\/1290303\"><img data-has-syndication-rights=\"1\" data-portal-copyright=\"Lettera43\" data-licensor-name=\"Lettera43\" decoding=\"async\" width=\"1113\" height=\"1200\" src=\"https:\/\/www.lettera43.it\/wp-content\/uploads\/2026\/03\/tagfin_20260309094628792_4cc0900d01b807f1daf760b6cd103a22.jpg\" alt=\"Falco della teocrazia e alleato dei pasdaran: chi \u00e8 Mojtaba Khamenei\" class=\"wp-image-1290303 lazyload\" title=\"Falco della teocrazia e alleato dei pasdaran: chi \u00e8 Mojtaba Khamenei\" data-src=\"https:\/\/www.lettera43.it\/wp-content\/uploads\/2026\/03\/tagfin_20260309094628792_4cc0900d01b807f1daf760b6cd103a22.jpg\" loading=\"lazy\" data-has-syndication-rights=\"1\" data-licensor-name=\"Lettera43\" srcset=\"https:\/\/www.lettera43.it\/wp-content\/uploads\/2026\/03\/tagfin_20260309094628792_4cc0900d01b807f1daf760b6cd103a22.jpg 1113w, https:\/\/www.lettera43.it\/wp-content\/uploads\/2026\/03\/tagfin_20260309094628792_4cc0900d01b807f1daf760b6cd103a22-800x863.jpg 800w, https:\/\/www.lettera43.it\/wp-content\/uploads\/2026\/03\/tagfin_20260309094628792_4cc0900d01b807f1daf760b6cd103a22-390x420.jpg 390w\" sizes=\"auto, (max-width: 1113px) 100vw, 1113px\" \/><\/a><figcaption class=\"wp-element-caption\">Mojtaba Khamenei (Ansa).<\/figcaption><\/figure>\n\n\n<h2 class=\"wp-block-heading\">Ha studiato teologia islamica nella citt\u00e0 santa di Qom <\/h2>\n\n\n\n<p>Nato l\u2019<strong>8 settembre 1969<\/strong> a Mashhad, Mojtaba Khamenei ha studiato teologia islamica nella citt\u00e0 santa di <strong>Qom <\/strong>sotto la guida di chierici ultraconservatori e dello stesso padre. A Qom ha anche insegnato, raggiungendo il grado di hodjatoleslam, titolo assegnato a religiosi di livello intermedio, dunque inferiore a quello di ayatollah detenuto dal padre e da <strong>Rouhollah Khomeini<\/strong>, la prima Guida Suprema dell\u2019Iran.<\/p>\n\n\n\n<h2 class=\"wp-block-heading\">Nella guerra contro l&#8217;Iraq aveva combattuto in un battaglione pasdaran<\/h2>\n\n\n\n<p>Meno ideologico del padre, Mojtaba Khamenei \u00e8 per\u00f2 pi\u00f9 vicino ai <strong>pasdaran <\/strong>rispetto al genitore. Il legame risale alla sua partecipazione (tra il 1987 e il 1988) a un&#8217;unit\u00e0 combattente &#8211; il battaglione Habib ibn Mazahir &#8211; nelle ultime fasi della guerra tra Iran e Iraq: in quel periodo strinse rapporti con soldati che oggi occupano posizioni chiave nell&#8217;apparato di sicurezza. Mojtaba Khamenei non ha mai ricoperto cariche pubbliche elettive, ma ha agito a lungo come <strong>eminenza grigia<\/strong> nell&#8217;ufficio del padre, con enorme potere informale, esercitato soprattutto sulle formazioni che compongono le forze di sicurezza del Paese: i gi\u00e0 citati Pasdaran e la milizia <strong><a href=\"https:\/\/www.lettera43.it\/colpito-iran-teheran-quartier-generale-basij-chi-sono\/\"  rel=\"noreferrer noopener\">Basij<\/a><\/strong>. <\/p>\n\n\n<figure class=\"wp-block-image size-full\"><a href=\"https:\/\/www.lettera43.it\/galleria\/1290311\/1290304\"><img data-has-syndication-rights=\"1\" data-portal-copyright=\"Lettera43\" data-licensor-name=\"Lettera43\" decoding=\"async\" width=\"1200\" height=\"821\" src=\"https:\/\/www.lettera43.it\/wp-content\/uploads\/2026\/03\/tagfin_20260309094648491_f1586784614bcf8d11ce2a54eb127ea7.jpg\" alt=\"Falco della teocrazia e alleato dei pasdaran: chi \u00e8 Mojtaba Khamenei\" class=\"wp-image-1290304 lazyload\" title=\"Falco della teocrazia e alleato dei pasdaran: chi \u00e8 Mojtaba Khamenei\" data-src=\"https:\/\/www.lettera43.it\/wp-content\/uploads\/2026\/03\/tagfin_20260309094648491_f1586784614bcf8d11ce2a54eb127ea7.jpg\" loading=\"lazy\" data-has-syndication-rights=\"1\" data-licensor-name=\"Lettera43\" srcset=\"https:\/\/www.lettera43.it\/wp-content\/uploads\/2026\/03\/tagfin_20260309094648491_f1586784614bcf8d11ce2a54eb127ea7.jpg 1200w, https:\/\/www.lettera43.it\/wp-content\/uploads\/2026\/03\/tagfin_20260309094648491_f1586784614bcf8d11ce2a54eb127ea7-800x547.jpg 800w, https:\/\/www.lettera43.it\/wp-content\/uploads\/2026\/03\/tagfin_20260309094648491_f1586784614bcf8d11ce2a54eb127ea7-390x267.jpg 390w\" sizes=\"auto, (max-width: 1200px) 100vw, 1200px\" \/><\/a><figcaption class=\"wp-element-caption\">Un sostenitore di Mojtaba Khamenei ccon un ritratto della nuova Guida Suprema dell\u2019Iran (Ansa).<\/figcaption><\/figure>\n\n\n<h2 class=\"wp-block-heading\">\u00c8 stato la mente della repressione delle proteste contro il regime<\/h2>\n\n\n\n<p>Mojtaba Khamenei ha sostenuto l\u2019ex presidente iraniano<strong> Mahmud Ahmadinejad<\/strong> nelle controverse elezioni presidenziali del 2005 e del 2009 e, secondo i media, potrebbe aver svolto un ruolo di primo piano nell\u2019orchestrarne la vittoria elettorale. Diverse fonti di intelligence lo hanno segnalato come il coordinatore delle <strong>brutali repressioni <\/strong>dell&#8217;<strong>Onda Verde <\/strong>nel 2009 e delle <strong>proteste &#8220;Donna, Vita, Libert\u00e0&#8221; <\/strong>del 2022.<\/p>\n\n\n\n<h2 class=\"wp-block-heading\">Nel 2019 \u00e8 stato Sanzionato dal Dipartimento del Tesoro Usa<\/h2>\n\n\n\n<p>Sanzionato dal Dipartimento del Tesoro degli Usa nel 2019 per i suoi legami con le attivit\u00e0 della <strong>Forza Quds <\/strong>e la gestione di un presunto <strong>impero finanziario occulto <\/strong>con propriet\u00e0 di lusso a Londra e Dubai (secondo un&#8217;inchiesta di Bloomberg si sarebbe notevolmente arricchito attraverso una vasta rete di societ\u00e0 schermo all&#8217;estero), nel 2004 ha sposato <strong>Zahra Haddad-Adel<\/strong>, figlia dell\u2019ex presidente del parlamento Gholam-Ali Haddad-Adel, forse morta nei primi attacchi su Teheran.<\/p>\n\n\n\n<h2 class=\"wp-block-heading\">La nomina \u00e8 una vittoria per i pasdaran e una sconfitta per il clero<\/h2>\n\n\n\n<p>La nomina di Mojtaba da parte dell&#8217;<strong>Assemblea degli Esperti<\/strong>, maturata in un clima di estrema segretezza, segna una successione dinastica che punta a garantire la stabilit\u00e0 della teocrazia sotto assedio e una significativa Vittoria del Corpo delle guardie della rivoluzione islamica sul clero, che avrebbe preferito come massima autorit\u00e0 del mondo sciita un <strong>ayatollah<\/strong>, anzich\u00e9 un chierico giurista di medio rango.<\/p>\n","protected":false},"excerpt":{"rendered":"<p>Secondogenito di Ali Khamenei, non ha mai ricoperto cariche pubbliche elettive. Ma ha agito a lungo come eminenza grigia nell&#8217;ufficio del padre.<\/p>\n","protected":false},"author":4,"featured_media":0,"comment_status":"closed","ping_status":"closed","sticky":false,"template":"","format":"standard","meta":{"om_disable_all_campaigns":false,"_monsterinsights_skip_tracking":false,"_monsterinsights_sitenote_active":false,"_monsterinsights_sitenote_note":"","_monsterinsights_sitenote_category":0,"footnotes":""},"categories":[20,1612],"tags":[],"class_list":["post-825797","post","type-post","status-publish","format-standard","hentry","category-esteri","category-ultima-ora"],"aioseo_notices":[],"_links":{"self":[{"href":"https:\/\/nugnes.com\/index.php?rest_route=\/wp\/v2\/posts\/825797","targetHints":{"allow":["GET"]}}],"collection":[{"href":"https:\/\/nugnes.com\/index.php?rest_route=\/wp\/v2\/posts"}],"about":[{"href":"https:\/\/nugnes.com\/index.php?rest_route=\/wp\/v2\/types\/post"}],"author":[{"embeddable":true,"href":"https:\/\/nugnes.com\/index.php?rest_route=\/wp\/v2\/users\/4"}],"replies":[{"embeddable":true,"href":"https:\/\/nugnes.com\/index.php?rest_route=%2Fwp%2Fv2%2Fcomments&post=825797"}],"version-history":[{"count":1,"href":"https:\/\/nugnes.com\/index.php?rest_route=\/wp\/v2\/posts\/825797\/revisions"}],"predecessor-version":[{"id":825798,"href":"https:\/\/nugnes.com\/index.php?rest_route=\/wp\/v2\/posts\/825797\/revisions\/825798"}],"wp:attachment":[{"href":"https:\/\/nugnes.com\/index.php?rest_route=%2Fwp%2Fv2%2Fmedia&parent=825797"}],"wp:term":[{"taxonomy":"category","embeddable":true,"href":"https:\/\/nugnes.com\/index.php?rest_route=%2Fwp%2Fv2%2Fcategories&post=825797"},{"taxonomy":"post_tag","embeddable":true,"href":"https:\/\/nugnes.com\/index.php?rest_route=%2Fwp%2Fv2%2Ftags&post=825797"}],"curies":[{"name":"wp","href":"https:\/\/api.w.org\/{rel}","templated":true}]}}