{"id":825805,"date":"2026-03-09T11:28:25","date_gmt":"2026-03-09T11:28:25","guid":{"rendered":"https:\/\/www.lettera43.it\/?p=1290332"},"modified":"2026-03-09T11:28:25","modified_gmt":"2026-03-09T11:28:25","slug":"piu-libri-piu-liberi-paolo-di-paolo-curera-la-fiera-con-giorgio-zanchini","status":"publish","type":"post","link":"https:\/\/nugnes.com\/?p=825805","title":{"rendered":"Pi\u00f9 libri pi\u00f9 liberi, Paolo Di Paolo curer\u00e0 la fiera con Giorgio Zanchini"},"content":{"rendered":"\n<p>Dopo le polemiche nel 2024 per l\u2019invito al filosofo <strong>Leonardo Caffo<\/strong>, all&#8217;epoca <a href=\"https:\/\/www.lettera43.it\/condanna-caffo-chiara-valerio-piu-libri-piu-liberi-jennifer-guerra-femminismo\/\"  rel=\"noreferrer noopener\">accusato di maltrattamenti alla compagna<\/a> (<a href=\"https:\/\/www.lettera43.it\/leonardo-caffo-motivazioni-sentenza\/\"  rel=\"noreferrer noopener\">poi condannato<\/a>), e quelle nel 2025 per la presenza tra gli stand della casa editrice di estrema destra <strong><a href=\"https:\/\/www.lettera43.it\/piu-libri-liberi-fiera-protesta-editori-contro-passaggio-al-bosco\/\"  rel=\"noreferrer noopener\">Passaggio al bosco<\/a><\/strong>, sono stati annunciati importanti cambiamenti per <strong>Pi\u00f9 libri pi\u00f9 liberi<\/strong>. Dopo essere stata guidata negli ultimi tre anni da <strong>Chiara Valerio<\/strong>, la fiera passer\u00e0 dal 2026 a una curatela collegiale, con <strong>Paolo Di Paolo <\/strong>accanto a <strong>Giorgio Zanchini<\/strong>. E, annunciano gli organizzatori, \u00abverranno inserite anche nuove figure per la sezione ragazzi e per i linguaggi contemporanei\u00bb.<\/p>\n\n\n\n<p><strong>LEGGI ANCHE: <\/strong><a href=\"https:\/\/www.lettera43.it\/passaggio-al-bosco-piu-libri-piu-liberi-aie-editoria-appello-intellettuali-zerocalcare\/\"  rel=\"noreferrer noopener\">Passaggio al bosco e la pubblicit\u00e0 gratuita dell\u2019indignazione<\/a><\/p>\n\n\n<figure class=\"wp-block-image size-full\"><a href=\"https:\/\/www.lettera43.it\/galleria\/1290332\/1290339\"><img data-has-syndication-rights=\"1\" data-portal-copyright=\"Lettera43\" data-licensor-name=\"Lettera43\" decoding=\"async\" width=\"1200\" height=\"800\" src=\"https:\/\/www.lettera43.it\/wp-content\/uploads\/2026\/03\/Imagoeconomica_2069909.jpg\" alt=\"Pi\u00f9 libri pi\u00f9 liberi, Paolo Di Paolo curer\u00e0 la fiera con Giorgio Zanchini\" class=\"wp-image-1290339 lazyload\" title=\"Pi\u00f9 libri pi\u00f9 liberi, Paolo Di Paolo curer\u00e0 la fiera con Giorgio Zanchini\" data-src=\"https:\/\/www.lettera43.it\/wp-content\/uploads\/2026\/03\/Imagoeconomica_2069909.jpg\" loading=\"lazy\" data-has-syndication-rights=\"1\" data-licensor-name=\"Lettera43\" srcset=\"https:\/\/www.lettera43.it\/wp-content\/uploads\/2026\/03\/Imagoeconomica_2069909.jpg 1200w, https:\/\/www.lettera43.it\/wp-content\/uploads\/2026\/03\/Imagoeconomica_2069909-800x533.jpg 800w, https:\/\/www.lettera43.it\/wp-content\/uploads\/2026\/03\/Imagoeconomica_2069909-390x260.jpg 390w\" sizes=\"auto, (max-width: 1200px) 100vw, 1200px\" \/><\/a><figcaption class=\"wp-element-caption\">Pi\u00f9 libri pi\u00f9 liberi alla Nuvola dell&#8217;Eur (Imagoeconomica).<\/figcaption><\/figure>\n\n\n<h2 class=\"wp-block-heading\">A Di Paolo \u00abspetter\u00e0 il compito di innovare il format\u00bb<\/h2>\n\n\n\n<p>La prossima edizione di Pi\u00f9 libri pi\u00f9 liberi, che sar\u00e0 la numero 25, si terr\u00e0 presso La Nuvola dell\u2019Eur <strong>dal 4 all\u20198 dicembre 2026<\/strong>. A Zanchini, giornalista, saggista e conduttore radiofonico e televisivo annunciato gi\u00e0 a novembre come nuovo curatore, verr\u00e0 affiancato lo scrittore Di Paolo, a cui \u00abspetter\u00e0 il compito di <strong>innovare il format <\/strong>dell\u2019evento\u00bb, si legge in un comunicato dell\u2019<strong>Associazione Italiana Editori<\/strong>, che organizza la fiera. \u00abNel mondo dell&#8217;offerta culturale c&#8217;\u00e8 bisogno di disinnescare parecchi piloti automatici, di rinfrescare e ripensare i formati e le modalit\u00e0 degli incontri, di fare in modo che i libri siano un punto d&#8217;arrivo e non un punto di partenza, il cui valore diamo sempre troppo per scontato\u00bb, ha detto Di Paolo<\/p>\n\n\n<figure class=\"wp-block-image size-full\"><a href=\"https:\/\/www.lettera43.it\/galleria\/1290332\/1290340\"><img data-has-syndication-rights=\"1\" data-portal-copyright=\"Lettera43\" data-licensor-name=\"Lettera43\" decoding=\"async\" width=\"1200\" height=\"800\" src=\"https:\/\/www.lettera43.it\/wp-content\/uploads\/2026\/03\/Imagoeconomica_2530831.jpg\" alt=\"Pi\u00f9 libri pi\u00f9 liberi, Paolo Di Paolo curer\u00e0 la fiera con Giorgio Zanchini\" class=\"wp-image-1290340 lazyload\" title=\"Pi\u00f9 libri pi\u00f9 liberi, Paolo Di Paolo curer\u00e0 la fiera con Giorgio Zanchini\" data-src=\"https:\/\/www.lettera43.it\/wp-content\/uploads\/2026\/03\/Imagoeconomica_2530831.jpg\" loading=\"lazy\" data-has-syndication-rights=\"1\" data-licensor-name=\"Lettera43\" srcset=\"https:\/\/www.lettera43.it\/wp-content\/uploads\/2026\/03\/Imagoeconomica_2530831.jpg 1200w, https:\/\/www.lettera43.it\/wp-content\/uploads\/2026\/03\/Imagoeconomica_2530831-800x533.jpg 800w, https:\/\/www.lettera43.it\/wp-content\/uploads\/2026\/03\/Imagoeconomica_2530831-390x260.jpg 390w\" sizes=\"auto, (max-width: 1200px) 100vw, 1200px\" \/><\/a><figcaption class=\"wp-element-caption\">Giorgio Zanchini (Imagoeconomica).<\/figcaption><\/figure>\n\n\n<h2 class=\"wp-block-heading\">Zanchini porter\u00e0 \u00ablo sguardo culturale sull&#8217;attualit\u00e0\u00bb<\/h2>\n\n\n\n<p>Zanchini si occuper\u00e0 invece dell\u2019<strong>attualit\u00e0<\/strong>. \u00abVorrei mettere al servizio della fiera quello che credo di aver imparato in tanti anni di professione, portare lo sguardo culturale sull&#8217;attualit\u00e0, parlare del presente, della contemporaneit\u00e0 attraverso i libri, e il mondo dell&#8217;editoria indipendente \u00e8 in questo senso una vera miniera\u00bb, ha dichiarato. In un\u2019intervista di novembre 2025, Zanchini aveva preso le distanze dalla gestione-Valerio: \u00abVengo da un altro mondo, anche professionale. Vengo da un\u2019altra epoca. Sia detto con rispetto, ma certo non vengo da quel <strong>brodo culturale<\/strong>\u00bb.<\/p>\n","protected":false},"excerpt":{"rendered":"<p>La prossima edizioni si terr\u00e0 dal 4 all\u20198 dicembre 2026. Presto verranno inserite anche nuove figure per la sezione ragazzi e per i linguaggi contemporanei.<\/p>\n","protected":false},"author":4,"featured_media":0,"comment_status":"closed","ping_status":"closed","sticky":false,"template":"","format":"standard","meta":{"om_disable_all_campaigns":false,"_monsterinsights_skip_tracking":false,"_monsterinsights_sitenote_active":false,"_monsterinsights_sitenote_note":"","_monsterinsights_sitenote_category":0,"footnotes":""},"categories":[31,1614],"tags":[],"class_list":["post-825805","post","type-post","status-publish","format-standard","hentry","category-cultura","category-poltrone-e-si-fa"],"aioseo_notices":[],"_links":{"self":[{"href":"https:\/\/nugnes.com\/index.php?rest_route=\/wp\/v2\/posts\/825805","targetHints":{"allow":["GET"]}}],"collection":[{"href":"https:\/\/nugnes.com\/index.php?rest_route=\/wp\/v2\/posts"}],"about":[{"href":"https:\/\/nugnes.com\/index.php?rest_route=\/wp\/v2\/types\/post"}],"author":[{"embeddable":true,"href":"https:\/\/nugnes.com\/index.php?rest_route=\/wp\/v2\/users\/4"}],"replies":[{"embeddable":true,"href":"https:\/\/nugnes.com\/index.php?rest_route=%2Fwp%2Fv2%2Fcomments&post=825805"}],"version-history":[{"count":1,"href":"https:\/\/nugnes.com\/index.php?rest_route=\/wp\/v2\/posts\/825805\/revisions"}],"predecessor-version":[{"id":825806,"href":"https:\/\/nugnes.com\/index.php?rest_route=\/wp\/v2\/posts\/825805\/revisions\/825806"}],"wp:attachment":[{"href":"https:\/\/nugnes.com\/index.php?rest_route=%2Fwp%2Fv2%2Fmedia&parent=825805"}],"wp:term":[{"taxonomy":"category","embeddable":true,"href":"https:\/\/nugnes.com\/index.php?rest_route=%2Fwp%2Fv2%2Fcategories&post=825805"},{"taxonomy":"post_tag","embeddable":true,"href":"https:\/\/nugnes.com\/index.php?rest_route=%2Fwp%2Fv2%2Ftags&post=825805"}],"curies":[{"name":"wp","href":"https:\/\/api.w.org\/{rel}","templated":true}]}}