{"id":825809,"date":"2026-03-09T10:30:29","date_gmt":"2026-03-09T10:30:29","guid":{"rendered":"https:\/\/www.lettera43.it\/?p=1290323"},"modified":"2026-03-09T10:30:29","modified_gmt":"2026-03-09T10:30:29","slug":"referendum-meloni-torna-in-campo-sui-social-per-il-si","status":"publish","type":"post","link":"https:\/\/nugnes.com\/?p=825809","title":{"rendered":"Referendum, Meloni torna in campo sui social per il S\u00ec"},"content":{"rendered":"\n<p><strong>Giorgia Meloni<\/strong>, che era scesa in campo per il S\u00ec al <strong>referendum sulla giustizia<\/strong> del <strong>22 e 23 marzo<\/strong>, optando poi per la strategia dell\u2019assenza <a href=\"https:\/\/www.lettera43.it\/meloni-trump-guerra-iran-crosetto-tajani-parlamento-referendum-giustizia\/\"  rel=\"noreferrer noopener\">memore della caduta di Matteo Renzi<\/a> nel 2016, \u00e8 tornata a <a href=\"https:\/\/www.lettera43.it\/referendum-giustizia-meloni-renzi-nordio-fronte-no\/\"  rel=\"noreferrer noopener\">metterci la faccia<\/a> costretta dalla crescita del fronte del No. La premier ha deciso di personalizzare il referendum con un lungo <strong>video <\/strong>diffuso sui social, introdotto cos\u00ec: \u00abCosa c\u2019\u00e8 davvero nella riforma della Giustizia: 13 minuti per fare chiarezza e rispondere alle <strong>banalizzazioni <\/strong>e alle troppe <strong>bufale <\/strong>messe in circolazione\u00bb.<\/p>\n\n\n\n<blockquote class=\"twitter-tweet\"><p lang=\"it\" dir=\"ltr\">Cosa c\u2019\u00e8 davvero nella riforma della Giustizia: 13 minuti per fare chiarezza e rispondere alle banalizzazioni e alle troppe bufale messe in circolazione.<br><br>Vi chiedo di ascoltare il video fino alla fine e di aiutarmi a diffonderlo.<br>Il 22 e 23 marzo scelgo il S\u00cc <img data-has-syndication-rights=\"1\" data-portal-copyright=\"Lettera43\" data-licensor-name=\"Lettera43\" src=\"https:\/\/s.w.org\/images\/core\/emoji\/16.0.1\/72x72\/2705.png\" alt=\"&#x2705;\" class=\"wp-smiley\" style=\"height: 1em; max-height: 1em;\" \/> <a href=\"https:\/\/t.co\/z7fMJXpheq\">pic.twitter.com\/z7fMJXpheq<\/a><\/p>&mdash; Giorgia Meloni (@GiorgiaMeloni) <a href=\"https:\/\/twitter.com\/GiorgiaMeloni\/status\/2030932822433706173?ref_src=twsrc%5Etfw\">March 9, 2026<\/a><\/blockquote> <script async src=\"https:\/\/platform.twitter.com\/widgets.js\" charset=\"utf-8\"><\/script> \n\n\n\n<h2 class=\"wp-block-heading\">Meloni: \u00abRiforma sostenuta da moltissimi magistrati, che preferiscono non dichiararlo\u00bb<\/h2>\n\n\n\n<p>Nel video Meloni sostiene che la <strong>riforma costituzionale <\/strong>\u00abriguarda tutti\u00bb e che punta a \u00abrendere la <strong>magistratura <\/strong>pi\u00f9 meritocratica e responsabile, correggendo storture mai risolte\u00bb. Se la giustizia \u00abnon \u00e8 efficiente, efficace, meritocratica\u00bb, dice Meloni, \u00abuna parte fondamentale del meccanismo che definisce il nostro benessere si inceppa, e tutti i cittadini lo pagano\u00bb, non solo quelli che hanno a che fare direttamente con i <strong>giudici<\/strong>. I quali \u00abdecidono su moltissimi aspetti della nostra vita: sulla sicurezza, sull&#8217;immigrazione, sul lavoro, sulla salute, sulla libert\u00e0 personale\u00bb. E poi: \u00abIl potere giudiziario anche l&#8217;unico caso in cui, a questo potere, quasi mai corrisponde un&#8217;adeguata responsabilit\u00e0. Perch\u00e9 se un magistrato sbaglia, se \u00e8 negligente, se ad esempio, come purtroppo \u00e8 accaduto, si dimentica in <strong>carcere <\/strong>un imputato per quasi un anno oltre la scadenza del termine, nella maggior parte dei casi non accade assolutamente nulla. Quel magistrato fa carriera, e chi subisce questa sventura pu\u00f2 essere qualsiasi cittadino onesto\u00bb. Sottolineando di voler liberare le toghe dal<strong> controllo della politica<\/strong>, Meloni ha inoltre assicurato che la riforma della giustizia \u00ab\u00e8 sostenuta con convinzione da moltissimi magistrati, anche molti pi\u00f9 di quanti lo dichiarino pubblicamente\u00bb, aggiungendo \u00abche forse ci si dovrebbe interrogare sul perch\u00e9 alcuni preferiscano non dichiararlo\u00bb.<\/p>\n","protected":false},"excerpt":{"rendered":"<p>La premier ha pubblicato un video di 13 minuti \u00abper fare chiarezza e rispondere alle banalizzazioni e alle troppe bufale messe in circolazione\u00bb.<\/p>\n","protected":false},"author":4,"featured_media":0,"comment_status":"closed","ping_status":"closed","sticky":false,"template":"","format":"standard","meta":{"om_disable_all_campaigns":false,"_monsterinsights_skip_tracking":false,"_monsterinsights_sitenote_active":false,"_monsterinsights_sitenote_note":"","_monsterinsights_sitenote_category":0,"footnotes":""},"categories":[15,1612],"tags":[],"class_list":["post-825809","post","type-post","status-publish","format-standard","hentry","category-politica","category-ultima-ora"],"aioseo_notices":[],"_links":{"self":[{"href":"https:\/\/nugnes.com\/index.php?rest_route=\/wp\/v2\/posts\/825809","targetHints":{"allow":["GET"]}}],"collection":[{"href":"https:\/\/nugnes.com\/index.php?rest_route=\/wp\/v2\/posts"}],"about":[{"href":"https:\/\/nugnes.com\/index.php?rest_route=\/wp\/v2\/types\/post"}],"author":[{"embeddable":true,"href":"https:\/\/nugnes.com\/index.php?rest_route=\/wp\/v2\/users\/4"}],"replies":[{"embeddable":true,"href":"https:\/\/nugnes.com\/index.php?rest_route=%2Fwp%2Fv2%2Fcomments&post=825809"}],"version-history":[{"count":1,"href":"https:\/\/nugnes.com\/index.php?rest_route=\/wp\/v2\/posts\/825809\/revisions"}],"predecessor-version":[{"id":825810,"href":"https:\/\/nugnes.com\/index.php?rest_route=\/wp\/v2\/posts\/825809\/revisions\/825810"}],"wp:attachment":[{"href":"https:\/\/nugnes.com\/index.php?rest_route=%2Fwp%2Fv2%2Fmedia&parent=825809"}],"wp:term":[{"taxonomy":"category","embeddable":true,"href":"https:\/\/nugnes.com\/index.php?rest_route=%2Fwp%2Fv2%2Fcategories&post=825809"},{"taxonomy":"post_tag","embeddable":true,"href":"https:\/\/nugnes.com\/index.php?rest_route=%2Fwp%2Fv2%2Ftags&post=825809"}],"curies":[{"name":"wp","href":"https:\/\/api.w.org\/{rel}","templated":true}]}}