{"id":825814,"date":"2026-03-09T12:58:23","date_gmt":"2026-03-09T12:58:23","guid":{"rendered":"https:\/\/www.lettera43.it\/?p=1290313"},"modified":"2026-03-09T12:58:23","modified_gmt":"2026-03-09T12:58:23","slug":"mario-orfeo-da-repubblica-prenota-il-tg5-il-retroscena","status":"publish","type":"post","link":"https:\/\/nugnes.com\/?p=825814","title":{"rendered":"Mario Orfeo da Repubblica \u201cprenota\u201d il Tg5? Il retroscena"},"content":{"rendered":"\n<p>Grande \u00e8 la confusione sotto il cielo dei lettori del <a href=\"https:\/\/www.lettera43.it\/repubblica-cessione-elkann-scalfari-giornalismo-italiano-modello\/\"  rel=\"noreferrer noopener\">quotidiano <em><strong>la Repubblica<\/strong><\/em><\/a>. Tutta colpa della domenica dedicata alla <strong>festa della donna<\/strong>, l\u20198 marzo, che si \u00e8 trasformata in una santa messa dove \u00e8 stata data comunicazione della \u201cprima lettera di <strong>Marina Berlusconi<\/strong>\u201d. Un apostolato che non poteva trovare niente di meglio del giornale fondato da <strong>Eugenio Scalfari<\/strong> e oggi diretto da <strong>Mario Orfeo<\/strong>. Se, comunque, a fondo pagina si leggeva il nome di un\u2019esponente storica della sinistra italiana, <strong>Luciana Castellina<\/strong>, classe 1929, il classico lettore di <em>Repubblica<\/em> potrebbe aver avuto un travaso di bile guardando cosa aveva scritto la figlia prediletta di <strong>Silvio Berlusconi<\/strong>. Proprio quel Cavaliere contro il quale sono state spese centinaia di prime pagine nel corso degli anni.<\/p>\n\n\n<figure class=\"wp-block-image size-full\"><a href=\"https:\/\/www.lettera43.it\/galleria\/1290313\/1290401\"><img data-has-syndication-rights=\"1\" data-portal-copyright=\"Lettera43\" data-licensor-name=\"Lettera43\" decoding=\"async\" width=\"906\" height=\"926\" src=\"https:\/\/www.lettera43.it\/wp-content\/uploads\/2026\/03\/Mario-Orfeo-da-Repubblica-prenota-il-Tg5-Il-retroscena-2.jpg\" alt=\"Mario Orfeo da Repubblica \u201cprenota\u201d il Tg5? Il retroscena\" class=\"wp-image-1290401 lazyload\" title=\"Mario Orfeo da Repubblica \u201cprenota\u201d il Tg5? Il retroscena\" data-src=\"https:\/\/www.lettera43.it\/wp-content\/uploads\/2026\/03\/Mario-Orfeo-da-Repubblica-prenota-il-Tg5-Il-retroscena-2.jpg\" loading=\"lazy\" data-has-syndication-rights=\"1\" data-licensor-name=\"Lettera43\" srcset=\"https:\/\/www.lettera43.it\/wp-content\/uploads\/2026\/03\/Mario-Orfeo-da-Repubblica-prenota-il-Tg5-Il-retroscena-2.jpg 906w, https:\/\/www.lettera43.it\/wp-content\/uploads\/2026\/03\/Mario-Orfeo-da-Repubblica-prenota-il-Tg5-Il-retroscena-2-800x818.jpg 800w, https:\/\/www.lettera43.it\/wp-content\/uploads\/2026\/03\/Mario-Orfeo-da-Repubblica-prenota-il-Tg5-Il-retroscena-2-390x399.jpg 390w\" sizes=\"auto, (max-width: 906px) 100vw, 906px\" \/><\/a><figcaption class=\"wp-element-caption\">La lettera di Marina Berlusconi pubblicata in prima pagina su Repubblica domenica 8 marzo.<\/figcaption><\/figure>\n\n\n<p>Pure <strong>Veronica Lario<\/strong> aveva usufruito degli spazi del giornale romano, ma \u201cper dirne quattro\u201d al caro Silviuccio, non certo per ricordarlo e andare avanti con le sue battaglie, come la <strong>riforma della giustizia<\/strong>. Le battaglie delle donne ora vengono intestate a Marina&#8230;<\/p>\n\n\n<div class=\"swiper-container\"><div class=\"swiper-wrapper\"><div class=\"swiper-slide\"><figure class=\"wp-block-image size-large\"><a href=\"https:\/\/www.lettera43.it\/galleria\/1290313\/1088802\"><img data-has-syndication-rights=\"1\" data-portal-copyright=\"Lettera43\" data-licensor-name=\"Lettera43\" decoding=\"async\" width=\"1024\" height=\"682\" data-id=\"1088802\" src=\"https:\/\/www.lettera43.it\/wp-content\/uploads\/2024\/03\/Cosa-ci-dice-la-riesumazione-mediatica-di-Veronica-Lario-3-1024x682.jpg\" alt=\"Mario Orfeo da Repubblica \u201cprenota\u201d il Tg5? Il retroscena\" class=\"wp-image-1088802 lazyload\" title=\"Mario Orfeo da Repubblica \u201cprenota\u201d il Tg5? Il retroscena\" data-src=\"https:\/\/www.lettera43.it\/wp-content\/uploads\/2024\/03\/Cosa-ci-dice-la-riesumazione-mediatica-di-Veronica-Lario-3-1024x682.jpg\" loading=\"lazy\" data-has-syndication-rights=\"1\" data-licensor-name=\"Lettera43\" srcset=\"https:\/\/www.lettera43.it\/wp-content\/uploads\/2024\/03\/Cosa-ci-dice-la-riesumazione-mediatica-di-Veronica-Lario-3-1024x682.jpg 1024w, https:\/\/www.lettera43.it\/wp-content\/uploads\/2024\/03\/Cosa-ci-dice-la-riesumazione-mediatica-di-Veronica-Lario-3-300x200.jpg 300w, https:\/\/www.lettera43.it\/wp-content\/uploads\/2024\/03\/Cosa-ci-dice-la-riesumazione-mediatica-di-Veronica-Lario-3-768x511.jpg 768w, https:\/\/www.lettera43.it\/wp-content\/uploads\/2024\/03\/Cosa-ci-dice-la-riesumazione-mediatica-di-Veronica-Lario-3.jpg 1200w\" sizes=\"auto, (max-width: 1024px) 100vw, 1024px\" \/><\/a><\/figure><\/div><div class=\"swiper-slide\"><figure class=\"wp-block-image size-large\"><a href=\"https:\/\/www.lettera43.it\/galleria\/1290313\/1088801\"><img data-has-syndication-rights=\"1\" data-portal-copyright=\"Lettera43\" data-licensor-name=\"Lettera43\" decoding=\"async\" width=\"1024\" height=\"683\" data-id=\"1088801\" src=\"https:\/\/www.lettera43.it\/wp-content\/uploads\/2024\/03\/Cosa-ci-dice-la-riesumazione-mediatica-di-Veronica-Lario-2-1024x683.jpg\" alt=\"Mario Orfeo da Repubblica \u201cprenota\u201d il Tg5? Il retroscena\" class=\"wp-image-1088801 lazyload\" title=\"Mario Orfeo da Repubblica \u201cprenota\u201d il Tg5? Il retroscena\" data-src=\"https:\/\/www.lettera43.it\/wp-content\/uploads\/2024\/03\/Cosa-ci-dice-la-riesumazione-mediatica-di-Veronica-Lario-2-1024x683.jpg\" loading=\"lazy\" data-has-syndication-rights=\"1\" data-licensor-name=\"Lettera43\" srcset=\"https:\/\/www.lettera43.it\/wp-content\/uploads\/2024\/03\/Cosa-ci-dice-la-riesumazione-mediatica-di-Veronica-Lario-2-1024x683.jpg 1024w, https:\/\/www.lettera43.it\/wp-content\/uploads\/2024\/03\/Cosa-ci-dice-la-riesumazione-mediatica-di-Veronica-Lario-2-300x200.jpg 300w, https:\/\/www.lettera43.it\/wp-content\/uploads\/2024\/03\/Cosa-ci-dice-la-riesumazione-mediatica-di-Veronica-Lario-2-768x512.jpg 768w, https:\/\/www.lettera43.it\/wp-content\/uploads\/2024\/03\/Cosa-ci-dice-la-riesumazione-mediatica-di-Veronica-Lario-2.jpg 1200w\" sizes=\"auto, (max-width: 1024px) 100vw, 1024px\" \/><\/a><\/figure><\/div><div class=\"swiper-slide\"><figure class=\"wp-block-image size-large\"><a href=\"https:\/\/www.lettera43.it\/galleria\/1290313\/1088800\"><img data-has-syndication-rights=\"1\" data-portal-copyright=\"Lettera43\" data-licensor-name=\"Lettera43\" decoding=\"async\" width=\"972\" height=\"730\" data-id=\"1088800\" src=\"https:\/\/www.lettera43.it\/wp-content\/uploads\/2024\/03\/Cosa-ci-dice-la-riesumazione-mediatica-di-Veronica-Lario-1.jpg\" alt=\"Mario Orfeo da Repubblica \u201cprenota\u201d il Tg5? Il retroscena\" class=\"wp-image-1088800 lazyload\" title=\"Mario Orfeo da Repubblica \u201cprenota\u201d il Tg5? Il retroscena\" data-src=\"https:\/\/www.lettera43.it\/wp-content\/uploads\/2024\/03\/Cosa-ci-dice-la-riesumazione-mediatica-di-Veronica-Lario-1.jpg\" loading=\"lazy\" data-has-syndication-rights=\"1\" data-licensor-name=\"Lettera43\" srcset=\"https:\/\/www.lettera43.it\/wp-content\/uploads\/2024\/03\/Cosa-ci-dice-la-riesumazione-mediatica-di-Veronica-Lario-1.jpg 972w, https:\/\/www.lettera43.it\/wp-content\/uploads\/2024\/03\/Cosa-ci-dice-la-riesumazione-mediatica-di-Veronica-Lario-1-300x225.jpg 300w, https:\/\/www.lettera43.it\/wp-content\/uploads\/2024\/03\/Cosa-ci-dice-la-riesumazione-mediatica-di-Veronica-Lario-1-768x577.jpg 768w\" sizes=\"auto, (max-width: 972px) 100vw, 972px\" \/><\/a><\/figure><\/div><div class=\"swiper-slide\"><figure class=\"wp-block-image size-large\"><a href=\"https:\/\/www.lettera43.it\/galleria\/1290313\/957209\"><img data-has-syndication-rights=\"1\" data-portal-copyright=\"Lettera43\" data-licensor-name=\"Lettera43\" decoding=\"async\" width=\"876\" height=\"619\" data-id=\"957209\" src=\"https:\/\/www.lettera43.it\/wp-content\/uploads\/2020\/02\/Silvio-Berlusconi-divorzio-veronica-lario-accordo-1.png\" alt=\"Mario Orfeo da Repubblica \u201cprenota\u201d il Tg5? Il retroscena\" class=\"wp-image-957209 lazyload\" title=\"Mario Orfeo da Repubblica \u201cprenota\u201d il Tg5? Il retroscena\" data-src=\"https:\/\/www.lettera43.it\/wp-content\/uploads\/2020\/02\/Silvio-Berlusconi-divorzio-veronica-lario-accordo-1.png\" loading=\"lazy\" data-has-syndication-rights=\"1\" data-licensor-name=\"Lettera43\" srcset=\"https:\/\/www.lettera43.it\/wp-content\/uploads\/2020\/02\/Silvio-Berlusconi-divorzio-veronica-lario-accordo-1.png 876w, https:\/\/www.lettera43.it\/wp-content\/uploads\/2020\/02\/Silvio-Berlusconi-divorzio-veronica-lario-accordo-1-300x212.png 300w, https:\/\/www.lettera43.it\/wp-content\/uploads\/2020\/02\/Silvio-Berlusconi-divorzio-veronica-lario-accordo-1-768x543.png 768w\" sizes=\"auto, (max-width: 876px) 100vw, 876px\" \/><\/a><\/figure><\/div><div class=\"swiper-slide\"><figure class=\"wp-block-image size-large\"><a href=\"https:\/\/www.lettera43.it\/galleria\/1290313\/690443\"><img data-has-syndication-rights=\"1\" data-portal-copyright=\"Lettera43\" data-licensor-name=\"Lettera43\" decoding=\"async\" width=\"1024\" height=\"682\" data-id=\"690443\" src=\"https:\/\/www.lettera43.it\/wp-content\/uploads\/2016\/09\/b31e838a-2621-43f8-8cbb-00e2b904022e_large-1024x682.jpg\" alt=\"Mario Orfeo da Repubblica \u201cprenota\u201d il Tg5? Il retroscena\" class=\"wp-image-690443 lazyload\" title=\"Mario Orfeo da Repubblica \u201cprenota\u201d il Tg5? Il retroscena\" data-src=\"https:\/\/www.lettera43.it\/wp-content\/uploads\/2016\/09\/b31e838a-2621-43f8-8cbb-00e2b904022e_large-1024x682.jpg\" loading=\"lazy\" data-has-syndication-rights=\"1\" data-licensor-name=\"Lettera43\" srcset=\"https:\/\/www.lettera43.it\/wp-content\/uploads\/2016\/09\/b31e838a-2621-43f8-8cbb-00e2b904022e_large-1024x682.jpg 1024w, https:\/\/www.lettera43.it\/wp-content\/uploads\/2016\/09\/b31e838a-2621-43f8-8cbb-00e2b904022e_large-300x200.jpg 300w, https:\/\/www.lettera43.it\/wp-content\/uploads\/2016\/09\/b31e838a-2621-43f8-8cbb-00e2b904022e_large-768x512.jpg 768w, https:\/\/www.lettera43.it\/wp-content\/uploads\/2016\/09\/b31e838a-2621-43f8-8cbb-00e2b904022e_large.jpg 1280w\" sizes=\"auto, (max-width: 1024px) 100vw, 1024px\" \/><\/a><\/figure><\/div><div class=\"swiper-slide\"><figure class=\"wp-block-image size-large\"><a href=\"https:\/\/www.lettera43.it\/galleria\/1290313\/690428\"><img data-has-syndication-rights=\"1\" data-portal-copyright=\"Lettera43\" data-licensor-name=\"Lettera43\" decoding=\"async\" width=\"1024\" height=\"682\" data-id=\"690428\" src=\"https:\/\/www.lettera43.it\/wp-content\/uploads\/2016\/09\/fd823ed5-9904-4c0c-9dfa-8f4f57e0476e_large-1024x682.jpg\" alt=\"Mario Orfeo da Repubblica \u201cprenota\u201d il Tg5? Il retroscena\" class=\"wp-image-690428 lazyload\" title=\"Mario Orfeo da Repubblica \u201cprenota\u201d il Tg5? Il retroscena\" data-src=\"https:\/\/www.lettera43.it\/wp-content\/uploads\/2016\/09\/fd823ed5-9904-4c0c-9dfa-8f4f57e0476e_large-1024x682.jpg\" loading=\"lazy\" data-has-syndication-rights=\"1\" data-licensor-name=\"Lettera43\" srcset=\"https:\/\/www.lettera43.it\/wp-content\/uploads\/2016\/09\/fd823ed5-9904-4c0c-9dfa-8f4f57e0476e_large-1024x682.jpg 1024w, https:\/\/www.lettera43.it\/wp-content\/uploads\/2016\/09\/fd823ed5-9904-4c0c-9dfa-8f4f57e0476e_large-300x200.jpg 300w, https:\/\/www.lettera43.it\/wp-content\/uploads\/2016\/09\/fd823ed5-9904-4c0c-9dfa-8f4f57e0476e_large-768x512.jpg 768w, https:\/\/www.lettera43.it\/wp-content\/uploads\/2016\/09\/fd823ed5-9904-4c0c-9dfa-8f4f57e0476e_large.jpg 1280w\" sizes=\"auto, (max-width: 1024px) 100vw, 1024px\" \/><\/a><\/figure><\/div><div class=\"swiper-slide\"><figure class=\"wp-block-image size-large\"><a href=\"https:\/\/www.lettera43.it\/galleria\/1290313\/1088596\"><img data-has-syndication-rights=\"1\" data-portal-copyright=\"Lettera43\" data-licensor-name=\"Lettera43\" decoding=\"async\" width=\"774\" height=\"516\" data-id=\"1088596\" src=\"https:\/\/www.lettera43.it\/wp-content\/uploads\/2024\/02\/639ffde9ce62a3c52571ce3748a6cd2d.jpg\" alt=\"Mario Orfeo da Repubblica \u201cprenota\u201d il Tg5? Il retroscena\" class=\"wp-image-1088596 lazyload\" title=\"Mario Orfeo da Repubblica \u201cprenota\u201d il Tg5? Il retroscena\" data-src=\"https:\/\/www.lettera43.it\/wp-content\/uploads\/2024\/02\/639ffde9ce62a3c52571ce3748a6cd2d.jpg\" loading=\"lazy\" data-has-syndication-rights=\"1\" data-licensor-name=\"Lettera43\" srcset=\"https:\/\/www.lettera43.it\/wp-content\/uploads\/2024\/02\/639ffde9ce62a3c52571ce3748a6cd2d.jpg 774w, https:\/\/www.lettera43.it\/wp-content\/uploads\/2024\/02\/639ffde9ce62a3c52571ce3748a6cd2d-300x200.jpg 300w, https:\/\/www.lettera43.it\/wp-content\/uploads\/2024\/02\/639ffde9ce62a3c52571ce3748a6cd2d-768x512.jpg 768w\" sizes=\"auto, (max-width: 774px) 100vw, 774px\" \/><\/a><\/figure><\/div><div class=\"swiper-slide\"><figure class=\"wp-block-image size-large\"><a href=\"https:\/\/www.lettera43.it\/galleria\/1290313\/1121922\"><img data-has-syndication-rights=\"1\" data-portal-copyright=\"Lettera43\" data-licensor-name=\"Lettera43\" decoding=\"async\" width=\"1024\" height=\"687\" data-id=\"1121922\" src=\"https:\/\/www.lettera43.it\/wp-content\/uploads\/2024\/06\/Veronica-Lario-ha-guadagnato-quasi-un-milione-di-euro-vendendo-una-casa-a-Londra-1024x687.jpg\" alt=\"Mario Orfeo da Repubblica \u201cprenota\u201d il Tg5? Il retroscena\" class=\"wp-image-1121922 lazyload\" title=\"Mario Orfeo da Repubblica \u201cprenota\u201d il Tg5? Il retroscena\" data-src=\"https:\/\/www.lettera43.it\/wp-content\/uploads\/2024\/06\/Veronica-Lario-ha-guadagnato-quasi-un-milione-di-euro-vendendo-una-casa-a-Londra-1024x687.jpg\" loading=\"lazy\" data-has-syndication-rights=\"1\" data-licensor-name=\"Lettera43\" srcset=\"https:\/\/www.lettera43.it\/wp-content\/uploads\/2024\/06\/Veronica-Lario-ha-guadagnato-quasi-un-milione-di-euro-vendendo-una-casa-a-Londra-1024x687.jpg 1024w, https:\/\/www.lettera43.it\/wp-content\/uploads\/2024\/06\/Veronica-Lario-ha-guadagnato-quasi-un-milione-di-euro-vendendo-una-casa-a-Londra-300x201.jpg 300w, https:\/\/www.lettera43.it\/wp-content\/uploads\/2024\/06\/Veronica-Lario-ha-guadagnato-quasi-un-milione-di-euro-vendendo-una-casa-a-Londra-768x515.jpg 768w, https:\/\/www.lettera43.it\/wp-content\/uploads\/2024\/06\/Veronica-Lario-ha-guadagnato-quasi-un-milione-di-euro-vendendo-una-casa-a-Londra.jpg 1200w\" sizes=\"auto, (max-width: 1024px) 100vw, 1024px\" \/><\/a><\/figure><div class=\"swiper-lazy-preloader\"><\/div><\/div><\/div><div class=\"swiper-pagination\"><\/div><div class=\"swiper-button-next\"><\/div><div class=\"swiper-button-prev\"><\/div><\/div>\n\n\n<p>Ma qual \u00e8 il retroscena? All\u2019interno del quotidiano si parla dell\u2019ennesima prova di funambolismo di Orfeo, un camaleonte a 24 carati, impegnato a traghettare il vascello (che una volta era un transatlantico) di carta <a href=\"https:\/\/www.lettera43.it\/exor-stretta-finale-kyriakou-repubblica\/\"  rel=\"noreferrer noopener\">seguendo la nuova propriet\u00e0 proveniente dalla <strong>Grecia<\/strong><\/a>, che certo non \u00e8 desiderosa di mettersi contro il governo guidato da <strong>Giorgia Meloni<\/strong>, volendo coltivare qualche business redditizio nel nostro Paese.<\/p>\n\n\n\n<p><strong>LEGGI ANCHE <a href=\"https:\/\/www.lettera43.it\/foto-festa-repubblica-mattatoio-invitati\/\"  rel=\"noreferrer noopener\">Chi c\u2019era, chi non \u00e8 stato invitato e chi contestava alla festa di <em>Repubblica<\/em><\/a><\/strong><\/p>\n\n\n<div class=\"swiper-container\"><div class=\"swiper-wrapper\"><div class=\"swiper-slide\"><figure class=\"wp-block-image size-large\"><a href=\"https:\/\/www.lettera43.it\/galleria\/1290313\/1287143\"><img data-has-syndication-rights=\"1\" data-portal-copyright=\"Lettera43\" data-licensor-name=\"Lettera43\" decoding=\"async\" width=\"1200\" height=\"800\" data-id=\"1287143\" src=\"https:\/\/www.lettera43.it\/wp-content\/uploads\/2026\/02\/Repubblica-e-scontro-tra-il-Cdr-e-il-direttore-Orfeo-.jpg\" alt=\"Mario Orfeo da Repubblica \u201cprenota\u201d il Tg5? Il retroscena\" class=\"wp-image-1287143 lazyload\" title=\"Mario Orfeo da Repubblica \u201cprenota\u201d il Tg5? Il retroscena\" data-src=\"https:\/\/www.lettera43.it\/wp-content\/uploads\/2026\/02\/Repubblica-e-scontro-tra-il-Cdr-e-il-direttore-Orfeo-.jpg\" loading=\"lazy\" data-has-syndication-rights=\"1\" data-licensor-name=\"Lettera43\" srcset=\"https:\/\/www.lettera43.it\/wp-content\/uploads\/2026\/02\/Repubblica-e-scontro-tra-il-Cdr-e-il-direttore-Orfeo-.jpg 1200w, https:\/\/www.lettera43.it\/wp-content\/uploads\/2026\/02\/Repubblica-e-scontro-tra-il-Cdr-e-il-direttore-Orfeo--800x533.jpg 800w, https:\/\/www.lettera43.it\/wp-content\/uploads\/2026\/02\/Repubblica-e-scontro-tra-il-Cdr-e-il-direttore-Orfeo--390x260.jpg 390w\" sizes=\"auto, (max-width: 1200px) 100vw, 1200px\" \/><\/a><\/figure><\/div><div class=\"swiper-slide\"><figure class=\"wp-block-image size-large\"><a href=\"https:\/\/www.lettera43.it\/galleria\/1290313\/1279417\"><img data-has-syndication-rights=\"1\" data-portal-copyright=\"Lettera43\" data-licensor-name=\"Lettera43\" decoding=\"async\" width=\"1200\" height=\"806\" data-id=\"1279417\" src=\"https:\/\/www.lettera43.it\/wp-content\/uploads\/2026\/01\/Chi-cera-chi-non-e-stato-invitato-e-chi-contestava-alla-festa-di-Repubblica-10.jpg\" alt=\"Mario Orfeo da Repubblica \u201cprenota\u201d il Tg5? Il retroscena\" class=\"wp-image-1279417 lazyload\" title=\"Mario Orfeo da Repubblica \u201cprenota\u201d il Tg5? Il retroscena\" data-src=\"https:\/\/www.lettera43.it\/wp-content\/uploads\/2026\/01\/Chi-cera-chi-non-e-stato-invitato-e-chi-contestava-alla-festa-di-Repubblica-10.jpg\" loading=\"lazy\" data-has-syndication-rights=\"1\" data-licensor-name=\"Lettera43\" srcset=\"https:\/\/www.lettera43.it\/wp-content\/uploads\/2026\/01\/Chi-cera-chi-non-e-stato-invitato-e-chi-contestava-alla-festa-di-Repubblica-10.jpg 1200w, https:\/\/www.lettera43.it\/wp-content\/uploads\/2026\/01\/Chi-cera-chi-non-e-stato-invitato-e-chi-contestava-alla-festa-di-Repubblica-10-800x537.jpg 800w, https:\/\/www.lettera43.it\/wp-content\/uploads\/2026\/01\/Chi-cera-chi-non-e-stato-invitato-e-chi-contestava-alla-festa-di-Repubblica-10-390x262.jpg 390w\" sizes=\"auto, (max-width: 1200px) 100vw, 1200px\" \/><\/a><\/figure><\/div><div class=\"swiper-slide\"><figure class=\"wp-block-image size-large\"><a href=\"https:\/\/www.lettera43.it\/galleria\/1290313\/1279416\"><img data-has-syndication-rights=\"1\" data-portal-copyright=\"Lettera43\" data-licensor-name=\"Lettera43\" decoding=\"async\" width=\"1200\" height=\"806\" data-id=\"1279416\" src=\"https:\/\/www.lettera43.it\/wp-content\/uploads\/2026\/01\/Chi-cera-chi-non-e-stato-invitato-e-chi-contestava-alla-festa-di-Repubblica-9.jpg\" alt=\"Mario Orfeo da Repubblica \u201cprenota\u201d il Tg5? Il retroscena\" class=\"wp-image-1279416 lazyload\" title=\"Mario Orfeo da Repubblica \u201cprenota\u201d il Tg5? Il retroscena\" data-src=\"https:\/\/www.lettera43.it\/wp-content\/uploads\/2026\/01\/Chi-cera-chi-non-e-stato-invitato-e-chi-contestava-alla-festa-di-Repubblica-9.jpg\" loading=\"lazy\" data-has-syndication-rights=\"1\" data-licensor-name=\"Lettera43\" srcset=\"https:\/\/www.lettera43.it\/wp-content\/uploads\/2026\/01\/Chi-cera-chi-non-e-stato-invitato-e-chi-contestava-alla-festa-di-Repubblica-9.jpg 1200w, https:\/\/www.lettera43.it\/wp-content\/uploads\/2026\/01\/Chi-cera-chi-non-e-stato-invitato-e-chi-contestava-alla-festa-di-Repubblica-9-800x537.jpg 800w, https:\/\/www.lettera43.it\/wp-content\/uploads\/2026\/01\/Chi-cera-chi-non-e-stato-invitato-e-chi-contestava-alla-festa-di-Repubblica-9-390x262.jpg 390w\" sizes=\"auto, (max-width: 1200px) 100vw, 1200px\" \/><\/a><\/figure><\/div><div class=\"swiper-slide\"><figure class=\"wp-block-image size-large\"><a href=\"https:\/\/www.lettera43.it\/galleria\/1290313\/1279414\"><img data-has-syndication-rights=\"1\" data-portal-copyright=\"Lettera43\" data-licensor-name=\"Lettera43\" decoding=\"async\" width=\"1200\" height=\"806\" data-id=\"1279414\" src=\"https:\/\/www.lettera43.it\/wp-content\/uploads\/2026\/01\/Chi-cera-chi-non-e-stato-invitato-e-chi-contestava-alla-festa-di-Repubblica-7.jpg\" alt=\"Mario Orfeo da Repubblica \u201cprenota\u201d il Tg5? Il retroscena\" class=\"wp-image-1279414 lazyload\" title=\"Mario Orfeo da Repubblica \u201cprenota\u201d il Tg5? Il retroscena\" data-src=\"https:\/\/www.lettera43.it\/wp-content\/uploads\/2026\/01\/Chi-cera-chi-non-e-stato-invitato-e-chi-contestava-alla-festa-di-Repubblica-7.jpg\" loading=\"lazy\" data-has-syndication-rights=\"1\" data-licensor-name=\"Lettera43\" srcset=\"https:\/\/www.lettera43.it\/wp-content\/uploads\/2026\/01\/Chi-cera-chi-non-e-stato-invitato-e-chi-contestava-alla-festa-di-Repubblica-7.jpg 1200w, https:\/\/www.lettera43.it\/wp-content\/uploads\/2026\/01\/Chi-cera-chi-non-e-stato-invitato-e-chi-contestava-alla-festa-di-Repubblica-7-800x537.jpg 800w, https:\/\/www.lettera43.it\/wp-content\/uploads\/2026\/01\/Chi-cera-chi-non-e-stato-invitato-e-chi-contestava-alla-festa-di-Repubblica-7-390x262.jpg 390w\" sizes=\"auto, (max-width: 1200px) 100vw, 1200px\" \/><\/a><\/figure><\/div><div class=\"swiper-slide\"><figure class=\"wp-block-image size-large\"><a href=\"https:\/\/www.lettera43.it\/galleria\/1290313\/1148949\"><img data-has-syndication-rights=\"1\" data-portal-copyright=\"Lettera43\" data-licensor-name=\"Lettera43\" decoding=\"async\" width=\"775\" height=\"480\" data-id=\"1148949\" src=\"https:\/\/www.lettera43.it\/wp-content\/uploads\/2024\/10\/Mario-Orfeo-e-il-nuovo-direttore-di-Repubblica.jpg\" alt=\"Mario Orfeo da Repubblica \u201cprenota\u201d il Tg5? Il retroscena\" class=\"wp-image-1148949 lazyload\" title=\"Mario Orfeo da Repubblica \u201cprenota\u201d il Tg5? Il retroscena\" data-src=\"https:\/\/www.lettera43.it\/wp-content\/uploads\/2024\/10\/Mario-Orfeo-e-il-nuovo-direttore-di-Repubblica.jpg\" loading=\"lazy\" data-has-syndication-rights=\"1\" data-licensor-name=\"Lettera43\" srcset=\"https:\/\/www.lettera43.it\/wp-content\/uploads\/2024\/10\/Mario-Orfeo-e-il-nuovo-direttore-di-Repubblica.jpg 775w, https:\/\/www.lettera43.it\/wp-content\/uploads\/2024\/10\/Mario-Orfeo-e-il-nuovo-direttore-di-Repubblica-300x186.jpg 300w, https:\/\/www.lettera43.it\/wp-content\/uploads\/2024\/10\/Mario-Orfeo-e-il-nuovo-direttore-di-Repubblica-768x476.jpg 768w\" sizes=\"auto, (max-width: 775px) 100vw, 775px\" \/><\/a><\/figure><\/div><div class=\"swiper-slide\"><figure class=\"wp-block-image size-large\"><a href=\"https:\/\/www.lettera43.it\/galleria\/1290313\/1140911\"><img data-has-syndication-rights=\"1\" data-portal-copyright=\"Lettera43\" data-licensor-name=\"Lettera43\" decoding=\"async\" width=\"1024\" height=\"681\" data-id=\"1140911\" src=\"https:\/\/www.lettera43.it\/wp-content\/uploads\/2024\/09\/Sangiuliano-quanti-nemici-in-Rai-gli-spifferi-da-Viale-Mazzini-sulla-caduta-di-Genny-5.jpg\" alt=\"Mario Orfeo da Repubblica \u201cprenota\u201d il Tg5? Il retroscena\" class=\"wp-image-1140911 lazyload\" title=\"Mario Orfeo da Repubblica \u201cprenota\u201d il Tg5? Il retroscena\" data-src=\"https:\/\/www.lettera43.it\/wp-content\/uploads\/2024\/09\/Sangiuliano-quanti-nemici-in-Rai-gli-spifferi-da-Viale-Mazzini-sulla-caduta-di-Genny-5.jpg\" loading=\"lazy\" data-has-syndication-rights=\"1\" data-licensor-name=\"Lettera43\" srcset=\"https:\/\/www.lettera43.it\/wp-content\/uploads\/2024\/09\/Sangiuliano-quanti-nemici-in-Rai-gli-spifferi-da-Viale-Mazzini-sulla-caduta-di-Genny-5.jpg 1024w, https:\/\/www.lettera43.it\/wp-content\/uploads\/2024\/09\/Sangiuliano-quanti-nemici-in-Rai-gli-spifferi-da-Viale-Mazzini-sulla-caduta-di-Genny-5-300x200.jpg 300w, https:\/\/www.lettera43.it\/wp-content\/uploads\/2024\/09\/Sangiuliano-quanti-nemici-in-Rai-gli-spifferi-da-Viale-Mazzini-sulla-caduta-di-Genny-5-768x511.jpg 768w\" sizes=\"auto, (max-width: 1024px) 100vw, 1024px\" \/><\/a><\/figure><\/div><div class=\"swiper-slide\"><figure class=\"wp-block-image size-large\"><a href=\"https:\/\/www.lettera43.it\/galleria\/1290313\/1095886\"><img data-has-syndication-rights=\"1\" data-portal-copyright=\"Lettera43\" data-licensor-name=\"Lettera43\" decoding=\"async\" width=\"1024\" height=\"710\" data-id=\"1095886\" src=\"https:\/\/www.lettera43.it\/wp-content\/uploads\/2024\/03\/Schermata-2024-03-26-alle-08.50.18-1024x710.jpg\" alt=\"Mario Orfeo da Repubblica \u201cprenota\u201d il Tg5? Il retroscena\" class=\"wp-image-1095886 lazyload\" title=\"Mario Orfeo da Repubblica \u201cprenota\u201d il Tg5? Il retroscena\" data-src=\"https:\/\/www.lettera43.it\/wp-content\/uploads\/2024\/03\/Schermata-2024-03-26-alle-08.50.18-1024x710.jpg\" loading=\"lazy\" data-has-syndication-rights=\"1\" data-licensor-name=\"Lettera43\" srcset=\"https:\/\/www.lettera43.it\/wp-content\/uploads\/2024\/03\/Schermata-2024-03-26-alle-08.50.18-1024x710.jpg 1024w, https:\/\/www.lettera43.it\/wp-content\/uploads\/2024\/03\/Schermata-2024-03-26-alle-08.50.18-300x208.jpg 300w, https:\/\/www.lettera43.it\/wp-content\/uploads\/2024\/03\/Schermata-2024-03-26-alle-08.50.18-768x533.jpg 768w, https:\/\/www.lettera43.it\/wp-content\/uploads\/2024\/03\/Schermata-2024-03-26-alle-08.50.18.jpg 1194w\" sizes=\"auto, (max-width: 1024px) 100vw, 1024px\" \/><\/a><\/figure><div class=\"swiper-lazy-preloader\"><\/div><\/div><\/div><div class=\"swiper-pagination\"><\/div><div class=\"swiper-button-next\"><\/div><div class=\"swiper-button-prev\"><\/div><\/div>\n\n\n<h2 class=\"wp-block-heading\">Mimun a 72 anni non ha comunque voglia di mollare la presa<\/h2>\n\n\n\n<p>Dopo <a href=\"https:\/\/www.lettera43.it\/repubblica-scontro-cdr-direttore-orfeo\/\"  rel=\"noreferrer noopener\">alcuni attriti tra cdr e direttore<\/a>, la voglia di proclamare <strong>sciopero<\/strong> da parte dei giornalisti non mancherebbe, anche se la vera battaglia verr\u00e0 fatta dopo aver visto le carte dell\u2019editore in pectore. Ma pi\u00f9 che a un consolidamento di Orfeo alla guida di <em>Repubblica<\/em>, c&#8217;\u00e8 chi indica un\u2019altra possibile astutissima mossa del direttore: \u00abDando platealmente spazio a Marina Berlusconi lui si \u00e8 posto in luce come un ottimo, presentabilissimo, successore di <strong>Clemente Mimun<\/strong>, uno che conta la bella et\u00e0 di 72 anni e che di certo non ha voglia di mollare la presa del <em><strong>Tg5<\/strong><\/em>, ma che comunque non \u00e8 eterno, come chiunque sulla Terra\u00bb.<\/p>\n\n\n<figure class=\"wp-block-image size-full\"><a href=\"https:\/\/www.lettera43.it\/galleria\/1290313\/1060510\"><img data-has-syndication-rights=\"1\" data-portal-copyright=\"Lettera43\" data-licensor-name=\"Lettera43\" decoding=\"async\" width=\"856\" height=\"694\" src=\"https:\/\/www.lettera43.it\/wp-content\/uploads\/2023\/12\/Mimun-e-la-buona-anzi-ottima-uscita-dal-Tg5-il-ritorno-di-Pollari-e-altri-spifferi.jpg\" alt=\"Mario Orfeo da Repubblica \u201cprenota\u201d il Tg5? Il retroscena\" class=\"wp-image-1060510 lazyload\" title=\"Mario Orfeo da Repubblica \u201cprenota\u201d il Tg5? Il retroscena\" data-src=\"https:\/\/www.lettera43.it\/wp-content\/uploads\/2023\/12\/Mimun-e-la-buona-anzi-ottima-uscita-dal-Tg5-il-ritorno-di-Pollari-e-altri-spifferi.jpg\" loading=\"lazy\" data-has-syndication-rights=\"1\" data-licensor-name=\"Lettera43\" srcset=\"https:\/\/www.lettera43.it\/wp-content\/uploads\/2023\/12\/Mimun-e-la-buona-anzi-ottima-uscita-dal-Tg5-il-ritorno-di-Pollari-e-altri-spifferi.jpg 856w, https:\/\/www.lettera43.it\/wp-content\/uploads\/2023\/12\/Mimun-e-la-buona-anzi-ottima-uscita-dal-Tg5-il-ritorno-di-Pollari-e-altri-spifferi-300x243.jpg 300w, https:\/\/www.lettera43.it\/wp-content\/uploads\/2023\/12\/Mimun-e-la-buona-anzi-ottima-uscita-dal-Tg5-il-ritorno-di-Pollari-e-altri-spifferi-768x623.jpg 768w\" sizes=\"auto, (max-width: 856px) 100vw, 856px\" \/><\/a><figcaption class=\"wp-element-caption\">Clemente Mimun (Imagoeconomica).<\/figcaption><\/figure>\n\n\n<h2 class=\"wp-block-heading\">De Benedetti non avrebbe mai offerto alla figlia del Cav una tribuna del genere<\/h2>\n\n\n\n<p>Insomma, un <em>beau geste<\/em> che pu\u00f2 suonare come una sorta di prenotazione per il suo futuro professionale, avendo offerto alla figlia del Cavaliere una tribuna impensabile fino a pochi anni fa. Una cosa che CDB, ossia l\u2019Ingegnere <strong>Carlo De Benedetti<\/strong>, non avrebbe mai permesso. Lui di Berlusconi ha sempre detto che non era un imprenditore, ma \u00abun impresario\u00bb: s\u00ec, la definizione riferita a quelli che nei teatri di una volta allestivano l\u2019avanspettacolo con le ballerine pronte a fare qualche numero di can-can mostrando le gambe al pubblico.<\/p>\n\n\n<figure class=\"wp-block-image size-large\"><a href=\"https:\/\/www.lettera43.it\/galleria\/1290313\/1246102\"><img data-has-syndication-rights=\"1\" data-portal-copyright=\"Lettera43\" data-licensor-name=\"Lettera43\" decoding=\"async\" width=\"1024\" height=\"683\" src=\"https:\/\/www.lettera43.it\/wp-content\/uploads\/2025\/09\/De-Benedetti-molla-Domani-i-conti-in-rosso-e-il-futuro-del-giornale-5-1024x683.jpg\" alt=\"Mario Orfeo da Repubblica \u201cprenota\u201d il Tg5? Il retroscena\" class=\"wp-image-1246102 lazyload\" title=\"Mario Orfeo da Repubblica \u201cprenota\u201d il Tg5? Il retroscena\" data-src=\"https:\/\/www.lettera43.it\/wp-content\/uploads\/2025\/09\/De-Benedetti-molla-Domani-i-conti-in-rosso-e-il-futuro-del-giornale-5-1024x683.jpg\" loading=\"lazy\" data-has-syndication-rights=\"1\" data-licensor-name=\"Lettera43\" srcset=\"https:\/\/www.lettera43.it\/wp-content\/uploads\/2025\/09\/De-Benedetti-molla-Domani-i-conti-in-rosso-e-il-futuro-del-giornale-5-1024x683.jpg 1024w, https:\/\/www.lettera43.it\/wp-content\/uploads\/2025\/09\/De-Benedetti-molla-Domani-i-conti-in-rosso-e-il-futuro-del-giornale-5-800x534.jpg 800w, https:\/\/www.lettera43.it\/wp-content\/uploads\/2025\/09\/De-Benedetti-molla-Domani-i-conti-in-rosso-e-il-futuro-del-giornale-5-768x512.jpg 768w, https:\/\/www.lettera43.it\/wp-content\/uploads\/2025\/09\/De-Benedetti-molla-Domani-i-conti-in-rosso-e-il-futuro-del-giornale-5.jpg 1200w\" sizes=\"auto, (max-width: 1024px) 100vw, 1024px\" \/><\/a><figcaption class=\"wp-element-caption\">Carlo De Benedetti (foto Imagoeconomica).<\/figcaption><\/figure>\n\n\n<p>Prospettiva affascinante, quella di vedere Orfeo direttore del telegiornale della rete ammiraglia di <strong>Mediaset<\/strong>: in questo modo gli verrebbe assegnato d\u2019ufficio il \u201c<strong>Grande Slam<\/strong>\u201d del giornalismo italiano, perch\u00e9 nella sua carriera ha gi\u00e0 raggiunto tutti i posti di comando possibili, quelli che pesano davvero, e vederlo pure a <strong>Cologno Monzese<\/strong> sarebbe un vero spettacolo. Se nel tennis il riconoscimento spetta a chi vince i trofei pi\u00f9 prestigiosi del Pianeta, cio\u00e8 Australian Open, Roland Garros, Wimbledon e Us Open, Orfeo vanta un palmar\u00e8s incredibile, perch\u00e9 ha diretto tutti e tre i <strong>telegiornali<\/strong> della <strong>Rai<\/strong>, l\u2019azienda radiotelevisiva pubblica di cui \u00e8 stato anche <strong>direttore generale<\/strong>, e nella carta stampata \u00e8 stato direttore de <em>Il Mattino<\/em>, <em>Il Messaggero<\/em> e <a href=\"https:\/\/www.lettera43.it\/mario-orfeo-nuovo-direttore-repubblica-maurizio-molinari-john-elkann-gedi-maurizio-scanavino\/\"  rel=\"noreferrer noopener\">ora di <em>Repubblica<\/em>, dal 2024<\/a>.<\/p>\n\n\n\n<h2 class=\"wp-block-heading\">Orfeo e quel soprannome che la dice lunga sulla sua capacit\u00e0 di adattarsi<\/h2>\n\n\n\n<p>Un recordman, a tutti gli effetti, con un <strong>curriculum<\/strong> a prova di bomba, inattaccabile, zigzagando tra ogni possibile governo di centro, destra e sinistra, oltre ad aver dimostrato di essere capace di resistere per anni e senza fare una piega di fronte a un editore incontentabile e dal carattere aspro come <strong>Francesco Gaetano Caltagirone<\/strong>, nelle piazze di <strong>Napoli<\/strong> e di <strong>Roma<\/strong>. Che poi sono le pi\u00f9 \u201ccalde\u201d da gestire e non solo nel senso meteorologico, tanto che Orfeo si \u00e8 guadagnato quel soprannome di \u201c<strong>Pongo<\/strong>\u201d che la dice lunga sulla capacit\u00e0 di adattarsi e assumere la forma migliore, rendendosi sempre utile sotto ogni tipo di cielo, evitando acquazzoni e colpi di sole.<\/p>\n\n\n<figure class=\"wp-block-image size-full\"><a href=\"https:\/\/www.lettera43.it\/galleria\/1290313\/1280193\"><img data-has-syndication-rights=\"1\" data-portal-copyright=\"Lettera43\" data-licensor-name=\"Lettera43\" decoding=\"async\" width=\"1200\" height=\"800\" src=\"https:\/\/www.lettera43.it\/wp-content\/uploads\/2026\/01\/CALTA-3.jpg\" alt=\"Mario Orfeo da Repubblica \u201cprenota\u201d il Tg5? Il retroscena\" class=\"wp-image-1280193 lazyload\" title=\"Mario Orfeo da Repubblica \u201cprenota\u201d il Tg5? Il retroscena\" data-src=\"https:\/\/www.lettera43.it\/wp-content\/uploads\/2026\/01\/CALTA-3.jpg\" loading=\"lazy\" data-has-syndication-rights=\"1\" data-licensor-name=\"Lettera43\" srcset=\"https:\/\/www.lettera43.it\/wp-content\/uploads\/2026\/01\/CALTA-3.jpg 1200w, https:\/\/www.lettera43.it\/wp-content\/uploads\/2026\/01\/CALTA-3-800x533.jpg 800w, https:\/\/www.lettera43.it\/wp-content\/uploads\/2026\/01\/CALTA-3-390x260.jpg 390w\" sizes=\"auto, (max-width: 1200px) 100vw, 1200px\" \/><\/a><figcaption class=\"wp-element-caption\">Francesco Gaetano Caltagirone (Imagoeconomica).<\/figcaption><\/figure>\n\n\n<h2 class=\"wp-block-heading\">Incredibile facilit\u00e0 nel tessere pubbliche relazioni con chi conta<\/h2>\n\n\n\n<p>Pubblico o privato per lui pari sono, avendo dimestichezza con il <strong>potere<\/strong> a ogni latitudine. Tra l\u2019altro il 21 marzo per Orfeo sono previsti straordinari festeggiamenti, in occasione del suo compleanno: nel 2026 le candeline da mettere sulla torta sono 60, dato che \u00e8 nato nel 1966. Un evento che si annuncia faraonico, per la \u201ccifra tonda\u201d e la personalit\u00e0 del protagonista, senza dimenticare la sua incredibile capacit\u00e0 di tessere le <strong>pubbliche relazioni<\/strong>, stando al cellulare dalla mattina alla sera per rimanere in contatto con i veri vip della politica, dell\u2019economia e dell\u2019informazione. Un uomo costretto a sobbarcarsi trasferte perigliose e dalle distanze enormi pur di seguire le partite di calcio della <strong>Juventus<\/strong> in tribuna autorit\u00e0, tra gli <strong>Elkann<\/strong> e gli <strong>Agnelli<\/strong>.<\/p>\n\n\n<figure class=\"wp-block-image size-full\"><a href=\"https:\/\/www.lettera43.it\/galleria\/1290313\/1279411\"><img data-has-syndication-rights=\"1\" data-portal-copyright=\"Lettera43\" data-licensor-name=\"Lettera43\" decoding=\"async\" width=\"1200\" height=\"806\" src=\"https:\/\/www.lettera43.it\/wp-content\/uploads\/2026\/01\/Chi-cera-chi-non-e-stato-invitato-e-chi-contestava-alla-festa-di-Repubblica-4.jpg\" alt=\"Mario Orfeo da Repubblica \u201cprenota\u201d il Tg5? Il retroscena\" class=\"wp-image-1279411 lazyload\" title=\"Mario Orfeo da Repubblica \u201cprenota\u201d il Tg5? Il retroscena\" data-src=\"https:\/\/www.lettera43.it\/wp-content\/uploads\/2026\/01\/Chi-cera-chi-non-e-stato-invitato-e-chi-contestava-alla-festa-di-Repubblica-4.jpg\" loading=\"lazy\" data-has-syndication-rights=\"1\" data-licensor-name=\"Lettera43\" srcset=\"https:\/\/www.lettera43.it\/wp-content\/uploads\/2026\/01\/Chi-cera-chi-non-e-stato-invitato-e-chi-contestava-alla-festa-di-Repubblica-4.jpg 1200w, https:\/\/www.lettera43.it\/wp-content\/uploads\/2026\/01\/Chi-cera-chi-non-e-stato-invitato-e-chi-contestava-alla-festa-di-Repubblica-4-800x537.jpg 800w, https:\/\/www.lettera43.it\/wp-content\/uploads\/2026\/01\/Chi-cera-chi-non-e-stato-invitato-e-chi-contestava-alla-festa-di-Repubblica-4-390x262.jpg 390w\" sizes=\"auto, (max-width: 1200px) 100vw, 1200px\" \/><\/a><figcaption class=\"wp-element-caption\">Corrado Augias, Sergio Mattarella, John Elkann, Ezio Mauro e Mario Orfeo (foto Ansa).<\/figcaption><\/figure>\n\n\n<h2 class=\"wp-block-heading\">La ciliegina sulla torta? Il piano che porta addirittura al Quirinale&#8230;<\/h2>\n\n\n\n<p>Ciliegina sulla torta, da anni a Roma gira la voce che qualora <strong>Pier Ferdinando Casini<\/strong> diventasse un giorno <strong>presidente della Repubblica<\/strong>, coronando il sogno di una lunga vita da <strong>democristiano<\/strong> e mettendo d\u2019accordo centro, destra e sinistra, il portavoce e capo della comunicazione al <strong>Quirinale<\/strong> sarebbe&#8230; proprio Mario Orfeo, per un settennato indimenticabile. \u00abA meno che lui stesso non voglia fare il capo dello Stato\u00bb, sibila sorridendo un amico carissimo, anche lui nel mondo del <strong>giornalismo<\/strong>. E, vista l\u2019ambizione del direttore, forse c\u2019\u00e8 poco da scherzare&#8230;<\/p>\n\n\n<figure class=\"wp-block-image size-large\"><a href=\"https:\/\/www.lettera43.it\/galleria\/1290313\/1195917\"><img data-has-syndication-rights=\"1\" data-portal-copyright=\"Lettera43\" data-licensor-name=\"Lettera43\" decoding=\"async\" width=\"1024\" height=\"682\" src=\"https:\/\/www.lettera43.it\/wp-content\/uploads\/2025\/03\/Cingolani-punta-in-alto-con-gli-elicotteri-di-Leonardo-le-pillole-del-giorno-7-1024x682.jpg\" alt=\"Mario Orfeo da Repubblica \u201cprenota\u201d il Tg5? Il retroscena\" class=\"wp-image-1195917 lazyload\" title=\"Mario Orfeo da Repubblica \u201cprenota\u201d il Tg5? Il retroscena\" data-src=\"https:\/\/www.lettera43.it\/wp-content\/uploads\/2025\/03\/Cingolani-punta-in-alto-con-gli-elicotteri-di-Leonardo-le-pillole-del-giorno-7-1024x682.jpg\" loading=\"lazy\" data-has-syndication-rights=\"1\" data-licensor-name=\"Lettera43\" srcset=\"https:\/\/www.lettera43.it\/wp-content\/uploads\/2025\/03\/Cingolani-punta-in-alto-con-gli-elicotteri-di-Leonardo-le-pillole-del-giorno-7-1024x682.jpg 1024w, https:\/\/www.lettera43.it\/wp-content\/uploads\/2025\/03\/Cingolani-punta-in-alto-con-gli-elicotteri-di-Leonardo-le-pillole-del-giorno-7-800x533.jpg 800w, https:\/\/www.lettera43.it\/wp-content\/uploads\/2025\/03\/Cingolani-punta-in-alto-con-gli-elicotteri-di-Leonardo-le-pillole-del-giorno-7-768x512.jpg 768w, https:\/\/www.lettera43.it\/wp-content\/uploads\/2025\/03\/Cingolani-punta-in-alto-con-gli-elicotteri-di-Leonardo-le-pillole-del-giorno-7.jpg 1200w\" sizes=\"auto, (max-width: 1024px) 100vw, 1024px\" \/><\/a><figcaption class=\"wp-element-caption\">Pier Ferdinando Casini (foto Imagoeconomica).<\/figcaption><\/figure>","protected":false},"excerpt":{"rendered":"<p>Il direttore \u00e8 pronto all&#8217;ennesima prova di funambolismo. E con la lettera di Marina Berlusconi pubblicata in prima pagina sembra volersi accreditare come successore di Mimun alla guida del telegiornale della rete ammiraglia di Mediaset. Con un sogno finale nel cassetto&#8230;<\/p>\n","protected":false},"author":4,"featured_media":0,"comment_status":"closed","ping_status":"closed","sticky":false,"template":"","format":"standard","meta":{"om_disable_all_campaigns":false,"_monsterinsights_skip_tracking":false,"_monsterinsights_sitenote_active":false,"_monsterinsights_sitenote_note":"","_monsterinsights_sitenote_category":0,"footnotes":""},"categories":[745,417],"tags":[],"class_list":["post-825814","post","type-post","status-publish","format-standard","hentry","category-attualita","category-corridoi"],"aioseo_notices":[],"_links":{"self":[{"href":"https:\/\/nugnes.com\/index.php?rest_route=\/wp\/v2\/posts\/825814","targetHints":{"allow":["GET"]}}],"collection":[{"href":"https:\/\/nugnes.com\/index.php?rest_route=\/wp\/v2\/posts"}],"about":[{"href":"https:\/\/nugnes.com\/index.php?rest_route=\/wp\/v2\/types\/post"}],"author":[{"embeddable":true,"href":"https:\/\/nugnes.com\/index.php?rest_route=\/wp\/v2\/users\/4"}],"replies":[{"embeddable":true,"href":"https:\/\/nugnes.com\/index.php?rest_route=%2Fwp%2Fv2%2Fcomments&post=825814"}],"version-history":[{"count":1,"href":"https:\/\/nugnes.com\/index.php?rest_route=\/wp\/v2\/posts\/825814\/revisions"}],"predecessor-version":[{"id":825815,"href":"https:\/\/nugnes.com\/index.php?rest_route=\/wp\/v2\/posts\/825814\/revisions\/825815"}],"wp:attachment":[{"href":"https:\/\/nugnes.com\/index.php?rest_route=%2Fwp%2Fv2%2Fmedia&parent=825814"}],"wp:term":[{"taxonomy":"category","embeddable":true,"href":"https:\/\/nugnes.com\/index.php?rest_route=%2Fwp%2Fv2%2Fcategories&post=825814"},{"taxonomy":"post_tag","embeddable":true,"href":"https:\/\/nugnes.com\/index.php?rest_route=%2Fwp%2Fv2%2Ftags&post=825814"}],"curies":[{"name":"wp","href":"https:\/\/api.w.org\/{rel}","templated":true}]}}